{"id":18001,"date":"2021-06-17T02:35:58","date_gmt":"2021-06-17T02:35:58","guid":{"rendered":"https:\/\/latribunera.com\/apuntes\/?p=18001"},"modified":"2021-06-17T17:57:12","modified_gmt":"2021-06-17T17:57:12","slug":"otra-baja-alonso-escoboza-saldra-del-nido","status":"publish","type":"post","link":"https:\/\/latribunera.com\/apuntes\/index.php\/2021\/06\/17\/otra-baja-alonso-escoboza-saldra-del-nido\/","title":{"rendered":"\u00a1Otra baja! Alonso Escoboza saldr\u00e1 del Nido"},"content":{"rendered":"\n<p><\/p>\n\n\n<p><!-- PC 728x90 --><br \/>\n<ins class=\"adsbygoogle\" style=\"width:728px;height:90px\" data-ad-client=\"ca-pub-9427576701762839\" data-ad-slot=\"1011393878\"><\/ins><\/p>\n<p>(adsbygoogle = window.adsbygoogle || []).push({});<\/p>\n\n\n\n<p><\/p>\n\n\n\n<p>Por: Ismael Gonz\u00e1lez \/ @ismagonzalezMX<\/p>\n\n\n\n<p class=\"has-text-align-justify\">Alonso Escoboza se une a las bajas que tendr\u00e1 el Club Am\u00e9rica para el pr\u00f3ximo torneo de liga. Pese a tener contrato vigente con las \u00c1guilas, el futbolista saldr\u00eda a pr\u00e9stamo.<\/p>\n\n\n\n<figure class=\"wp-block-embed-twitter wp-block-embed is-type-rich is-provider-twitter\"><div class=\"wp-block-embed__wrapper\">\n<blockquote class=\"twitter-tweet\" data-width=\"550\" data-dnt=\"true\"><p lang=\"es\" dir=\"ltr\">\ud83d\udea8\u00a1CONFIRMADO!\ud83d\udea8<br><br>Alonso Escoboza no reportar\u00e1 a la pretemporada del Am\u00e9rica y saldr\u00e1 del equipo para el pr\u00f3ximo torneo. \ud83d\udc4b\ud83c\udffc<br><br>Analiza opciones dentro de la Liga MX, Quer\u00e9taro NO ser\u00eda una.\ud83c\uddf2\ud83c\uddfd<br><br>Su salida podr\u00eda ser a pr\u00e9stamo, tiene contrato con las \u00c1guilas hasta el 31\/12\/2022. \ud83d\udcdd <a href=\"https:\/\/t.co\/Y5pKy2otCT\">pic.twitter.com\/Y5pKy2otCT<\/a><\/p>&mdash; Resaca Americanista (@ResacaAmerica) <a href=\"https:\/\/twitter.com\/ResacaAmerica\/status\/1405211192537190405?ref_src=twsrc%5Etfw\">June 16, 2021<\/a><\/blockquote><script async src=\"https:\/\/platform.twitter.com\/widgets.js\" charset=\"utf-8\"><\/script>\n<\/div><\/figure>\n\n\n\n<p><\/p>\n\n\n<p><!-- PC 728x90 --><br \/>\n<ins class=\"adsbygoogle\" style=\"width:728px;height:90px\" data-ad-client=\"ca-pub-9427576701762839\" data-ad-slot=\"1011393878\"><\/ins><\/p>\n<p>(adsbygoogle = window.adsbygoogle || []).push({});<\/p>\n\n\n\n<p><\/p>\n\n\n\n<p class=\"has-text-align-justify\">Escoboza lleg\u00f3 a Coapa a principios del 2020 y tiene contrato hasta el 31 de diciembre de 2022. El jugador de 28 a\u00f1os no reportar\u00e1 con el conjunto americanista y su futuro podr\u00eda estar con los Rayos del Necaxa.<\/p>\n\n\n\n<figure class=\"wp-block-embed-twitter wp-block-embed is-type-rich is-provider-twitter\"><div class=\"wp-block-embed__wrapper\">\n<blockquote class=\"twitter-tweet\" data-width=\"550\" data-dnt=\"true\"><p lang=\"es\" dir=\"ltr\">\ud83d\udea8\u00a1\u00daLTIMO MOMENTO!\ud83d\udea8<br><br>Necaxa es la principal opci\u00f3n de Alonso Escoboza para salir del Am\u00e9rica a pr\u00e9stamo el pr\u00f3ximo torneo. \u27a1\ufe0f\u26a1\ufe0f <a href=\"https:\/\/t.co\/UHSirDSNGz\">pic.twitter.com\/UHSirDSNGz<\/a><\/p>&mdash; Resaca Americanista (@ResacaAmerica) <a href=\"https:\/\/twitter.com\/ResacaAmerica\/status\/1405551629680603147?ref_src=twsrc%5Etfw\">June 17, 2021<\/a><\/blockquote><script async src=\"https:\/\/platform.twitter.com\/widgets.js\" charset=\"utf-8\"><\/script>\n<\/div><\/figure>\n\n\n\n<p class=\"has-text-align-justify\">Con la camiseta de las \u00c1guilas, Escoboza ha disputado 26 juegos y ha dado cuatro asistencias. En el pasado torneo bajo la direcci\u00f3n de Santiago Solari solo tuvo actividad en cuatro partidos del torneo mexicano.<\/p>\n\n\n\n<p class=\"has-text-align-justify\">A esta baja se le podr\u00eda sumar la de Jordan Silva, su continuidad con el club azulcrema a\u00fan sigue pendiente y no se sabe si reportar\u00e1 el pr\u00f3ximo lunes con el resto del equipo.<\/p>\n\n\n\n<p><\/p>\n\n\n<p><!-- PC 728x90 --><br \/>\n<ins class=\"adsbygoogle\" style=\"width:728px;height:90px\" data-ad-client=\"ca-pub-9427576701762839\" data-ad-slot=\"1011393878\"><\/ins><\/p>\n<p>(adsbygoogle = window.adsbygoogle || []).push({});<\/p>\n\n\n\n<figure class=\"wp-block-gallery columns-1 is-cropped wp-block-gallery-1 is-layout-flex wp-block-gallery-is-layout-flex\"><ul class=\"blocks-gallery-grid\"><li class=\"blocks-gallery-item\"><figure><img loading=\"lazy\" decoding=\"async\" width=\"850\" height=\"150\" src=\"https:\/\/latribunera.com\/apuntes\/wp-content\/uploads\/2021\/06\/WhatsApp-Image-2021-06-07-at-15.22.17-7.jpeg\" alt=\"\" data-id=\"17724\" data-full-url=\"https:\/\/latribunera.com\/apuntes\/wp-content\/uploads\/2021\/06\/WhatsApp-Image-2021-06-07-at-15.22.17-7.jpeg\" data-link=\"https:\/\/latribunera.com\/apuntes\/index.php\/2021\/06\/11\/florian-thauvin-ya-llego-a-monterrey\/whatsapp-image-2021-06-07-at-15-22-17-7\/\" class=\"wp-image-17724\" srcset=\"https:\/\/latribunera.com\/apuntes\/wp-content\/uploads\/2021\/06\/WhatsApp-Image-2021-06-07-at-15.22.17-7.jpeg 850w, https:\/\/latribunera.com\/apuntes\/wp-content\/uploads\/2021\/06\/WhatsApp-Image-2021-06-07-at-15.22.17-7-300x53.jpeg 300w, https:\/\/latribunera.com\/apuntes\/wp-content\/uploads\/2021\/06\/WhatsApp-Image-2021-06-07-at-15.22.17-7-768x136.jpeg 768w\" sizes=\"auto, (max-width: 850px) 100vw, 850px\" \/><\/figure><\/li><\/ul><\/figure>\n\n\n\n<figure class=\"wp-block-gallery columns-1 is-cropped wp-block-gallery-2 is-layout-flex wp-block-gallery-is-layout-flex\"><ul class=\"blocks-gallery-grid\"><li class=\"blocks-gallery-item\"><figure><img loading=\"lazy\" decoding=\"async\" width=\"1024\" height=\"1024\" src=\"https:\/\/latribunera.com\/apuntes\/wp-content\/uploads\/2021\/06\/WhatsApp-Image-2021-06-07-at-15.21.51-1024x1024.jpeg\" alt=\"\" data-id=\"17934\" data-full-url=\"https:\/\/latribunera.com\/apuntes\/wp-content\/uploads\/2021\/06\/WhatsApp-Image-2021-06-07-at-15.21.51.jpeg\" data-link=\"https:\/\/latribunera.com\/apuntes\/index.php\/2021\/06\/16\/las-aguilas-con-muchas-bajas\/whatsapp-image-2021-06-07-at-15-21-51\/\" class=\"wp-image-17934\" srcset=\"https:\/\/latribunera.com\/apuntes\/wp-content\/uploads\/2021\/06\/WhatsApp-Image-2021-06-07-at-15.21.51-1024x1024.jpeg 1024w, https:\/\/latribunera.com\/apuntes\/wp-content\/uploads\/2021\/06\/WhatsApp-Image-2021-06-07-at-15.21.51-300x300.jpeg 300w, https:\/\/latribunera.com\/apuntes\/wp-content\/uploads\/2021\/06\/WhatsApp-Image-2021-06-07-at-15.21.51-150x150.jpeg 150w, https:\/\/latribunera.com\/apuntes\/wp-content\/uploads\/2021\/06\/WhatsApp-Image-2021-06-07-at-15.21.51-768x768.jpeg 768w, https:\/\/latribunera.com\/apuntes\/wp-content\/uploads\/2021\/06\/WhatsApp-Image-2021-06-07-at-15.21.51-400x400.jpeg 400w, https:\/\/latribunera.com\/apuntes\/wp-content\/uploads\/2021\/06\/WhatsApp-Image-2021-06-07-at-15.21.51.jpeg 1080w\" sizes=\"auto, (max-width: 1024px) 100vw, 1024px\" \/><\/figure><\/li><\/ul><\/figure>\n\n\n\n<p><strong><a href=\"https:\/\/latribunera.com\/tienda.php#!\/Hat-Trick-\u00c1guila\/p\/208787555\/category=0\">CLICK AQU\u00cd<\/a><\/strong><\/p>\n","protected":false},"excerpt":{"rendered":"<p>Por: Ismael Gonz\u00e1lez \/ @ismagonzalezMX Alonso Escoboza se une a las bajas que tendr\u00e1 el Club Am\u00e9rica para el pr\u00f3ximo torneo de liga. Pese a tener contrato vigente con las \u00c1guilas, el futbolista saldr\u00eda a pr\u00e9stamo. Escoboza lleg\u00f3 a Coapa a principios del 2020 y tiene contrato hasta el 31 de diciembre de 2022. El&#8230; <\/p>\n<div class=\"clear\"><\/div>\n<p><a href=\"https:\/\/latribunera.com\/apuntes\/index.php\/2021\/06\/17\/otra-baja-alonso-escoboza-saldra-del-nido\/\" class=\"excerpt-read-more\">Read More<i class=\"fa fa-caret-right icon-caret-right\"><\/i><\/a><\/p>\n","protected":false},"author":31,"featured_media":18003,"comment_status":"open","ping_status":"open","sticky":false,"template":"","format":"standard","meta":{"_jetpack_memberships_contains_paid_content":false,"footnotes":""},"categories":[231,3,2,525],"tags":[354],"class_list":["post-18001","post","type-post","status-publish","format-standard","has-post-thumbnail","hentry","category-apuntes","category-futbol","category-futbol-mexicano","category-resacaamericanista","tag-club-america"],"jetpack_featured_media_url":"https:\/\/latribunera.com\/apuntes\/wp-content\/uploads\/2021\/06\/alonso-escoboza-america-clausura-2020_3dtof8kcqtmd1sp00i6nj1uxg.jpg","jetpack-related-posts":[{"id":45386,"url":"https:\/\/latribunera.com\/apuntes\/index.php\/2026\/03\/11\/santos-launa-impulsa-mejoras-en-la-infraestructura-de-tsm-y-estadio-corona\/","url_meta":{"origin":18001,"position":0},"title":"Santos Laguna impulsa mejoras en la infraestructura de TSM y Estadio Corona","author":"Jacob Alarcon","date":"11 marzo, 2026","format":false,"excerpt":"Club Santos Laguna lleva a cabo una serie de reformas y mejoras en la infraestructura de TerritorioSantos Modelo y del Estadio Corona, con el objetivo de impulsar la innovaci\u00f3n tecnol\u00f3gica, lasostenibilidad y la modernizaci\u00f3n de sus espacios.Con estas acciones, el club contin\u00faa fortaleciendo la experiencia de sus aficionados yactualizando sus\u2026","rel":"","context":"In &quot;Pasi\u00f3n Guerrera&quot;","block_context":{"text":"Pasi\u00f3n Guerrera","link":"https:\/\/latribunera.com\/apuntes\/index.php\/category\/tribus\/pasionguerrera\/"},"img":{"alt_text":"","src":"https:\/\/i0.wp.com\/latribunera.com\/apuntes\/wp-content\/uploads\/2026\/03\/Renovacion-TSM.jpg?resize=350%2C200&ssl=1","width":350,"height":200,"srcset":"https:\/\/i0.wp.com\/latribunera.com\/apuntes\/wp-content\/uploads\/2026\/03\/Renovacion-TSM.jpg?resize=350%2C200&ssl=1 1x, https:\/\/i0.wp.com\/latribunera.com\/apuntes\/wp-content\/uploads\/2026\/03\/Renovacion-TSM.jpg?resize=525%2C300&ssl=1 1.5x, https:\/\/i0.wp.com\/latribunera.com\/apuntes\/wp-content\/uploads\/2026\/03\/Renovacion-TSM.jpg?resize=700%2C400&ssl=1 2x, https:\/\/i0.wp.com\/latribunera.com\/apuntes\/wp-content\/uploads\/2026\/03\/Renovacion-TSM.jpg?resize=1050%2C600&ssl=1 3x, https:\/\/i0.wp.com\/latribunera.com\/apuntes\/wp-content\/uploads\/2026\/03\/Renovacion-TSM.jpg?resize=1400%2C800&ssl=1 4x"},"classes":[]},{"id":45392,"url":"https:\/\/latribunera.com\/apuntes\/index.php\/2026\/04\/09\/se-presento-la-13va-edicion-del-guerreton\/","url_meta":{"origin":18001,"position":1},"title":"Se presento la 13va edici\u00f3n del Guerret\u00f3n.","author":"Staff","date":"9 abril, 2026","format":false,"excerpt":"A lo largo de sus primeras 12 ediciones, Guerret\u00f3n ha logrado recolectar m\u00e1s de 121,500juguetes, peluches y balones, beneficiando a diversas asociaciones e instituciones de laregi\u00f3n lagunera, entre ellas CRIT Durango, los sistemas DIF de distintos municipios, as\u00edcomo organizaciones educativas y asistenciales. A la fecha, se han instalado cuatro ludotecas\u2026","rel":"","context":"In &quot;Ganar Sirviendo&quot;","block_context":{"text":"Ganar Sirviendo","link":"https:\/\/latribunera.com\/apuntes\/index.php\/category\/futbol\/futbol-mexicano\/ganar-sirviendo\/"},"img":{"alt_text":"","src":"https:\/\/i0.wp.com\/latribunera.com\/apuntes\/wp-content\/uploads\/2026\/04\/9Guerreton-2026-2.jpg.jpeg?resize=350%2C200&ssl=1","width":350,"height":200,"srcset":"https:\/\/i0.wp.com\/latribunera.com\/apuntes\/wp-content\/uploads\/2026\/04\/9Guerreton-2026-2.jpg.jpeg?resize=350%2C200&ssl=1 1x, https:\/\/i0.wp.com\/latribunera.com\/apuntes\/wp-content\/uploads\/2026\/04\/9Guerreton-2026-2.jpg.jpeg?resize=525%2C300&ssl=1 1.5x, https:\/\/i0.wp.com\/latribunera.com\/apuntes\/wp-content\/uploads\/2026\/04\/9Guerreton-2026-2.jpg.jpeg?resize=700%2C400&ssl=1 2x, https:\/\/i0.wp.com\/latribunera.com\/apuntes\/wp-content\/uploads\/2026\/04\/9Guerreton-2026-2.jpg.jpeg?resize=1050%2C600&ssl=1 3x, https:\/\/i0.wp.com\/latribunera.com\/apuntes\/wp-content\/uploads\/2026\/04\/9Guerreton-2026-2.jpg.jpeg?resize=1400%2C800&ssl=1 4x"},"classes":[]},{"id":45421,"url":"https:\/\/latribunera.com\/apuntes\/index.php\/2026\/04\/16\/todo-listo-para-la-14va-edicion-de-la-copa-internacional-santos-penoles\/","url_meta":{"origin":18001,"position":2},"title":"Todo listo para la 14va edici\u00f3n de la Copa Internacional Santos Pe\u00f1oles","author":"Jacob Alarcon","date":"16 abril, 2026","format":false,"excerpt":"Este jueves, en el Auditorio Orlegi de Territorio Santos Modelo, se llev\u00f3 a cabo la presentaci\u00f3noficial de la edici\u00f3n 2026 de la Copa Internacional Santos Pe\u00f1oles, torneo que se ha consolidadocomo uno de los m\u00e1s importantes a nivel infantil y juvenil en M\u00e9xico. Adem\u00e1s de brindar una competencia deportiva de\u2026","rel":"","context":"In &quot;Sin categor\u00eda&quot;","block_context":{"text":"Sin categor\u00eda","link":"https:\/\/latribunera.com\/apuntes\/index.php\/category\/sin-categoria\/"},"img":{"alt_text":"","src":"https:\/\/i0.wp.com\/latribunera.com\/apuntes\/wp-content\/uploads\/2026\/04\/Presentacion-Copa-Santos-Penoles.jpg?resize=350%2C200&ssl=1","width":350,"height":200,"srcset":"https:\/\/i0.wp.com\/latribunera.com\/apuntes\/wp-content\/uploads\/2026\/04\/Presentacion-Copa-Santos-Penoles.jpg?resize=350%2C200&ssl=1 1x, https:\/\/i0.wp.com\/latribunera.com\/apuntes\/wp-content\/uploads\/2026\/04\/Presentacion-Copa-Santos-Penoles.jpg?resize=525%2C300&ssl=1 1.5x, https:\/\/i0.wp.com\/latribunera.com\/apuntes\/wp-content\/uploads\/2026\/04\/Presentacion-Copa-Santos-Penoles.jpg?resize=700%2C400&ssl=1 2x, https:\/\/i0.wp.com\/latribunera.com\/apuntes\/wp-content\/uploads\/2026\/04\/Presentacion-Copa-Santos-Penoles.jpg?resize=1050%2C600&ssl=1 3x, https:\/\/i0.wp.com\/latribunera.com\/apuntes\/wp-content\/uploads\/2026\/04\/Presentacion-Copa-Santos-Penoles.jpg?resize=1400%2C800&ssl=1 4x"},"classes":[]}],"jetpack_sharing_enabled":true,"_links":{"self":[{"href":"https:\/\/latribunera.com\/apuntes\/index.php\/wp-json\/wp\/v2\/posts\/18001","targetHints":{"allow":["GET"]}}],"collection":[{"href":"https:\/\/latribunera.com\/apuntes\/index.php\/wp-json\/wp\/v2\/posts"}],"about":[{"href":"https:\/\/latribunera.com\/apuntes\/index.php\/wp-json\/wp\/v2\/types\/post"}],"author":[{"embeddable":true,"href":"https:\/\/latribunera.com\/apuntes\/index.php\/wp-json\/wp\/v2\/users\/31"}],"replies":[{"embeddable":true,"href":"https:\/\/latribunera.com\/apuntes\/index.php\/wp-json\/wp\/v2\/comments?post=18001"}],"version-history":[{"count":6,"href":"https:\/\/latribunera.com\/apuntes\/index.php\/wp-json\/wp\/v2\/posts\/18001\/revisions"}],"predecessor-version":[{"id":18061,"href":"https:\/\/latribunera.com\/apuntes\/index.php\/wp-json\/wp\/v2\/posts\/18001\/revisions\/18061"}],"wp:featuredmedia":[{"embeddable":true,"href":"https:\/\/latribunera.com\/apuntes\/index.php\/wp-json\/wp\/v2\/media\/18003"}],"wp:attachment":[{"href":"https:\/\/latribunera.com\/apuntes\/index.php\/wp-json\/wp\/v2\/media?parent=18001"}],"wp:term":[{"taxonomy":"category","embeddable":true,"href":"https:\/\/latribunera.com\/apuntes\/index.php\/wp-json\/wp\/v2\/categories?post=18001"},{"taxonomy":"post_tag","embeddable":true,"href":"https:\/\/latribunera.com\/apuntes\/index.php\/wp-json\/wp\/v2\/tags?post=18001"}],"curies":[{"name":"wp","href":"https:\/\/api.w.org\/{rel}","templated":true}]}}