{"id":18063,"date":"2021-06-17T18:28:07","date_gmt":"2021-06-17T18:28:07","guid":{"rendered":"https:\/\/latribunera.com\/apuntes\/?p=18063"},"modified":"2021-06-17T18:28:26","modified_gmt":"2021-06-17T18:28:26","slug":"dorlan-youre-next","status":"publish","type":"post","link":"https:\/\/latribunera.com\/apuntes\/index.php\/2021\/06\/17\/dorlan-youre-next\/","title":{"rendered":"Dorlan: You&#8217;re next"},"content":{"rendered":"\n<p><\/p>\n\n\n<p><script async src=\"https:\/\/pagead2.googlesyndication.com\/pagead\/js\/adsbygoogle.js\"><\/script><br \/>\n<!-- PC 728x90 --><br \/>\n<ins class=\"adsbygoogle\"\nstyle=\"display:inline-block;width:728px;height:90px\"\ndata-ad-client=\"ca-pub-9427576701762839\"\ndata-ad-slot=\"1011393878\"><\/ins><br \/>\n<script>\n(adsbygoogle = window.adsbygoogle || []).push({});\n<\/script><\/p>\n\n\n\n<p><\/p>\n\n\n\n<p>Se cumpli\u00f3 lo que mucho se pidi\u00f3, al fin lleg\u00f3 el taaaaaaaaaan esperado anuncio d\u00e1ndole las gracias a Hugo, pero, \u00bfya se complet\u00f3 la limpia?<\/p>\n\n\n\n<p>Tan pronto\nRayados hizo oficial la salida del arquero e inmediatamente gran parte de la\nafici\u00f3n empezamos a poner la mira en el pr\u00f3ximo objetivo: Dorlan Pab\u00f3n.<\/p>\n\n\n\n<p>Hablar de\nDorlan es entrar a un mar de opiniones divididas respecto a su desempe\u00f1o y su\nestad\u00eda en el Club. As\u00ed como hay qui\u00e9nes pedimos su salida (desde hace tiempo),\nhay aficionados que coinciden en darle una nueva oportunidad.<\/p>\n\n\n\n<p>El tema con Pab\u00f3n no se trata de pedir su salida nada m\u00e1s porque si o nada m\u00e1s porque &#8220;buscamos un culpable&#8221;, esto es en base a rendimiento, el cual es muy cuestionable. Muchos dicen, &#8220;es el mejor asistidor&#8221;, ok, pero, \u00bfesa estad\u00edstica es de hace cu\u00e1nto?, \u00bfseguiremos viviendo del 2019?, en mi opini\u00f3n, no deber\u00edamos. <\/p>\n\n\n\n<p>Dejando a un lado el &#8220;juego cuando quiero&#8221; y otras cuestiones, futbol\u00edsticamente, Pab\u00f3n ha estado por mucho muy debajo del nivel mostrado en sus primeros a\u00f1os.<\/p>\n\n\n\n<p>Ahora bien,\nsi vamos al tema de estad\u00edsticas, el colombiano tiene 1 gol y 6 asistencias\nentre Liga y CONCACAF en 24 partidos jugados entre Apertura 2020 y Clausura\n2021. No es un tema de capricho, ni tampoco es pedir por pedir la salida de\nalguien, es por rendimiento. <\/p>\n\n\n\n<p>Y s\u00ed, tal como dice el nombre de la pel\u00edcula dirigida por Adam Wingard y estrenada en el 2011, Dorlan: You&#8217;re next.<\/p>\n\n\n<p><script async src=\"https:\/\/pagead2.googlesyndication.com\/pagead\/js\/adsbygoogle.js\"><\/script><br \/>\n<!-- PC 728x90 --><br \/>\n<ins class=\"adsbygoogle\"\nstyle=\"display:inline-block;width:728px;height:90px\"\ndata-ad-client=\"ca-pub-9427576701762839\"\ndata-ad-slot=\"1011393878\"><\/ins><br \/>\n<script>\n(adsbygoogle = window.adsbygoogle || []).push({});\n<\/script><\/p>\n\n\n\n<p><strong>TAMBI\u00c9N TE PUEDE INTERESAR&#8230;<\/strong><\/p>\n\n\n\n<figure class=\"wp-block-embed-youtube wp-block-embed is-type-video is-provider-youtube wp-embed-aspect-16-9 wp-has-aspect-ratio\"><div class=\"wp-block-embed__wrapper\">\n<iframe loading=\"lazy\" title=\"\u00bfFUNES MORI A LA SELECCI\u00d3N MEXICANA?\" width=\"960\" height=\"540\" src=\"https:\/\/www.youtube.com\/embed\/Q_fmB7PSCwU?feature=oembed\" frameborder=\"0\" allow=\"accelerometer; autoplay; clipboard-write; encrypted-media; gyroscope; picture-in-picture\" allowfullscreen><\/iframe>\n<\/div><\/figure>\n\n\n\n<p><\/p>\n\n\n<p><script async src=\"https:\/\/pagead2.googlesyndication.com\/pagead\/js\/adsbygoogle.js\"><\/script><br \/>\n<!-- PC 728x90 --><br \/>\n<ins class=\"adsbygoogle\"\nstyle=\"display:inline-block;width:728px;height:90px\"\ndata-ad-client=\"ca-pub-9427576701762839\"\ndata-ad-slot=\"1011393878\"><\/ins><br \/>\n<script>\n(adsbygoogle = window.adsbygoogle || []).push({});\n<\/script><\/p>\n","protected":false},"excerpt":{"rendered":"<p>Se cumpli\u00f3 lo que mucho se pidi\u00f3, al fin lleg\u00f3 el taaaaaaaaaan esperado anuncio d\u00e1ndole las gracias a Hugo, pero, \u00bfya se complet\u00f3 la limpia? Tan pronto Rayados hizo oficial la salida del arquero e inmediatamente gran parte de la afici\u00f3n empezamos a poner la mira en el pr\u00f3ximo objetivo: Dorlan Pab\u00f3n. Hablar de Dorlan&#8230; <\/p>\n<div class=\"clear\"><\/div>\n<p><a href=\"https:\/\/latribunera.com\/apuntes\/index.php\/2021\/06\/17\/dorlan-youre-next\/\" class=\"excerpt-read-more\">Read More<i class=\"fa fa-caret-right icon-caret-right\"><\/i><\/a><\/p>\n","protected":false},"author":21,"featured_media":18064,"comment_status":"open","ping_status":"open","sticky":false,"template":"","format":"standard","meta":{"_jetpack_memberships_contains_paid_content":false,"footnotes":""},"categories":[231,3,2,277],"tags":[538,6],"class_list":["post-18063","post","type-post","status-publish","format-standard","has-post-thumbnail","hentry","category-apuntes","category-futbol","category-futbol-mexicano","category-zonarayada","tag-dorlan-pabon","tag-rayados"],"jetpack_featured_media_url":"https:\/\/latribunera.com\/apuntes\/wp-content\/uploads\/2021\/06\/EvLI6rNVgAAa0cc.jpg","jetpack-related-posts":[{"id":45392,"url":"https:\/\/latribunera.com\/apuntes\/index.php\/2026\/04\/09\/se-presento-la-13va-edicion-del-guerreton\/","url_meta":{"origin":18063,"position":0},"title":"Se presento la 13va edici\u00f3n del Guerret\u00f3n.","author":"Staff","date":"9 abril, 2026","format":false,"excerpt":"A lo largo de sus primeras 12 ediciones, Guerret\u00f3n ha logrado recolectar m\u00e1s de 121,500juguetes, peluches y balones, beneficiando a diversas asociaciones e instituciones de laregi\u00f3n lagunera, entre ellas CRIT Durango, los sistemas DIF de distintos municipios, as\u00edcomo organizaciones educativas y asistenciales. A la fecha, se han instalado cuatro ludotecas\u2026","rel":"","context":"In &quot;Ganar Sirviendo&quot;","block_context":{"text":"Ganar Sirviendo","link":"https:\/\/latribunera.com\/apuntes\/index.php\/category\/futbol\/futbol-mexicano\/ganar-sirviendo\/"},"img":{"alt_text":"","src":"https:\/\/i0.wp.com\/latribunera.com\/apuntes\/wp-content\/uploads\/2026\/04\/9Guerreton-2026-2.jpg.jpeg?resize=350%2C200&ssl=1","width":350,"height":200,"srcset":"https:\/\/i0.wp.com\/latribunera.com\/apuntes\/wp-content\/uploads\/2026\/04\/9Guerreton-2026-2.jpg.jpeg?resize=350%2C200&ssl=1 1x, https:\/\/i0.wp.com\/latribunera.com\/apuntes\/wp-content\/uploads\/2026\/04\/9Guerreton-2026-2.jpg.jpeg?resize=525%2C300&ssl=1 1.5x, https:\/\/i0.wp.com\/latribunera.com\/apuntes\/wp-content\/uploads\/2026\/04\/9Guerreton-2026-2.jpg.jpeg?resize=700%2C400&ssl=1 2x, https:\/\/i0.wp.com\/latribunera.com\/apuntes\/wp-content\/uploads\/2026\/04\/9Guerreton-2026-2.jpg.jpeg?resize=1050%2C600&ssl=1 3x, https:\/\/i0.wp.com\/latribunera.com\/apuntes\/wp-content\/uploads\/2026\/04\/9Guerreton-2026-2.jpg.jpeg?resize=1400%2C800&ssl=1 4x"},"classes":[]}],"jetpack_sharing_enabled":true,"_links":{"self":[{"href":"https:\/\/latribunera.com\/apuntes\/index.php\/wp-json\/wp\/v2\/posts\/18063","targetHints":{"allow":["GET"]}}],"collection":[{"href":"https:\/\/latribunera.com\/apuntes\/index.php\/wp-json\/wp\/v2\/posts"}],"about":[{"href":"https:\/\/latribunera.com\/apuntes\/index.php\/wp-json\/wp\/v2\/types\/post"}],"author":[{"embeddable":true,"href":"https:\/\/latribunera.com\/apuntes\/index.php\/wp-json\/wp\/v2\/users\/21"}],"replies":[{"embeddable":true,"href":"https:\/\/latribunera.com\/apuntes\/index.php\/wp-json\/wp\/v2\/comments?post=18063"}],"version-history":[{"count":2,"href":"https:\/\/latribunera.com\/apuntes\/index.php\/wp-json\/wp\/v2\/posts\/18063\/revisions"}],"predecessor-version":[{"id":18066,"href":"https:\/\/latribunera.com\/apuntes\/index.php\/wp-json\/wp\/v2\/posts\/18063\/revisions\/18066"}],"wp:featuredmedia":[{"embeddable":true,"href":"https:\/\/latribunera.com\/apuntes\/index.php\/wp-json\/wp\/v2\/media\/18064"}],"wp:attachment":[{"href":"https:\/\/latribunera.com\/apuntes\/index.php\/wp-json\/wp\/v2\/media?parent=18063"}],"wp:term":[{"taxonomy":"category","embeddable":true,"href":"https:\/\/latribunera.com\/apuntes\/index.php\/wp-json\/wp\/v2\/categories?post=18063"},{"taxonomy":"post_tag","embeddable":true,"href":"https:\/\/latribunera.com\/apuntes\/index.php\/wp-json\/wp\/v2\/tags?post=18063"}],"curies":[{"name":"wp","href":"https:\/\/api.w.org\/{rel}","templated":true}]}}