{"id":18151,"date":"2021-06-19T21:03:28","date_gmt":"2021-06-19T21:03:28","guid":{"rendered":"https:\/\/latribunera.com\/apuntes\/?p=18151"},"modified":"2021-06-19T21:03:32","modified_gmt":"2021-06-19T21:03:32","slug":"el-polemico-llamado-de-funes-mori-a-la-seleccion-mexicana","status":"publish","type":"post","link":"https:\/\/latribunera.com\/apuntes\/index.php\/2021\/06\/19\/el-polemico-llamado-de-funes-mori-a-la-seleccion-mexicana\/","title":{"rendered":"El pol\u00e9mico llamado de Funes Mori a la Selecci\u00f3n Mexicana"},"content":{"rendered":"<p><script async src=\"https:\/\/pagead2.googlesyndication.com\/pagead\/js\/adsbygoogle.js\"><\/script><br \/>\n<!-- PC 728x90 --><br \/>\n<ins class=\"adsbygoogle\"\nstyle=\"display:inline-block;width:728px;height:90px\"\ndata-ad-client=\"ca-pub-9427576701762839\"\ndata-ad-slot=\"1011393878\"><\/ins><br \/>\n<script>\n(adsbygoogle = window.adsbygoogle || []).push({});\n<\/script><\/p>\n\n\n\n<p><\/p>\n\n\n\n<p>Por Eduardo Ru\u00edz<\/p>\n\n\n\n<p>El llamado de Rogelio Funes Mori a la lista preliminar\nde la Selecci\u00f3n Mexicana ha generado mucha pol\u00e9mica entre los analistas de las\nprincipales cadenas, as\u00ed como en la afici\u00f3n tricolor. Sin embargo, la falta de delanteros\nprecisos y constantes provocaron que Gerardo Martino tuviera en mente al\natacante de Mendoza, \u00bfRealmente har\u00e1 una diferencia?<\/p>\n\n\n\n<p>La \u00e9poca de Javier \u2018Chicharito\u2019 Hern\u00e1ndez parece que\nha llegado a su fin, aunque el mexicano se aferra en alzar la mano para ser\nconsiderado por el \u2018Tata\u2019. Pero, los dos \u00faltimos a\u00f1os que atraves\u00f3 el\nfutbolista del LA Galaxy no pasan por alto la mala racha que atraves\u00f3 desde que\nlleg\u00f3 a Estados Unidos, es verdad que ha generado goles, aunque eso no\nsignifica que haga lo mismo con M\u00e9xico en la Copa Oro. <\/p>\n\n\n\n<p>El entrenador argentino necesita a toda urgencia el\nt\u00edtulo de la zona para recuperar el \u00e1nimo que posiblemente perdi\u00f3 despu\u00e9s de\ncaer ante Estados Unidos en la Nations League. Por lo que, el \u2018Goleador\nhist\u00f3rico\u2019 podr\u00eda ser un arma de doble filo y un peligro para el vestidor\nazteca.<\/p>\n\n\n\n<p>Hay jugadores que no sirven para selecci\u00f3n, uno de\nellos es Henry Martin y Alan Pulido. Ambos futbolistas podr\u00e1n generar muchas\njugadas, marcar goles importantes en sus clubes; sin embargo, al momento de\nportar la casaca verde su rendimiento cae y se vuelve inservibles dentro del\ncampo, lejos de apoyar al resto del equipo. Lo m\u00e1s gracioso es que el delantero\namericanista probablemente ir\u00e1 a Juegos Ol\u00edmpicos con Jimmy Lozano ante la\ninoperancia de J. J. Mac\u00edas o Alexis Vega.<\/p>\n\n\n\n<p>Existe una clara ausencia de centros delanteros en la\nSelecci\u00f3n Mexicana, la lesi\u00f3n de Ra\u00fal Jim\u00e9nez ha afectado a la escuadra\nnacional, aunque lo m\u00e1s razonable ser\u00eda que existieran m\u00e1s opciones que\nlucharan por un lugar en la titularidad y que no dependieran los goles de un s\u00f3lo\njugador. <\/p>\n\n\n\n<p>Ahora suena el nombre de Rogelio Funes Mori, es verdad\nque no tuvo el mejor de sus torneos con Monterrey y que tampoco es el atacante\nestrella que algunos creen, pero si puede ser la soluci\u00f3n para que el resto\nabra los ojos. \u00bfUn argentino me quit\u00f3 el lugar? Eso es algo que a cualquier\nmexicano de hueso colorado le arder\u00eda, una llamada de atenci\u00f3n para aquellos\nque creen tener un sitio asegurado.<\/p>\n\n\n\n<p>La Copa Oro es el pretexto ideal para que el Mellizo les meta un calambre a los arietes. En una de esas resulta una bomba que explota en el campeonato de la CONCACAF y se termina por resolver la hip\u00f3tesis que todo el pa\u00eds tiene: \u00bfM\u00e9xico necesita de naturalizados para ganar?<\/p>\n\n\n<p><script async src=\"https:\/\/pagead2.googlesyndication.com\/pagead\/js\/adsbygoogle.js\"><\/script><br \/>\n<!-- PC 728x90 --><br \/>\n<ins class=\"adsbygoogle\"\nstyle=\"display:inline-block;width:728px;height:90px\"\ndata-ad-client=\"ca-pub-9427576701762839\"\ndata-ad-slot=\"1011393878\"><\/ins><br \/>\n<script>\n(adsbygoogle = window.adsbygoogle || []).push({});\n<\/script><\/p>\n\n\n\n<p><\/p>\n\n\n\n<figure class=\"wp-block-embed-youtube wp-block-embed is-type-video is-provider-youtube wp-embed-aspect-16-9 wp-has-aspect-ratio\"><div class=\"wp-block-embed__wrapper\">\n<iframe loading=\"lazy\" title=\"\u00bfFUNES MORI A LA SELECCI\u00d3N MEXICANA?\" width=\"960\" height=\"540\" src=\"https:\/\/www.youtube.com\/embed\/Q_fmB7PSCwU?feature=oembed\" frameborder=\"0\" allow=\"accelerometer; autoplay; clipboard-write; encrypted-media; gyroscope; picture-in-picture\" allowfullscreen><\/iframe>\n<\/div><\/figure>\n","protected":false},"excerpt":{"rendered":"<p>Por Eduardo Ru\u00edz El llamado de Rogelio Funes Mori a la lista preliminar de la Selecci\u00f3n Mexicana ha generado mucha pol\u00e9mica entre los analistas de las principales cadenas, as\u00ed como en la afici\u00f3n tricolor. Sin embargo, la falta de delanteros precisos y constantes provocaron que Gerardo Martino tuviera en mente al atacante de Mendoza, \u00bfRealmente&#8230; <\/p>\n<div class=\"clear\"><\/div>\n<p><a href=\"https:\/\/latribunera.com\/apuntes\/index.php\/2021\/06\/19\/el-polemico-llamado-de-funes-mori-a-la-seleccion-mexicana\/\" class=\"excerpt-read-more\">Read More<i class=\"fa fa-caret-right icon-caret-right\"><\/i><\/a><\/p>\n","protected":false},"author":9,"featured_media":18152,"comment_status":"open","ping_status":"open","sticky":false,"template":"","format":"standard","meta":{"_jetpack_memberships_contains_paid_content":false,"footnotes":""},"categories":[231,3,229,228,277],"tags":[437],"class_list":["post-18151","post","type-post","status-publish","format-standard","has-post-thumbnail","hentry","category-apuntes","category-futbol","category-mexico","category-selecciones-nacionales","category-zonarayada","tag-funes-mori"],"jetpack_featured_media_url":"https:\/\/latribunera.com\/apuntes\/wp-content\/uploads\/2021\/06\/99264__MG_6945.jpg","jetpack-related-posts":[{"id":45386,"url":"https:\/\/latribunera.com\/apuntes\/index.php\/2026\/03\/11\/santos-launa-impulsa-mejoras-en-la-infraestructura-de-tsm-y-estadio-corona\/","url_meta":{"origin":18151,"position":0},"title":"Santos Laguna impulsa mejoras en la infraestructura de TSM y Estadio Corona","author":"Jacob Alarcon","date":"11 marzo, 2026","format":false,"excerpt":"Club Santos Laguna lleva a cabo una serie de reformas y mejoras en la infraestructura de TerritorioSantos Modelo y del Estadio Corona, con el objetivo de impulsar la innovaci\u00f3n tecnol\u00f3gica, lasostenibilidad y la modernizaci\u00f3n de sus espacios.Con estas acciones, el club contin\u00faa fortaleciendo la experiencia de sus aficionados yactualizando sus\u2026","rel":"","context":"In &quot;Pasi\u00f3n Guerrera&quot;","block_context":{"text":"Pasi\u00f3n Guerrera","link":"https:\/\/latribunera.com\/apuntes\/index.php\/category\/tribus\/pasionguerrera\/"},"img":{"alt_text":"","src":"https:\/\/i0.wp.com\/latribunera.com\/apuntes\/wp-content\/uploads\/2026\/03\/Renovacion-TSM.jpg?resize=350%2C200&ssl=1","width":350,"height":200,"srcset":"https:\/\/i0.wp.com\/latribunera.com\/apuntes\/wp-content\/uploads\/2026\/03\/Renovacion-TSM.jpg?resize=350%2C200&ssl=1 1x, https:\/\/i0.wp.com\/latribunera.com\/apuntes\/wp-content\/uploads\/2026\/03\/Renovacion-TSM.jpg?resize=525%2C300&ssl=1 1.5x, https:\/\/i0.wp.com\/latribunera.com\/apuntes\/wp-content\/uploads\/2026\/03\/Renovacion-TSM.jpg?resize=700%2C400&ssl=1 2x, https:\/\/i0.wp.com\/latribunera.com\/apuntes\/wp-content\/uploads\/2026\/03\/Renovacion-TSM.jpg?resize=1050%2C600&ssl=1 3x, https:\/\/i0.wp.com\/latribunera.com\/apuntes\/wp-content\/uploads\/2026\/03\/Renovacion-TSM.jpg?resize=1400%2C800&ssl=1 4x"},"classes":[]}],"jetpack_sharing_enabled":true,"_links":{"self":[{"href":"https:\/\/latribunera.com\/apuntes\/index.php\/wp-json\/wp\/v2\/posts\/18151","targetHints":{"allow":["GET"]}}],"collection":[{"href":"https:\/\/latribunera.com\/apuntes\/index.php\/wp-json\/wp\/v2\/posts"}],"about":[{"href":"https:\/\/latribunera.com\/apuntes\/index.php\/wp-json\/wp\/v2\/types\/post"}],"author":[{"embeddable":true,"href":"https:\/\/latribunera.com\/apuntes\/index.php\/wp-json\/wp\/v2\/users\/9"}],"replies":[{"embeddable":true,"href":"https:\/\/latribunera.com\/apuntes\/index.php\/wp-json\/wp\/v2\/comments?post=18151"}],"version-history":[{"count":2,"href":"https:\/\/latribunera.com\/apuntes\/index.php\/wp-json\/wp\/v2\/posts\/18151\/revisions"}],"predecessor-version":[{"id":18154,"href":"https:\/\/latribunera.com\/apuntes\/index.php\/wp-json\/wp\/v2\/posts\/18151\/revisions\/18154"}],"wp:featuredmedia":[{"embeddable":true,"href":"https:\/\/latribunera.com\/apuntes\/index.php\/wp-json\/wp\/v2\/media\/18152"}],"wp:attachment":[{"href":"https:\/\/latribunera.com\/apuntes\/index.php\/wp-json\/wp\/v2\/media?parent=18151"}],"wp:term":[{"taxonomy":"category","embeddable":true,"href":"https:\/\/latribunera.com\/apuntes\/index.php\/wp-json\/wp\/v2\/categories?post=18151"},{"taxonomy":"post_tag","embeddable":true,"href":"https:\/\/latribunera.com\/apuntes\/index.php\/wp-json\/wp\/v2\/tags?post=18151"}],"curies":[{"name":"wp","href":"https:\/\/api.w.org\/{rel}","templated":true}]}}