{"id":18160,"date":"2021-06-20T05:41:07","date_gmt":"2021-06-20T05:41:07","guid":{"rendered":"https:\/\/latribunera.com\/apuntes\/?p=18160"},"modified":"2021-06-20T05:41:11","modified_gmt":"2021-06-20T05:41:11","slug":"quienes-integran-al-tricolor","status":"publish","type":"post","link":"https:\/\/latribunera.com\/apuntes\/index.php\/2021\/06\/20\/quienes-integran-al-tricolor\/","title":{"rendered":"\u00bfQui\u00e9nes integran al Tricolor?"},"content":{"rendered":"<p><script async src=\"https:\/\/pagead2.googlesyndication.com\/pagead\/js\/adsbygoogle.js\"><\/script><br \/>\n<!-- PC 728x90 --><br \/>\n<ins class=\"adsbygoogle\"\nstyle=\"display:inline-block;width:728px;height:90px\"\ndata-ad-client=\"ca-pub-9427576701762839\"\ndata-ad-slot=\"1011393878\"><\/ins><br \/>\n<script>\n(adsbygoogle = window.adsbygoogle || []).push({});\n<\/script><\/p>\n\n\n\n<p><\/p>\n\n\n\n<p>Por\nVenustiano Carranza<\/p>\n\n\n\n<p>El verano\nllega y cada vez m\u00e1s cerca de ver a la Selecci\u00f3n Mexicana jugando la gloriosa\nCopa de Oro, as\u00ed que, va siendo hora de saber qui\u00e9nes la van a disputar.<\/p>\n\n\n\n<p>Por lo\npronto fue revelada la lista de jugadores que est\u00e1n en la convocatoria para los\njuegos amistosos ante Panam\u00e1 y Nigeria, dos encuentros a jugarse en Estados\nUnidos el 30 de junio y el 3 de julio, respectivamente y a muy pocos d\u00edas de la\njusta internacional.<\/p>\n\n\n\n<p>Con seis\nelementos, el Guadalajara es el club que m\u00e1s aporta al Tricolor, luego le siguen\nlos Rayados del Monterrey con un total de cinco elementos, despu\u00e9s las \u00c1guilas\ndel Am\u00e9rica y la M\u00e1quina Celeste del Cruz Azul con cuatro.<\/p>\n\n\n\n<p>Ojo que, el Mellizo Funes Mor\u00ed si est\u00e1 en el listado; Chicharito no.<\/p>\n\n\n\n<p><\/p>\n\n\n<p><script async src=\"https:\/\/pagead2.googlesyndication.com\/pagead\/js\/adsbygoogle.js\"><\/script><br \/>\n<!-- PC 728x90 --><br \/>\n<ins class=\"adsbygoogle\"\nstyle=\"display:inline-block;width:728px;height:90px\"\ndata-ad-client=\"ca-pub-9427576701762839\"\ndata-ad-slot=\"1011393878\"><\/ins><br \/>\n<script>\n(adsbygoogle = window.adsbygoogle || []).push({});\n<\/script><\/p>\n\n\n\n<p><\/p>\n\n\n\n<p><strong>\u00a1Te dejamos la lista completa!<\/strong><\/p>\n\n\n\n<p><strong>Convocados\u2026<\/strong><\/p>\n\n\n\n<p>Guadalajara: Gilberto Sep\u00falveda, Jes\u00fas Angulo, Fernando\nBeltr\u00e1n, Uriel Antuna, Alexis Vega Rojas y Jos\u00e9 Juan Mac\u00edas (6)<\/p>\n\n\n\n<p>Monterrey: H\u00e9ctor Moreno, C\u00e9sar Montes, Jes\u00fas Gallardo,\nCarlos Rodr\u00edguez y Rogelio G. Funes Mori (5)<\/p>\n\n\n\n<p>Am\u00e9rica: Guillermo Ochoa, Jorge S\u00e1nchez, Sebasti\u00e1n\nC\u00f3rdova y Henry Josu\u00e9 Mart\u00edn (4)<\/p>\n\n\n\n<p>Cruz Azul: Sebasti\u00e1n Jurado, Luis Romo, Roberto Alvarado\ny Orbel\u00edn Pineda (4)<\/p>\n\n\n\n<p>Betis: Andr\u00e9s Guardado y Diego La\u00ednez (2)<\/p>\n\n\n\n<p>Le\u00f3n: Rodolfo Cota y Osvaldo Rodr\u00edguez (2)<\/p>\n\n\n\n<p>Pachuca: Kevin \u00c1lvarez y Aguirre (2)<\/p>\n\n\n\n<p>Santos: Eduardo Aguirre y Alan Cervantes (2)<\/p>\n\n\n\n<p>Tigres: Carlos Salcedo y Luis Rodr\u00edguez (2)<\/p>\n\n\n\n<p>UNAM: Alfredo Talavera y Johan V\u00e1squez (2)<\/p>\n\n\n\n<p>Ajax:&nbsp; Edson \u00c1lvarez<\/p>\n\n\n\n<p>Atlas: Jes\u00fas Angulo<\/p>\n\n\n\n<p>Atl\u00e9tico de Madrid: H\u00e9ctor Herrera <\/p>\n\n\n\n<p>Celta de Vigo: N\u00e9stor Araujo<\/p>\n\n\n\n<p>FC Porto: Jes\u00fas Manuel Corona<\/p>\n\n\n\n<p>Genk: Gerardo Arteaga <\/p>\n\n\n\n<p>Inter Miami: Rodolfo Pizarro<\/p>\n\n\n\n<p>Ju\u00e1rez FC: Joaqu\u00edn Esquivel Mart\u00ednez <\/p>\n\n\n\n<p>Kansas City: Alan Pulido Izaguirre&nbsp;&nbsp;&nbsp;&nbsp;&nbsp;&nbsp;&nbsp; <\/p>\n\n\n\n<p>LA Galaxy: Jonathan Dos Santos<\/p>\n\n\n\n<p>Napoli: Hirving Rodrigo Lozano<\/p>\n\n\n\n<p>Necaxa: Luis \u00c1ngel Malag\u00f3n<\/p>\n\n\n\n<p>PSV Eindhoven: Erick Guti\u00e9rrez<\/p>\n\n\n\n<p>Tijuana: Jonathan Orozco<\/p>\n\n\n\n<p><\/p>\n\n\n<p><script async src=\"https:\/\/pagead2.googlesyndication.com\/pagead\/js\/adsbygoogle.js\"><\/script><br \/>\n<!-- PC 728x90 --><br \/>\n<ins class=\"adsbygoogle\"\nstyle=\"display:inline-block;width:728px;height:90px\"\ndata-ad-client=\"ca-pub-9427576701762839\"\ndata-ad-slot=\"1011393878\"><\/ins><br \/>\n<script>\n(adsbygoogle = window.adsbygoogle || []).push({});\n<\/script><\/p>\n\n\n\n<p><\/p>\n\n\n\n<figure class=\"wp-block-embed-youtube wp-block-embed is-type-video is-provider-youtube wp-embed-aspect-16-9 wp-has-aspect-ratio\"><div class=\"wp-block-embed__wrapper\">\n<iframe loading=\"lazy\" title=\"\u00bfFUNES MORI A LA SELECCI\u00d3N MEXICANA?\" width=\"960\" height=\"540\" src=\"https:\/\/www.youtube.com\/embed\/Q_fmB7PSCwU?feature=oembed\" frameborder=\"0\" allow=\"accelerometer; autoplay; clipboard-write; encrypted-media; gyroscope; picture-in-picture\" allowfullscreen><\/iframe>\n<\/div><\/figure>\n","protected":false},"excerpt":{"rendered":"<p>Por Venustiano Carranza El verano llega y cada vez m\u00e1s cerca de ver a la Selecci\u00f3n Mexicana jugando la gloriosa Copa de Oro, as\u00ed que, va siendo hora de saber qui\u00e9nes la van a disputar. Por lo pronto fue revelada la lista de jugadores que est\u00e1n en la convocatoria para los juegos amistosos ante Panam\u00e1&#8230; <\/p>\n<div class=\"clear\"><\/div>\n<p><a href=\"https:\/\/latribunera.com\/apuntes\/index.php\/2021\/06\/20\/quienes-integran-al-tricolor\/\" class=\"excerpt-read-more\">Read More<i class=\"fa fa-caret-right icon-caret-right\"><\/i><\/a><\/p>\n","protected":false},"author":7,"featured_media":18161,"comment_status":"open","ping_status":"open","sticky":false,"template":"","format":"standard","meta":{"_jetpack_memberships_contains_paid_content":false,"footnotes":""},"categories":[231,3,229,228],"tags":[266],"class_list":["post-18160","post","type-post","status-publish","format-standard","has-post-thumbnail","hentry","category-apuntes","category-futbol","category-mexico","category-selecciones-nacionales","tag-seleccion-mexicana"],"jetpack_featured_media_url":"https:\/\/latribunera.com\/apuntes\/wp-content\/uploads\/2021\/06\/E4QU2gZXwAMk1-O.jpg","jetpack-related-posts":[{"id":45386,"url":"https:\/\/latribunera.com\/apuntes\/index.php\/2026\/03\/11\/santos-launa-impulsa-mejoras-en-la-infraestructura-de-tsm-y-estadio-corona\/","url_meta":{"origin":18160,"position":0},"title":"Santos Laguna impulsa mejoras en la infraestructura de TSM y Estadio Corona","author":"Jacob Alarcon","date":"11 marzo, 2026","format":false,"excerpt":"Club Santos Laguna lleva a cabo una serie de reformas y mejoras en la infraestructura de TerritorioSantos Modelo y del Estadio Corona, con el objetivo de impulsar la innovaci\u00f3n tecnol\u00f3gica, lasostenibilidad y la modernizaci\u00f3n de sus espacios.Con estas acciones, el club contin\u00faa fortaleciendo la experiencia de sus aficionados yactualizando sus\u2026","rel":"","context":"In &quot;Pasi\u00f3n Guerrera&quot;","block_context":{"text":"Pasi\u00f3n Guerrera","link":"https:\/\/latribunera.com\/apuntes\/index.php\/category\/tribus\/pasionguerrera\/"},"img":{"alt_text":"","src":"https:\/\/i0.wp.com\/latribunera.com\/apuntes\/wp-content\/uploads\/2026\/03\/Renovacion-TSM.jpg?resize=350%2C200&ssl=1","width":350,"height":200,"srcset":"https:\/\/i0.wp.com\/latribunera.com\/apuntes\/wp-content\/uploads\/2026\/03\/Renovacion-TSM.jpg?resize=350%2C200&ssl=1 1x, https:\/\/i0.wp.com\/latribunera.com\/apuntes\/wp-content\/uploads\/2026\/03\/Renovacion-TSM.jpg?resize=525%2C300&ssl=1 1.5x, https:\/\/i0.wp.com\/latribunera.com\/apuntes\/wp-content\/uploads\/2026\/03\/Renovacion-TSM.jpg?resize=700%2C400&ssl=1 2x, https:\/\/i0.wp.com\/latribunera.com\/apuntes\/wp-content\/uploads\/2026\/03\/Renovacion-TSM.jpg?resize=1050%2C600&ssl=1 3x, https:\/\/i0.wp.com\/latribunera.com\/apuntes\/wp-content\/uploads\/2026\/03\/Renovacion-TSM.jpg?resize=1400%2C800&ssl=1 4x"},"classes":[]}],"jetpack_sharing_enabled":true,"_links":{"self":[{"href":"https:\/\/latribunera.com\/apuntes\/index.php\/wp-json\/wp\/v2\/posts\/18160","targetHints":{"allow":["GET"]}}],"collection":[{"href":"https:\/\/latribunera.com\/apuntes\/index.php\/wp-json\/wp\/v2\/posts"}],"about":[{"href":"https:\/\/latribunera.com\/apuntes\/index.php\/wp-json\/wp\/v2\/types\/post"}],"author":[{"embeddable":true,"href":"https:\/\/latribunera.com\/apuntes\/index.php\/wp-json\/wp\/v2\/users\/7"}],"replies":[{"embeddable":true,"href":"https:\/\/latribunera.com\/apuntes\/index.php\/wp-json\/wp\/v2\/comments?post=18160"}],"version-history":[{"count":2,"href":"https:\/\/latribunera.com\/apuntes\/index.php\/wp-json\/wp\/v2\/posts\/18160\/revisions"}],"predecessor-version":[{"id":18163,"href":"https:\/\/latribunera.com\/apuntes\/index.php\/wp-json\/wp\/v2\/posts\/18160\/revisions\/18163"}],"wp:featuredmedia":[{"embeddable":true,"href":"https:\/\/latribunera.com\/apuntes\/index.php\/wp-json\/wp\/v2\/media\/18161"}],"wp:attachment":[{"href":"https:\/\/latribunera.com\/apuntes\/index.php\/wp-json\/wp\/v2\/media?parent=18160"}],"wp:term":[{"taxonomy":"category","embeddable":true,"href":"https:\/\/latribunera.com\/apuntes\/index.php\/wp-json\/wp\/v2\/categories?post=18160"},{"taxonomy":"post_tag","embeddable":true,"href":"https:\/\/latribunera.com\/apuntes\/index.php\/wp-json\/wp\/v2\/tags?post=18160"}],"curies":[{"name":"wp","href":"https:\/\/api.w.org\/{rel}","templated":true}]}}