{"id":18164,"date":"2021-06-20T05:55:15","date_gmt":"2021-06-20T05:55:15","guid":{"rendered":"https:\/\/latribunera.com\/apuntes\/?p=18164"},"modified":"2021-06-20T06:39:19","modified_gmt":"2021-06-20T06:39:19","slug":"el-extrano-vinculo-entre-tigres-y-austin","status":"publish","type":"post","link":"https:\/\/latribunera.com\/apuntes\/index.php\/2021\/06\/20\/el-extrano-vinculo-entre-tigres-y-austin\/","title":{"rendered":"EL EXTRA\u00d1O V\u00cdNCULO ENTRE TIGRES Y AUSTIN"},"content":{"rendered":"\n<p><\/p>\n\n\n<p><script async=\"\" src=\"https:\/\/pagead2.googlesyndication.com\/pagead\/js\/adsbygoogle.js\"><\/script><br \/>\n<!-- PC 728x90 --><br \/>\n<ins class=\"adsbygoogle\" style=\"display:inline-block;width:728px;height:90px\" data-ad-client=\"ca-pub-9427576701762839\" data-ad-slot=\"1011393878\"><\/ins><br \/>\n<script>\n(adsbygoogle = window.adsbygoogle || []).push({});\n<\/script><\/p>\n\n\n\n<p><\/p>\n\n\n\n<p>Por Venustiano\nCarranza<\/p>\n\n\n\n<p>Estos\nTigres siempre logrando conexiones futboleras, lazos que los hacen fuertes y\nmucho m\u00e1s populares en otros sitios mucho muy lejanos a San Nicol\u00e1s de los\nGarza, Nuevo Le\u00f3n.<\/p>\n\n\n\n<p>Este fin de\nsemana, los de la UANL nos sorprendieron con un vide\u00edto que sacaron en sus\nRedes Sociales en donde mandaban buenas vibras al Austin FC de la MLS.<\/p>\n\n\n\n<p>El Piojo,\nLuis Qui\u00f1ones, Javier Aquino, Florian Thauvin, Guido Pizarro, Diego Reyes, Aldo\nCruz les dieron su \u2018patadita\u2019 de buena suerte.<\/p>\n\n\n\n<p><\/p>\n\n\n<p><script async=\"\" src=\"https:\/\/pagead2.googlesyndication.com\/pagead\/js\/adsbygoogle.js\"><\/script><br \/>\n<!-- PC 728x90 --><br \/>\n<ins class=\"adsbygoogle\" style=\"display:inline-block;width:728px;height:90px\" data-ad-client=\"ca-pub-9427576701762839\" data-ad-slot=\"1011393878\"><\/ins><br \/>\n<script>\n(adsbygoogle = window.adsbygoogle || []).push({});\n<\/script><\/p>\n\n\n\n<p><\/p>\n\n\n\n<figure class=\"wp-block-embed-twitter wp-block-embed is-type-rich is-provider-twitter\"><div class=\"wp-block-embed__wrapper\">\n<blockquote class=\"twitter-tweet\" data-width=\"550\" data-dnt=\"true\"><p lang=\"es\" dir=\"ltr\">Bienvenida la nueva era <a href=\"https:\/\/twitter.com\/hashtag\/VERDE?src=hash&amp;ref_src=twsrc%5Etfw\">#VERDE<\/a> a la <a href=\"https:\/\/twitter.com\/MLS?ref_src=twsrc%5Etfw\">@MLS<\/a>. \u00a1\u00c9xito <a href=\"https:\/\/twitter.com\/AustinFC?ref_src=twsrc%5Etfw\">@AustinFC<\/a> en tu primer partido en casa! \ud83d\udc4a\ud83c\udffc<a href=\"https:\/\/twitter.com\/hashtag\/EstoEsTigres?src=hash&amp;ref_src=twsrc%5Etfw\">#EstoEsTigres<\/a> \ud83d\udc2f <a href=\"https:\/\/t.co\/J9nHcH4n9V\">pic.twitter.com\/J9nHcH4n9V<\/a><\/p>&mdash; Club Tigres Oficial \ud83d\udc2f (@TigresOficial) <a href=\"https:\/\/twitter.com\/TigresOficial\/status\/1406385723259953153?ref_src=twsrc%5Etfw\">June 19, 2021<\/a><\/blockquote><script async src=\"https:\/\/platform.twitter.com\/widgets.js\" charset=\"utf-8\"><\/script>\n<\/div><\/figure>\n\n\n\n<p>El 13 de julio, Tigres y Austin se ver\u00e1n las caras en un encuentro amistoso programado en territorio norteamericano.<\/p>\n\n\n\n<p><\/p>\n\n\n<p><script async=\"\" src=\"https:\/\/pagead2.googlesyndication.com\/pagead\/js\/adsbygoogle.js\"><\/script><br \/>\n<!-- PC 728x90 --><br \/>\n<ins class=\"adsbygoogle\" style=\"display:inline-block;width:728px;height:90px\" data-ad-client=\"ca-pub-9427576701762839\" data-ad-slot=\"1011393878\"><\/ins><br \/>\n<script>\n(adsbygoogle = window.adsbygoogle || []).push({});\n<\/script><\/p>\n\n\n\n<p><\/p>\n","protected":false},"excerpt":{"rendered":"<p>Por Venustiano Carranza Estos Tigres siempre logrando conexiones futboleras, lazos que los hacen fuertes y mucho m\u00e1s populares en otros sitios mucho muy lejanos a San Nicol\u00e1s de los Garza, Nuevo Le\u00f3n. Este fin de semana, los de la UANL nos sorprendieron con un vide\u00edto que sacaron en sus Redes Sociales en donde mandaban buenas&#8230; <\/p>\n<div class=\"clear\"><\/div>\n<p><a href=\"https:\/\/latribunera.com\/apuntes\/index.php\/2021\/06\/20\/el-extrano-vinculo-entre-tigres-y-austin\/\" class=\"excerpt-read-more\">Read More<i class=\"fa fa-caret-right icon-caret-right\"><\/i><\/a><\/p>\n","protected":false},"author":7,"featured_media":18166,"comment_status":"open","ping_status":"open","sticky":false,"template":"","format":"standard","meta":{"_jetpack_memberships_contains_paid_content":false,"footnotes":""},"categories":[231,3,2,278],"tags":[547,74],"class_list":["post-18164","post","type-post","status-publish","format-standard","has-post-thumbnail","hentry","category-apuntes","category-futbol","category-futbol-mexicano","category-solotigres","tag-austin","tag-liga-mx"],"jetpack_featured_media_url":"https:\/\/latribunera.com\/apuntes\/wp-content\/uploads\/2021\/06\/E4SrUBbWEAYI5zk.jpg","jetpack-related-posts":[],"jetpack_sharing_enabled":true,"_links":{"self":[{"href":"https:\/\/latribunera.com\/apuntes\/index.php\/wp-json\/wp\/v2\/posts\/18164","targetHints":{"allow":["GET"]}}],"collection":[{"href":"https:\/\/latribunera.com\/apuntes\/index.php\/wp-json\/wp\/v2\/posts"}],"about":[{"href":"https:\/\/latribunera.com\/apuntes\/index.php\/wp-json\/wp\/v2\/types\/post"}],"author":[{"embeddable":true,"href":"https:\/\/latribunera.com\/apuntes\/index.php\/wp-json\/wp\/v2\/users\/7"}],"replies":[{"embeddable":true,"href":"https:\/\/latribunera.com\/apuntes\/index.php\/wp-json\/wp\/v2\/comments?post=18164"}],"version-history":[{"count":3,"href":"https:\/\/latribunera.com\/apuntes\/index.php\/wp-json\/wp\/v2\/posts\/18164\/revisions"}],"predecessor-version":[{"id":18184,"href":"https:\/\/latribunera.com\/apuntes\/index.php\/wp-json\/wp\/v2\/posts\/18164\/revisions\/18184"}],"wp:featuredmedia":[{"embeddable":true,"href":"https:\/\/latribunera.com\/apuntes\/index.php\/wp-json\/wp\/v2\/media\/18166"}],"wp:attachment":[{"href":"https:\/\/latribunera.com\/apuntes\/index.php\/wp-json\/wp\/v2\/media?parent=18164"}],"wp:term":[{"taxonomy":"category","embeddable":true,"href":"https:\/\/latribunera.com\/apuntes\/index.php\/wp-json\/wp\/v2\/categories?post=18164"},{"taxonomy":"post_tag","embeddable":true,"href":"https:\/\/latribunera.com\/apuntes\/index.php\/wp-json\/wp\/v2\/tags?post=18164"}],"curies":[{"name":"wp","href":"https:\/\/api.w.org\/{rel}","templated":true}]}}