{"id":18232,"date":"2021-06-21T05:34:49","date_gmt":"2021-06-21T05:34:49","guid":{"rendered":"https:\/\/latribunera.com\/apuntes\/?p=18232"},"modified":"2021-06-21T05:36:15","modified_gmt":"2021-06-21T05:36:15","slug":"los-62-futbolistas-argentinos-que-han-llegado-a-rayados","status":"publish","type":"post","link":"https:\/\/latribunera.com\/apuntes\/index.php\/2021\/06\/21\/los-62-futbolistas-argentinos-que-han-llegado-a-rayados\/","title":{"rendered":"LOS 62 FUTBOLISTAS ARGENTINOS QUE HAN LLEGADO A RAYADOS"},"content":{"rendered":"\n<p><\/p>\n\n\n<p><script async=\"\" src=\"https:\/\/pagead2.googlesyndication.com\/pagead\/js\/adsbygoogle.js\"><\/script><br \/>\n<!-- PC 728x90 --><br \/>\n<ins class=\"adsbygoogle\" style=\"display:inline-block;width:728px;height:90px\" data-ad-client=\"ca-pub-9427576701762839\" data-ad-slot=\"1011393878\"><\/ins><br \/>\n<script>\n(adsbygoogle = window.adsbygoogle || []).push({});\n<\/script><\/p>\n\n\n\n<p>Por Venustiano\nCarranza<\/p>\n\n\n\n<p>Otro futbolista argentino al Club de Futbol Monterrey, la nacionalidad preferida del equipo albiazul a la hora de traer jugadores; Esteban Andrada ser\u00e1 el jugador \u2018che\u2019 n\u00famero 62, el quinto arquero de dicha nacionalidad. \u00bfTe acuerdas de todos?<\/p>\n\n\n\n<figure class=\"wp-block-embed-youtube wp-block-embed is-type-video is-provider-youtube wp-embed-aspect-16-9 wp-has-aspect-ratio\"><div class=\"wp-block-embed__wrapper\">\n<iframe loading=\"lazy\" title=\"Esteban Andrada, llegada en vivo a Rayados desde el Aeropuerto de Monterrey\" width=\"960\" height=\"540\" src=\"https:\/\/www.youtube.com\/embed\/bTmt1R6Tw5g?feature=oembed\" frameborder=\"0\" allow=\"accelerometer; autoplay; clipboard-write; encrypted-media; gyroscope; picture-in-picture\" allowfullscreen><\/iframe>\n<\/div><\/figure>\n\n\n\n<p><strong>Porteros<\/strong><\/p>\n\n\n\n<p>Esteban Andrada<\/p>\n\n\n\n<p>Gustavo Moriconi<\/p>\n\n\n\n<p>Juan Pablo Carrizo&nbsp;&nbsp;&nbsp;&nbsp;&nbsp;&nbsp; <\/p>\n\n\n\n<p>Marcelo Barovero<\/p>\n\n\n\n<p>Sergio Bratti<\/p>\n\n\n\n<p><strong>Defensas<\/strong><\/p>\n\n\n\n<p>Atenor Medina<\/p>\n\n\n\n<p>Carlos Mazzoni<\/p>\n\n\n\n<p>Daniel Musante<\/p>\n\n\n\n<p>Guillermo Rivarola<\/p>\n\n\n\n<p>H\u00e9ctor Uzal<\/p>\n\n\n\n<p>Jos\u00e9 Basanta<\/p>\n\n\n\n<p>Leonel Vangioni<\/p>\n\n\n\n<p>Nicol\u00e1s S\u00e1nchez<\/p>\n\n\n\n<p>Pablo Rotchen<\/p>\n\n\n\n<p><strong>Mediocampistas<\/strong><\/p>\n\n\n\n<p>Alcide Zamaro<\/p>\n\n\n\n<p>Antonio Mohamed<\/p>\n\n\n\n<p>Arsenio Ribeca<\/p>\n\n\n\n<p>Christian Daniele<\/p>\n\n\n\n<p>Cristian Ledesma<\/p>\n\n\n\n<p>Dante Ju\u00e1rez<\/p>\n\n\n\n<p>Emilio Baldonedo<\/p>\n\n\n\n<p>Genaro Tedesco<\/p>\n\n\n\n<p>Germ\u00e1n R. Martelloto<\/p>\n\n\n\n<p>Jorge Almir\u00f3n<\/p>\n\n\n\n<p>Jos\u00e9 N. Toledo<\/p>\n\n\n\n<p>Jos\u00e9 Noguera<\/p>\n\n\n\n<p>Leandro Gracian<\/p>\n\n\n\n<p>Mario Grana<\/p>\n\n\n\n<p>Mario Imbelloni<\/p>\n\n\n\n<p>Mat\u00edas Kranevitter<\/p>\n\n\n\n<p>Maximiliano Meza<\/p>\n\n\n\n<p>Neri Cardozo<\/p>\n\n\n\n<p>Ra\u00fal Aredes<\/p>\n\n\n\n<p>Roberto Gasparini<\/p>\n\n\n\n<p>Roberto L\u00f3pez<\/p>\n\n\n\n<p>Roberto Resqu\u00edn<\/p>\n\n\n\n<p>Rodolfo Garc\u00eda<\/p>\n\n\n\n<p>Walter Erviti<\/p>\n\n\n\n<p><\/p>\n\n\n<p><script async=\"\" src=\"https:\/\/pagead2.googlesyndication.com\/pagead\/js\/adsbygoogle.js\"><\/script><br \/>\n<!-- PC 728x90 --><br \/>\n<ins class=\"adsbygoogle\" style=\"display:inline-block;width:728px;height:90px\" data-ad-client=\"ca-pub-9427576701762839\" data-ad-slot=\"1011393878\"><\/ins><br \/>\n<script>\n(adsbygoogle = window.adsbygoogle || []).push({});\n<\/script><\/p>\n\n\n\n<p><\/p>\n\n\n\n<p><strong>Delanteros<\/strong><\/p>\n\n\n\n<p>A. Escalada&nbsp;&nbsp;&nbsp;&nbsp;&nbsp; &nbsp;&nbsp;&nbsp;&nbsp;&nbsp;&nbsp;&nbsp;&nbsp;&nbsp;&nbsp;&nbsp; <\/p>\n\n\n\n<p>Carlos Casartelli<\/p>\n\n\n\n<p>C\u00e9sar Delgado<\/p>\n\n\n\n<p>Christian Domizzi<\/p>\n\n\n\n<p>Gast\u00f3n Fern\u00e1ndez<\/p>\n\n\n\n<p>Guillermo Franco<\/p>\n\n\n\n<p>Hugo Arroyo<\/p>\n\n\n\n<p>Hugo N. Castillo<\/p>\n\n\n\n<p>Jonathan Cristaldo<\/p>\n\n\n\n<p>Jorge Castiglia<\/p>\n\n\n\n<p>Jorge Gilardoni<\/p>\n\n\n\n<p>Jorge Jhones<\/p>\n\n\n\n<p>Jos\u00e9 A. Ju\u00e1rez<\/p>\n\n\n\n<p>Jos\u00e9 G\u00f3mez<\/p>\n\n\n\n<p>Juan J. Kellemen<\/p>\n\n\n\n<p>Lorenzo S\u00e1ez<\/p>\n\n\n\n<p>Luciano Agnol\u00edn<\/p>\n\n\n\n<p>Mauro Cejas<\/p>\n\n\n\n<p>Miguel A. Torres<\/p>\n\n\n\n<p>Roberto Saporiti<\/p>\n\n\n\n<p>Rogelio F. Mori<\/p>\n\n\n\n<p>Rolando Zarate<\/p>\n\n\n\n<p>Sergio Verdirame<\/p>\n\n\n\n<p>V\u00edctor M\u00fcller<\/p>\n\n\n\n<p><\/p>\n\n\n<p><script async=\"\" src=\"https:\/\/pagead2.googlesyndication.com\/pagead\/js\/adsbygoogle.js\"><\/script><br \/>\n<!-- PC 728x90 --><br \/>\n<ins class=\"adsbygoogle\" style=\"display:inline-block;width:728px;height:90px\" data-ad-client=\"ca-pub-9427576701762839\" data-ad-slot=\"1011393878\"><\/ins><br \/>\n<script>\n(adsbygoogle = window.adsbygoogle || []).push({});\n<\/script><\/p>\n\n\n\n<p><\/p>\n","protected":false},"excerpt":{"rendered":"<p>Por Venustiano Carranza Otro futbolista argentino al Club de Futbol Monterrey, la nacionalidad preferida del equipo albiazul a la hora de traer jugadores; Esteban Andrada ser\u00e1 el jugador \u2018che\u2019 n\u00famero 62, el quinto arquero de dicha nacionalidad. \u00bfTe acuerdas de todos? Porteros Esteban Andrada Gustavo Moriconi Juan Pablo Carrizo&nbsp;&nbsp;&nbsp;&nbsp;&nbsp;&nbsp; Marcelo Barovero Sergio Bratti Defensas Atenor&#8230; <\/p>\n<div class=\"clear\"><\/div>\n<p><a href=\"https:\/\/latribunera.com\/apuntes\/index.php\/2021\/06\/21\/los-62-futbolistas-argentinos-que-han-llegado-a-rayados\/\" class=\"excerpt-read-more\">Read More<i class=\"fa fa-caret-right icon-caret-right\"><\/i><\/a><\/p>\n","protected":false},"author":7,"featured_media":18236,"comment_status":"open","ping_status":"open","sticky":false,"template":"","format":"standard","meta":{"_jetpack_memberships_contains_paid_content":false,"footnotes":""},"categories":[231,3,2,277],"tags":[548,74,6],"class_list":["post-18232","post","type-post","status-publish","format-standard","has-post-thumbnail","hentry","category-apuntes","category-futbol","category-futbol-mexicano","category-zonarayada","tag-esteban-andrada","tag-liga-mx","tag-rayados"],"jetpack_featured_media_url":"https:\/\/latribunera.com\/apuntes\/wp-content\/uploads\/2021\/06\/Dise\u00f1o-sin-t\u00edtulo-1-13.jpg","jetpack-related-posts":[{"id":45392,"url":"https:\/\/latribunera.com\/apuntes\/index.php\/2026\/04\/09\/se-presento-la-13va-edicion-del-guerreton\/","url_meta":{"origin":18232,"position":0},"title":"Se presento la 13va edici\u00f3n del Guerret\u00f3n.","author":"Staff","date":"9 abril, 2026","format":false,"excerpt":"A lo largo de sus primeras 12 ediciones, Guerret\u00f3n ha logrado recolectar m\u00e1s de 121,500juguetes, peluches y balones, beneficiando a diversas asociaciones e instituciones de laregi\u00f3n lagunera, entre ellas CRIT Durango, los sistemas DIF de distintos municipios, as\u00edcomo organizaciones educativas y asistenciales. A la fecha, se han instalado cuatro ludotecas\u2026","rel":"","context":"In &quot;Ganar Sirviendo&quot;","block_context":{"text":"Ganar Sirviendo","link":"https:\/\/latribunera.com\/apuntes\/index.php\/category\/futbol\/futbol-mexicano\/ganar-sirviendo\/"},"img":{"alt_text":"","src":"https:\/\/i0.wp.com\/latribunera.com\/apuntes\/wp-content\/uploads\/2026\/04\/9Guerreton-2026-2.jpg.jpeg?resize=350%2C200&ssl=1","width":350,"height":200,"srcset":"https:\/\/i0.wp.com\/latribunera.com\/apuntes\/wp-content\/uploads\/2026\/04\/9Guerreton-2026-2.jpg.jpeg?resize=350%2C200&ssl=1 1x, https:\/\/i0.wp.com\/latribunera.com\/apuntes\/wp-content\/uploads\/2026\/04\/9Guerreton-2026-2.jpg.jpeg?resize=525%2C300&ssl=1 1.5x, https:\/\/i0.wp.com\/latribunera.com\/apuntes\/wp-content\/uploads\/2026\/04\/9Guerreton-2026-2.jpg.jpeg?resize=700%2C400&ssl=1 2x, https:\/\/i0.wp.com\/latribunera.com\/apuntes\/wp-content\/uploads\/2026\/04\/9Guerreton-2026-2.jpg.jpeg?resize=1050%2C600&ssl=1 3x, https:\/\/i0.wp.com\/latribunera.com\/apuntes\/wp-content\/uploads\/2026\/04\/9Guerreton-2026-2.jpg.jpeg?resize=1400%2C800&ssl=1 4x"},"classes":[]},{"id":45386,"url":"https:\/\/latribunera.com\/apuntes\/index.php\/2026\/03\/11\/santos-launa-impulsa-mejoras-en-la-infraestructura-de-tsm-y-estadio-corona\/","url_meta":{"origin":18232,"position":1},"title":"Santos Laguna impulsa mejoras en la infraestructura de TSM y Estadio Corona","author":"Jacob Alarcon","date":"11 marzo, 2026","format":false,"excerpt":"Club Santos Laguna lleva a cabo una serie de reformas y mejoras en la infraestructura de TerritorioSantos Modelo y del Estadio Corona, con el objetivo de impulsar la innovaci\u00f3n tecnol\u00f3gica, lasostenibilidad y la modernizaci\u00f3n de sus espacios.Con estas acciones, el club contin\u00faa fortaleciendo la experiencia de sus aficionados yactualizando sus\u2026","rel":"","context":"In &quot;Pasi\u00f3n Guerrera&quot;","block_context":{"text":"Pasi\u00f3n Guerrera","link":"https:\/\/latribunera.com\/apuntes\/index.php\/category\/tribus\/pasionguerrera\/"},"img":{"alt_text":"","src":"https:\/\/i0.wp.com\/latribunera.com\/apuntes\/wp-content\/uploads\/2026\/03\/Renovacion-TSM.jpg?resize=350%2C200&ssl=1","width":350,"height":200,"srcset":"https:\/\/i0.wp.com\/latribunera.com\/apuntes\/wp-content\/uploads\/2026\/03\/Renovacion-TSM.jpg?resize=350%2C200&ssl=1 1x, https:\/\/i0.wp.com\/latribunera.com\/apuntes\/wp-content\/uploads\/2026\/03\/Renovacion-TSM.jpg?resize=525%2C300&ssl=1 1.5x, https:\/\/i0.wp.com\/latribunera.com\/apuntes\/wp-content\/uploads\/2026\/03\/Renovacion-TSM.jpg?resize=700%2C400&ssl=1 2x, https:\/\/i0.wp.com\/latribunera.com\/apuntes\/wp-content\/uploads\/2026\/03\/Renovacion-TSM.jpg?resize=1050%2C600&ssl=1 3x, https:\/\/i0.wp.com\/latribunera.com\/apuntes\/wp-content\/uploads\/2026\/03\/Renovacion-TSM.jpg?resize=1400%2C800&ssl=1 4x"},"classes":[]},{"id":45421,"url":"https:\/\/latribunera.com\/apuntes\/index.php\/2026\/04\/16\/todo-listo-para-la-14va-edicion-de-la-copa-internacional-santos-penoles\/","url_meta":{"origin":18232,"position":2},"title":"Todo listo para la 14va edici\u00f3n de la Copa Internacional Santos Pe\u00f1oles","author":"Jacob Alarcon","date":"16 abril, 2026","format":false,"excerpt":"Este jueves, en el Auditorio Orlegi de Territorio Santos Modelo, se llev\u00f3 a cabo la presentaci\u00f3noficial de la edici\u00f3n 2026 de la Copa Internacional Santos Pe\u00f1oles, torneo que se ha consolidadocomo uno de los m\u00e1s importantes a nivel infantil y juvenil en M\u00e9xico. Adem\u00e1s de brindar una competencia deportiva de\u2026","rel":"","context":"In &quot;Sin categor\u00eda&quot;","block_context":{"text":"Sin categor\u00eda","link":"https:\/\/latribunera.com\/apuntes\/index.php\/category\/sin-categoria\/"},"img":{"alt_text":"","src":"https:\/\/i0.wp.com\/latribunera.com\/apuntes\/wp-content\/uploads\/2026\/04\/Presentacion-Copa-Santos-Penoles.jpg?resize=350%2C200&ssl=1","width":350,"height":200,"srcset":"https:\/\/i0.wp.com\/latribunera.com\/apuntes\/wp-content\/uploads\/2026\/04\/Presentacion-Copa-Santos-Penoles.jpg?resize=350%2C200&ssl=1 1x, https:\/\/i0.wp.com\/latribunera.com\/apuntes\/wp-content\/uploads\/2026\/04\/Presentacion-Copa-Santos-Penoles.jpg?resize=525%2C300&ssl=1 1.5x, https:\/\/i0.wp.com\/latribunera.com\/apuntes\/wp-content\/uploads\/2026\/04\/Presentacion-Copa-Santos-Penoles.jpg?resize=700%2C400&ssl=1 2x, https:\/\/i0.wp.com\/latribunera.com\/apuntes\/wp-content\/uploads\/2026\/04\/Presentacion-Copa-Santos-Penoles.jpg?resize=1050%2C600&ssl=1 3x, https:\/\/i0.wp.com\/latribunera.com\/apuntes\/wp-content\/uploads\/2026\/04\/Presentacion-Copa-Santos-Penoles.jpg?resize=1400%2C800&ssl=1 4x"},"classes":[]}],"jetpack_sharing_enabled":true,"_links":{"self":[{"href":"https:\/\/latribunera.com\/apuntes\/index.php\/wp-json\/wp\/v2\/posts\/18232","targetHints":{"allow":["GET"]}}],"collection":[{"href":"https:\/\/latribunera.com\/apuntes\/index.php\/wp-json\/wp\/v2\/posts"}],"about":[{"href":"https:\/\/latribunera.com\/apuntes\/index.php\/wp-json\/wp\/v2\/types\/post"}],"author":[{"embeddable":true,"href":"https:\/\/latribunera.com\/apuntes\/index.php\/wp-json\/wp\/v2\/users\/7"}],"replies":[{"embeddable":true,"href":"https:\/\/latribunera.com\/apuntes\/index.php\/wp-json\/wp\/v2\/comments?post=18232"}],"version-history":[{"count":3,"href":"https:\/\/latribunera.com\/apuntes\/index.php\/wp-json\/wp\/v2\/posts\/18232\/revisions"}],"predecessor-version":[{"id":18237,"href":"https:\/\/latribunera.com\/apuntes\/index.php\/wp-json\/wp\/v2\/posts\/18232\/revisions\/18237"}],"wp:featuredmedia":[{"embeddable":true,"href":"https:\/\/latribunera.com\/apuntes\/index.php\/wp-json\/wp\/v2\/media\/18236"}],"wp:attachment":[{"href":"https:\/\/latribunera.com\/apuntes\/index.php\/wp-json\/wp\/v2\/media?parent=18232"}],"wp:term":[{"taxonomy":"category","embeddable":true,"href":"https:\/\/latribunera.com\/apuntes\/index.php\/wp-json\/wp\/v2\/categories?post=18232"},{"taxonomy":"post_tag","embeddable":true,"href":"https:\/\/latribunera.com\/apuntes\/index.php\/wp-json\/wp\/v2\/tags?post=18232"}],"curies":[{"name":"wp","href":"https:\/\/api.w.org\/{rel}","templated":true}]}}