{"id":18350,"date":"2021-06-23T13:26:50","date_gmt":"2021-06-23T13:26:50","guid":{"rendered":"https:\/\/latribunera.com\/apuntes\/?p=18350"},"modified":"2021-06-23T14:11:25","modified_gmt":"2021-06-23T14:11:25","slug":"salsa-roja-o-verde","status":"publish","type":"post","link":"https:\/\/latribunera.com\/apuntes\/index.php\/2021\/06\/23\/salsa-roja-o-verde\/","title":{"rendered":"\u00bfSALSA ROJA O VERDE?"},"content":{"rendered":"\n<p><\/p>\n\n\n<p><script async=\"\" src=\"https:\/\/pagead2.googlesyndication.com\/pagead\/js\/adsbygoogle.js\"><\/script><br \/>\n<!-- PC 728x90 --><br \/>\n<ins class=\"adsbygoogle\" style=\"display:inline-block;width:728px;height:90px\" data-ad-client=\"ca-pub-9427576701762839\" data-ad-slot=\"1011393878\"><\/ins><br \/>\n<script>\n(adsbygoogle = window.adsbygoogle || []).push({});\n<\/script><\/p>\n\n\n\n<p>Por\nVenustiano Carranza<\/p>\n\n\n\n<p>Por fin,\nRogelio Funes Mori habl\u00f3 largo y tendido sobre su naturalizaci\u00f3n y por ende su\nllamado a la Selecci\u00f3n Mexicana.<\/p>\n\n\n\n<p>Como era de esperarse, el Club de Futbol Monterrey se qued\u00f3 en exclusiva todas sus reacciones y las comparti\u00f3 en sus Redes Sociales.<\/p>\n\n\n\n<figure class=\"wp-block-gallery columns-1 is-cropped wp-block-gallery-1 is-layout-flex wp-block-gallery-is-layout-flex\"><ul class=\"blocks-gallery-grid\"><li class=\"blocks-gallery-item\"><figure><img loading=\"lazy\" decoding=\"async\" width=\"835\" height=\"835\" src=\"https:\/\/latribunera.com\/apuntes\/wp-content\/uploads\/2021\/06\/ROGELIO-FUNES-MORI-TRI.jpg\" alt=\"\" data-id=\"18351\" data-full-url=\"https:\/\/latribunera.com\/apuntes\/wp-content\/uploads\/2021\/06\/ROGELIO-FUNES-MORI-TRI.jpg\" data-link=\"https:\/\/latribunera.com\/apuntes\/?attachment_id=18351\" class=\"wp-image-18351\" srcset=\"https:\/\/latribunera.com\/apuntes\/wp-content\/uploads\/2021\/06\/ROGELIO-FUNES-MORI-TRI.jpg 835w, https:\/\/latribunera.com\/apuntes\/wp-content\/uploads\/2021\/06\/ROGELIO-FUNES-MORI-TRI-300x300.jpg 300w, https:\/\/latribunera.com\/apuntes\/wp-content\/uploads\/2021\/06\/ROGELIO-FUNES-MORI-TRI-150x150.jpg 150w, https:\/\/latribunera.com\/apuntes\/wp-content\/uploads\/2021\/06\/ROGELIO-FUNES-MORI-TRI-768x768.jpg 768w, https:\/\/latribunera.com\/apuntes\/wp-content\/uploads\/2021\/06\/ROGELIO-FUNES-MORI-TRI-400x400.jpg 400w\" sizes=\"auto, (max-width: 835px) 100vw, 835px\" \/><\/figure><\/li><\/ul><\/figure>\n\n\n\n<p><\/p>\n\n\n<p><script async=\"\" src=\"https:\/\/pagead2.googlesyndication.com\/pagead\/js\/adsbygoogle.js\"><\/script><br \/>\n<!-- PC 728x90 --><br \/>\n<ins class=\"adsbygoogle\" style=\"display:inline-block;width:728px;height:90px\" data-ad-client=\"ca-pub-9427576701762839\" data-ad-slot=\"1011393878\"><\/ins><br \/>\n<script>\n(adsbygoogle = window.adsbygoogle || []).push({});\n<\/script><\/p>\n\n\n\n<p><\/p>\n\n\n\n<p><\/p>\n\n\n\n<p><strong>\u00bfQu\u00e9 dijo el Mellizo?<\/strong><\/p>\n\n\n\n<p><strong>Irradiaba alegr\u00eda <\/strong><\/p>\n\n\n\n<p>\u201cEs un\norgullo para m\u00ed (el) poder representar este pa\u00eds, ser (un) mexicano m\u00e1s, le\ntengo mucho cari\u00f1o a la gente de ac\u00e1, desde que hemos llegado a este pa\u00eds he\nestado muy contento, estoy muy feliz\u201d<\/p>\n\n\n\n<p><strong>Decisi\u00f3n sencilla<\/strong><\/p>\n\n\n\n<p>\u201cYo creo\nque fue un sue\u00f1o y cuando uno sue\u00f1a las cosas se pueden lograr y desde el\nmomento en que pis\u00e9 M\u00e9xico me sent\u00ed muy c\u00f3modo, no fue una decisi\u00f3n dif\u00edcil,\nsent\u00ed mucho amor por el pa\u00eds, por la gente que me trat\u00f3 siempre bien\u201d<\/p>\n\n\n\n<p><strong>Mexicano en otra vida<\/strong><\/p>\n\n\n\n<p>\u201cMi ni\u00f1o\nchiquito es mexicano, as\u00ed que estoy muy orgulloso, muy contento, espero seguir\nmuchos a\u00f1os aqu\u00ed en M\u00e9xico\u201d<\/p>\n\n\n\n<p>\u201cYo creo\nque en otra vida fui mexicano, obviamente yo viv\u00ed mucho tiempo en Estados\nUnidos y siento tambi\u00e9n que la gente que se pasa para vivir mejor y esas cosas,\na m\u00ed M\u00e9xico me lo ha dado entonces tengo muchos amigos mexicanos no solo en\nM\u00e9xico sino en Estados Unidos y la verdad que representar a M\u00e9xico es un\norgullo para m\u00ed y mi familia\u201d<\/p>\n\n\n\n<p><strong>Se le salieron las lagrimitas<\/strong><\/p>\n\n\n\n<p>\u201cLa verdad\nque est\u00e1 muy contenta, en el momento que me entregaron el papel, me sent\u00ed un\nmexicano m\u00e1s y casi lloro porque es un pa\u00eds que me ha dado todo, me ha dado\ntrabajo y sinceramente siento un orgullo incre\u00edble\u201d<\/p>\n\n\n\n<p>\u201cEn el\nfutbol de M\u00e9xico hay gente muy buena que siempre a uno le transmite seguridad,\ntranquilidad y me comenz\u00f3 a gustar mucho el pa\u00eds, la verdad que, estoy muy\ncontento\u201d<\/p>\n\n\n\n<p><strong>Amante de la comida mexicana<\/strong><\/p>\n\n\n\n<p>\u201cSi como\nsalsas obviamente, salsa verde (y) roja, la verdad que, el picante me gusta, la\ncomida tradicional: tacos, la comida aqu\u00ed muy rica, muy especial y todo el\nmundo que viene para ac\u00e1 le encanta la comida mexicana, la disfrutan mucho\u201d<\/p>\n\n\n\n<p><strong>Su primer llamado al Tricolor<\/strong><\/p>\n\n\n\n<p>\u201cLa verdad\nque, muy emocionado, orgulloso de poder estar en la lista de los mejores\njugadores mexicanos, obviamente quiero seguir haciendo las cosas bien para\ndefender a este pa\u00eds de la mejor manera\u201d<\/p>\n\n\n\n<p>\u201cEl\ncompromiso de siempre, la responsabilidad que he tenido a lo largo de mi\ncarrera, un desaf\u00edo muy importante para m\u00ed y siento que estoy preparado, todo\nlo he hecho con respeto, responsabilidad y seguramente esta convocatoria no va\na ser la excepci\u00f3n, voy a defender a M\u00e9xico con todo el coraz\u00f3n<\/p>\n\n\n\n<p><strong>La Copa de Oro<\/strong><\/p>\n\n\n\n<p>\u201cLa gente\nme trata bien y obviamente es un respaldo para m\u00ed y para mis compa\u00f1eros,\nesperemos seguir mejorando para llegar bien si Dios quiere a la Copa de Oro\u201d<\/p>\n\n\n\n<p>\u201cComo dice Chabela Vargas: los mexicanos nacemos donde\u2026 ah\u00ed ustedes completan la frase\u201d<\/p>\n\n\n\n<p><\/p>\n\n\n\n<figure class=\"wp-block-embed-youtube wp-block-embed is-type-video is-provider-youtube wp-embed-aspect-16-9 wp-has-aspect-ratio\"><div class=\"wp-block-embed__wrapper\">\n<iframe loading=\"lazy\" title=\"Funes Mori, el preferido del Tata Martino - A LO VALO | Episodio 34\" width=\"960\" height=\"540\" src=\"https:\/\/www.youtube.com\/embed\/ubfmJmKt7tw?feature=oembed\" frameborder=\"0\" allow=\"accelerometer; autoplay; clipboard-write; encrypted-media; gyroscope; picture-in-picture\" allowfullscreen><\/iframe>\n<\/div><\/figure>\n\n\n\n<p><\/p>\n\n\n<p><script async=\"\" src=\"https:\/\/pagead2.googlesyndication.com\/pagead\/js\/adsbygoogle.js\"><\/script><br \/>\n<!-- PC 728x90 --><br \/>\n<ins class=\"adsbygoogle\" style=\"display:inline-block;width:728px;height:90px\" data-ad-client=\"ca-pub-9427576701762839\" data-ad-slot=\"1011393878\"><\/ins><br \/>\n<script>\n(adsbygoogle = window.adsbygoogle || []).push({});\n<\/script><\/p>\n","protected":false},"excerpt":{"rendered":"<p>Por Venustiano Carranza Por fin, Rogelio Funes Mori habl\u00f3 largo y tendido sobre su naturalizaci\u00f3n y por ende su llamado a la Selecci\u00f3n Mexicana. Como era de esperarse, el Club de Futbol Monterrey se qued\u00f3 en exclusiva todas sus reacciones y las comparti\u00f3 en sus Redes Sociales. \u00bfQu\u00e9 dijo el Mellizo? Irradiaba alegr\u00eda \u201cEs un&#8230; <\/p>\n<div class=\"clear\"><\/div>\n<p><a href=\"https:\/\/latribunera.com\/apuntes\/index.php\/2021\/06\/23\/salsa-roja-o-verde\/\" class=\"excerpt-read-more\">Read More<i class=\"fa fa-caret-right icon-caret-right\"><\/i><\/a><\/p>\n","protected":false},"author":7,"featured_media":18352,"comment_status":"open","ping_status":"open","sticky":false,"template":"","format":"standard","meta":{"_jetpack_memberships_contains_paid_content":false,"footnotes":""},"categories":[231,3,558,2,229,277],"tags":[560,74,171,266],"class_list":["post-18350","post","type-post","status-publish","format-standard","has-post-thumbnail","hentry","category-apuntes","category-futbol","category-guerrerosaztecas","category-futbol-mexicano","category-mexico","category-zonarayada","tag-el-mellizo","tag-liga-mx","tag-rogelio-funes-mori","tag-seleccion-mexicana"],"jetpack_featured_media_url":"https:\/\/latribunera.com\/apuntes\/wp-content\/uploads\/2021\/06\/Dise\u00f1o-sin-t\u00edtulo-3-3.jpg","jetpack-related-posts":[{"id":45386,"url":"https:\/\/latribunera.com\/apuntes\/index.php\/2026\/03\/11\/santos-launa-impulsa-mejoras-en-la-infraestructura-de-tsm-y-estadio-corona\/","url_meta":{"origin":18350,"position":0},"title":"Santos Laguna impulsa mejoras en la infraestructura de TSM y Estadio Corona","author":"Jacob Alarcon","date":"11 marzo, 2026","format":false,"excerpt":"Club Santos Laguna lleva a cabo una serie de reformas y mejoras en la infraestructura de TerritorioSantos Modelo y del Estadio Corona, con el objetivo de impulsar la innovaci\u00f3n tecnol\u00f3gica, lasostenibilidad y la modernizaci\u00f3n de sus espacios.Con estas acciones, el club contin\u00faa fortaleciendo la experiencia de sus aficionados yactualizando sus\u2026","rel":"","context":"In &quot;Pasi\u00f3n Guerrera&quot;","block_context":{"text":"Pasi\u00f3n Guerrera","link":"https:\/\/latribunera.com\/apuntes\/index.php\/category\/tribus\/pasionguerrera\/"},"img":{"alt_text":"","src":"https:\/\/i0.wp.com\/latribunera.com\/apuntes\/wp-content\/uploads\/2026\/03\/Renovacion-TSM.jpg?resize=350%2C200&ssl=1","width":350,"height":200,"srcset":"https:\/\/i0.wp.com\/latribunera.com\/apuntes\/wp-content\/uploads\/2026\/03\/Renovacion-TSM.jpg?resize=350%2C200&ssl=1 1x, https:\/\/i0.wp.com\/latribunera.com\/apuntes\/wp-content\/uploads\/2026\/03\/Renovacion-TSM.jpg?resize=525%2C300&ssl=1 1.5x, https:\/\/i0.wp.com\/latribunera.com\/apuntes\/wp-content\/uploads\/2026\/03\/Renovacion-TSM.jpg?resize=700%2C400&ssl=1 2x, https:\/\/i0.wp.com\/latribunera.com\/apuntes\/wp-content\/uploads\/2026\/03\/Renovacion-TSM.jpg?resize=1050%2C600&ssl=1 3x, https:\/\/i0.wp.com\/latribunera.com\/apuntes\/wp-content\/uploads\/2026\/03\/Renovacion-TSM.jpg?resize=1400%2C800&ssl=1 4x"},"classes":[]}],"jetpack_sharing_enabled":true,"_links":{"self":[{"href":"https:\/\/latribunera.com\/apuntes\/index.php\/wp-json\/wp\/v2\/posts\/18350","targetHints":{"allow":["GET"]}}],"collection":[{"href":"https:\/\/latribunera.com\/apuntes\/index.php\/wp-json\/wp\/v2\/posts"}],"about":[{"href":"https:\/\/latribunera.com\/apuntes\/index.php\/wp-json\/wp\/v2\/types\/post"}],"author":[{"embeddable":true,"href":"https:\/\/latribunera.com\/apuntes\/index.php\/wp-json\/wp\/v2\/users\/7"}],"replies":[{"embeddable":true,"href":"https:\/\/latribunera.com\/apuntes\/index.php\/wp-json\/wp\/v2\/comments?post=18350"}],"version-history":[{"count":3,"href":"https:\/\/latribunera.com\/apuntes\/index.php\/wp-json\/wp\/v2\/posts\/18350\/revisions"}],"predecessor-version":[{"id":18367,"href":"https:\/\/latribunera.com\/apuntes\/index.php\/wp-json\/wp\/v2\/posts\/18350\/revisions\/18367"}],"wp:featuredmedia":[{"embeddable":true,"href":"https:\/\/latribunera.com\/apuntes\/index.php\/wp-json\/wp\/v2\/media\/18352"}],"wp:attachment":[{"href":"https:\/\/latribunera.com\/apuntes\/index.php\/wp-json\/wp\/v2\/media?parent=18350"}],"wp:term":[{"taxonomy":"category","embeddable":true,"href":"https:\/\/latribunera.com\/apuntes\/index.php\/wp-json\/wp\/v2\/categories?post=18350"},{"taxonomy":"post_tag","embeddable":true,"href":"https:\/\/latribunera.com\/apuntes\/index.php\/wp-json\/wp\/v2\/tags?post=18350"}],"curies":[{"name":"wp","href":"https:\/\/api.w.org\/{rel}","templated":true}]}}