{"id":18417,"date":"2021-06-24T06:25:21","date_gmt":"2021-06-24T06:25:21","guid":{"rendered":"https:\/\/latribunera.com\/apuntes\/?p=18417"},"modified":"2021-06-25T02:09:33","modified_gmt":"2021-06-25T02:09:33","slug":"los-problema-del-vasco-en-la-pretemporada","status":"publish","type":"post","link":"https:\/\/latribunera.com\/apuntes\/index.php\/2021\/06\/24\/los-problema-del-vasco-en-la-pretemporada\/","title":{"rendered":"LOS PROBLEMAS DEL VASCO EN LA PRETEMPORADA"},"content":{"rendered":"\n<p><\/p>\n\n\n<p><script async=\"\" src=\"https:\/\/pagead2.googlesyndication.com\/pagead\/js\/adsbygoogle.js\"><\/script><br \/>\n<!-- PC 728x90 --><br \/>\n<ins class=\"adsbygoogle\" style=\"display:inline-block;width:728px;height:90px\" data-ad-client=\"ca-pub-9427576701762839\" data-ad-slot=\"1011393878\"><\/ins><br \/>\n<script>\n(adsbygoogle = window.adsbygoogle || []).push({});\n<\/script><\/p>\n\n\n\n<p>Por Venustiano\nCarranza<\/p>\n\n\n\n<p>Rayados\nviaj\u00f3 a la Riviera Maya con un pu\u00f1ado de j\u00f3venes ilusionados en poderle llenar\nel ojo a Javier Aguirre y qu\u00e9 puedan ser considerados en el primer equipo.<\/p>\n\n\n\n<p>Esta es la\nbuena noticia para el Vasco, pero la mala es que no tiene a muchos de sus estelares\npor estar en actividad con las diferentes Selecciones Nacionales, aparte\ntampoco cuenta con su refuerzo estelar Esteban Andrada, quien todav\u00eda no\nculmina su fichaje con los albiazules.<\/p>\n\n\n\n<p>Y para colmo de los males se le lesion\u00f3 Vincentj Janssen y ya se encuentra de retache en la Sultana del Norte.<\/p>\n\n\n\n<p><\/p>\n\n\n\n<figure class=\"wp-block-embed-twitter wp-block-embed is-type-rich is-provider-twitter\"><div class=\"wp-block-embed__wrapper\">\n<blockquote class=\"twitter-tweet\" data-width=\"550\" data-dnt=\"true\"><p lang=\"es\" dir=\"ltr\">De \u00faltima hora reportan que V. Janssen <br>ha dejado la pretemporada \ud83d\udea8<br>\u00bfQu\u00e9 le pas\u00f3 al Toro? \ud83d\udc02 <br>\ud83d\udd18<a href=\"https:\/\/t.co\/VEiDdbB8YI\">https:\/\/t.co\/VEiDdbB8YI<\/a> <a href=\"https:\/\/t.co\/m1ZlHRbCSs\">pic.twitter.com\/m1ZlHRbCSs<\/a><\/p>&mdash; Zona Rayada (@zonarayada) <a href=\"https:\/\/twitter.com\/zonarayada\/status\/1407906316190994432?ref_src=twsrc%5Etfw\">June 24, 2021<\/a><\/blockquote><script async src=\"https:\/\/platform.twitter.com\/widgets.js\" charset=\"utf-8\"><\/script>\n<\/div><\/figure>\n\n\n\n<p><\/p>\n\n\n\n<p><\/p>\n\n\n<p><script async=\"\" src=\"https:\/\/pagead2.googlesyndication.com\/pagead\/js\/adsbygoogle.js\"><\/script><br \/>\n<!-- PC 728x90 --><br \/>\n<ins class=\"adsbygoogle\" style=\"display:inline-block;width:728px;height:90px\" data-ad-client=\"ca-pub-9427576701762839\" data-ad-slot=\"1011393878\"><\/ins><br \/>\n<script>\n(adsbygoogle = window.adsbygoogle || []).push({});\n<\/script><\/p>\n\n\n\n<p><\/p>\n\n\n\n<p>As\u00ed que,\nmucha t\u00e1ctica no podr\u00e1 hacer\u2026<\/p>\n\n\n\n<p>Pero bueno\nal mal tiempo, buena cara: ojal\u00e1 les ense\u00f1e a los chavos que es trabajar al\nestilo Aguirre.<\/p>\n\n\n\n<p>Muchos de\nlos j\u00f3venes que est\u00e1n en la pretemporada ser\u00e1n usados con mayor regularidad en\nRaya2, el nuevo equipo de los albiazules que jugar\u00e1 en la Liga de Expansi\u00f3n.<\/p>\n\n\n\n<p><strong>\u00bfQui\u00e9nes andan all\u00e1?<\/strong><\/p>\n\n\n\n<p>\u00c1ngel Zapata, Kaleth Hern\u00e1ndez, Axel Grijalva, Alan Montes, Jacobo Reyes, Jaziel Mart\u00ednez, Michel Rodr\u00edguez, Rom\u00e1n Trujillo, Gustavo S\u00e1nchez, Cesar Ramos, Daniel Parra, Alfonso Alvarado, Sergio Villarreal, Juan Vega, Daniel Lajud, Juan Machado, Hern\u00e1n Pineda, Fernando Mata, Edson Res\u00e9ndez, Edson Guti\u00e9rrez, Alfonso Gonz\u00e1lez, Luis C\u00e1rdenas, Luis L\u00f3pez, Mat\u00edas Kranevitter, Maxi Meza, Celso Ortiz y Dorlan Pab\u00f3n.<\/p>\n\n\n\n<p><\/p>\n\n\n\n<figure class=\"wp-block-embed-youtube wp-block-embed is-type-video is-provider-youtube wp-embed-aspect-16-9 wp-has-aspect-ratio\"><div class=\"wp-block-embed__wrapper\">\n<iframe loading=\"lazy\" title=\"Funes Mori, el preferido del Tata Martino - A LO VALO | Episodio 34\" width=\"960\" height=\"540\" src=\"https:\/\/www.youtube.com\/embed\/ubfmJmKt7tw?feature=oembed\" frameborder=\"0\" allow=\"accelerometer; autoplay; clipboard-write; encrypted-media; gyroscope; picture-in-picture\" allowfullscreen><\/iframe>\n<\/div><\/figure>\n\n\n\n<p><\/p>\n\n\n\n<p><strong>CON INFORMACI\u00d3N DE @ELCHILENOMX<\/strong><\/p>\n\n\n<p><script async=\"\" src=\"https:\/\/pagead2.googlesyndication.com\/pagead\/js\/adsbygoogle.js\"><\/script><br \/>\n<!-- PC 728x90 --><br \/>\n<ins class=\"adsbygoogle\" style=\"display:inline-block;width:728px;height:90px\" data-ad-client=\"ca-pub-9427576701762839\" data-ad-slot=\"1011393878\"><\/ins><br \/>\n<script>\n(adsbygoogle = window.adsbygoogle || []).push({});\n<\/script><\/p>\n\n\n\n<p><\/p>\n","protected":false},"excerpt":{"rendered":"<p>Por Venustiano Carranza Rayados viaj\u00f3 a la Riviera Maya con un pu\u00f1ado de j\u00f3venes ilusionados en poderle llenar el ojo a Javier Aguirre y qu\u00e9 puedan ser considerados en el primer equipo. Esta es la buena noticia para el Vasco, pero la mala es que no tiene a muchos de sus estelares por estar en&#8230; <\/p>\n<div class=\"clear\"><\/div>\n<p><a href=\"https:\/\/latribunera.com\/apuntes\/index.php\/2021\/06\/24\/los-problema-del-vasco-en-la-pretemporada\/\" class=\"excerpt-read-more\">Read More<i class=\"fa fa-caret-right icon-caret-right\"><\/i><\/a><\/p>\n","protected":false},"author":7,"featured_media":18419,"comment_status":"open","ping_status":"open","sticky":false,"template":"","format":"standard","meta":{"_jetpack_memberships_contains_paid_content":false,"footnotes":""},"categories":[231,3,2,277],"tags":[74,567,6],"class_list":["post-18417","post","type-post","status-publish","format-standard","has-post-thumbnail","hentry","category-apuntes","category-futbol","category-futbol-mexicano","category-zonarayada","tag-liga-mx","tag-pretemporada","tag-rayados"],"jetpack_featured_media_url":"https:\/\/latribunera.com\/apuntes\/wp-content\/uploads\/2021\/06\/20210623_145916000_iOS-scaled.jpg","jetpack-related-posts":[{"id":45392,"url":"https:\/\/latribunera.com\/apuntes\/index.php\/2026\/04\/09\/se-presento-la-13va-edicion-del-guerreton\/","url_meta":{"origin":18417,"position":0},"title":"Se presento la 13va edici\u00f3n del Guerret\u00f3n.","author":"Staff","date":"9 abril, 2026","format":false,"excerpt":"A lo largo de sus primeras 12 ediciones, Guerret\u00f3n ha logrado recolectar m\u00e1s de 121,500juguetes, peluches y balones, beneficiando a diversas asociaciones e instituciones de laregi\u00f3n lagunera, entre ellas CRIT Durango, los sistemas DIF de distintos municipios, as\u00edcomo organizaciones educativas y asistenciales. A la fecha, se han instalado cuatro ludotecas\u2026","rel":"","context":"In &quot;Ganar Sirviendo&quot;","block_context":{"text":"Ganar Sirviendo","link":"https:\/\/latribunera.com\/apuntes\/index.php\/category\/futbol\/futbol-mexicano\/ganar-sirviendo\/"},"img":{"alt_text":"","src":"https:\/\/i0.wp.com\/latribunera.com\/apuntes\/wp-content\/uploads\/2026\/04\/9Guerreton-2026-2.jpg.jpeg?resize=350%2C200&ssl=1","width":350,"height":200,"srcset":"https:\/\/i0.wp.com\/latribunera.com\/apuntes\/wp-content\/uploads\/2026\/04\/9Guerreton-2026-2.jpg.jpeg?resize=350%2C200&ssl=1 1x, https:\/\/i0.wp.com\/latribunera.com\/apuntes\/wp-content\/uploads\/2026\/04\/9Guerreton-2026-2.jpg.jpeg?resize=525%2C300&ssl=1 1.5x, https:\/\/i0.wp.com\/latribunera.com\/apuntes\/wp-content\/uploads\/2026\/04\/9Guerreton-2026-2.jpg.jpeg?resize=700%2C400&ssl=1 2x, https:\/\/i0.wp.com\/latribunera.com\/apuntes\/wp-content\/uploads\/2026\/04\/9Guerreton-2026-2.jpg.jpeg?resize=1050%2C600&ssl=1 3x, https:\/\/i0.wp.com\/latribunera.com\/apuntes\/wp-content\/uploads\/2026\/04\/9Guerreton-2026-2.jpg.jpeg?resize=1400%2C800&ssl=1 4x"},"classes":[]}],"jetpack_sharing_enabled":true,"_links":{"self":[{"href":"https:\/\/latribunera.com\/apuntes\/index.php\/wp-json\/wp\/v2\/posts\/18417","targetHints":{"allow":["GET"]}}],"collection":[{"href":"https:\/\/latribunera.com\/apuntes\/index.php\/wp-json\/wp\/v2\/posts"}],"about":[{"href":"https:\/\/latribunera.com\/apuntes\/index.php\/wp-json\/wp\/v2\/types\/post"}],"author":[{"embeddable":true,"href":"https:\/\/latribunera.com\/apuntes\/index.php\/wp-json\/wp\/v2\/users\/7"}],"replies":[{"embeddable":true,"href":"https:\/\/latribunera.com\/apuntes\/index.php\/wp-json\/wp\/v2\/comments?post=18417"}],"version-history":[{"count":4,"href":"https:\/\/latribunera.com\/apuntes\/index.php\/wp-json\/wp\/v2\/posts\/18417\/revisions"}],"predecessor-version":[{"id":18493,"href":"https:\/\/latribunera.com\/apuntes\/index.php\/wp-json\/wp\/v2\/posts\/18417\/revisions\/18493"}],"wp:featuredmedia":[{"embeddable":true,"href":"https:\/\/latribunera.com\/apuntes\/index.php\/wp-json\/wp\/v2\/media\/18419"}],"wp:attachment":[{"href":"https:\/\/latribunera.com\/apuntes\/index.php\/wp-json\/wp\/v2\/media?parent=18417"}],"wp:term":[{"taxonomy":"category","embeddable":true,"href":"https:\/\/latribunera.com\/apuntes\/index.php\/wp-json\/wp\/v2\/categories?post=18417"},{"taxonomy":"post_tag","embeddable":true,"href":"https:\/\/latribunera.com\/apuntes\/index.php\/wp-json\/wp\/v2\/tags?post=18417"}],"curies":[{"name":"wp","href":"https:\/\/api.w.org\/{rel}","templated":true}]}}