{"id":18658,"date":"2021-06-29T13:05:06","date_gmt":"2021-06-29T13:05:06","guid":{"rendered":"https:\/\/latribunera.com\/apuntes\/?p=18658"},"modified":"2021-06-29T19:15:49","modified_gmt":"2021-06-29T19:15:49","slug":"christian-tello-y-darwin-machis-fueron-opciones-reales","status":"publish","type":"post","link":"https:\/\/latribunera.com\/apuntes\/index.php\/2021\/06\/29\/christian-tello-y-darwin-machis-fueron-opciones-reales\/","title":{"rendered":"\u00bfChristian Tello y Darwin Machis fueron opciones reales?"},"content":{"rendered":"\n<p>Por\nVenustiano Carranza<\/p>\n\n\n\n<p>En las\n\u00faltimas horas Duilio Davino brind\u00f3 conferencia ante los medios de\ncomunicaciones y una que otra entrevista mano a mano.<\/p>\n\n\n\n<p>Y ah\u00ed lo\nnotamos diferente, m\u00e1s suelto a lo que suele ser\u2026<\/p>\n\n\n\n<p>En fin, la\nque le\u00edmos muy tempranito de nuestro amigo Juan Carlos Jim\u00e9nez del peri\u00f3dico Cancha,\nah\u00ed el presidente de Rayados charl\u00f3 de todo y destacamos tres temas puntuales.<\/p>\n\n\n\n<p>Entonces concluimos que se solt\u00f3 mucho humo o bien fue adrede para desviar la atenci\u00f3n\u2026<\/p>\n\n\n\n<p><\/p>\n\n\n\n<figure class=\"wp-block-embed-youtube wp-block-embed is-type-video is-provider-youtube wp-embed-aspect-16-9 wp-has-aspect-ratio\"><div class=\"wp-block-embed__wrapper\">\n<iframe loading=\"lazy\" title=\"Las altas y bajas que siguen en Rayados rumbo al Apertura 2021\" width=\"960\" height=\"540\" src=\"https:\/\/www.youtube.com\/embed\/tcRHl1j-PQU?feature=oembed\" frameborder=\"0\" allow=\"accelerometer; autoplay; clipboard-write; encrypted-media; gyroscope; picture-in-picture\" allowfullscreen><\/iframe>\n<\/div><\/figure>\n\n\n\n<p><\/p>\n\n\n\n<p><strong>LAS DECLARACIONES DEL PRESIDENTE ALBIAZUL\u2026<\/strong><\/p>\n\n\n\n<p><strong>Supimos que fuiste a Madrid a ver lo de Tello y Machis\u2026 le cuestionaron<\/strong><\/p>\n\n\n\n<p>\u201cNo, como\ntoda apertura de mercado uno tiene que revisar qu\u00e9 es lo mejor para el club. Un\nrepresentante nos ofreci\u00f3 sus servicios, pero no fueron candidatos a reforzar\nal club\u201d, respondi\u00f3 Davino.<\/p>\n\n\n\n<p><strong>El caso de Erick Aguirre \u00bfLlevan mano?<\/strong><\/p>\n\n\n\n<p>\u201cPor caracter\u00edsticas\ny calidad s\u00ed, estamos revisando el tema econ\u00f3mico si es viable o no, hay que\nser pacientes\u201d<\/p>\n\n\n\n<p><strong>\u00bfHas hablado con Campbell?<\/strong><\/p>\n\n\n\n<p>\u201cS\u00ed, as\u00ed\ncomo \u00e9l estamos revisando otras opciones y tendr\u00eda que ir de la mano con la\nsalida de Dorlan, el perfil (de jugador) que estamos buscando\u201d<\/p>\n\n\n\n<p><strong>\u00bfQu\u00e9 falta para que Loba cierre su pase a la MLS?<\/strong><\/p>\n\n\n\n<p>\u201cEstamos ya muy cerca del cierre, y probablemte esta semana pueda estar viajando a la MLS\u201d<\/p>\n\n\n\n<p><\/p>\n\n\n\n<figure class=\"wp-block-embed-youtube wp-block-embed is-type-video is-provider-youtube wp-embed-aspect-16-9 wp-has-aspect-ratio\"><div class=\"wp-block-embed__wrapper\">\n<iframe loading=\"lazy\" title=\"ESTADIO BBVA TENDR\u00c1 ZONA GENERAL\" width=\"960\" height=\"540\" src=\"https:\/\/www.youtube.com\/embed\/Wcd0LUcO8sw?feature=oembed\" frameborder=\"0\" allow=\"accelerometer; autoplay; clipboard-write; encrypted-media; gyroscope; picture-in-picture\" allowfullscreen><\/iframe>\n<\/div><\/figure>\n\n\n\n<p><\/p>\n\n\n\n<figure class=\"wp-block-embed-youtube wp-block-embed is-type-video is-provider-youtube wp-embed-aspect-16-9 wp-has-aspect-ratio\"><div class=\"wp-block-embed__wrapper\">\n<iframe loading=\"lazy\" title=\"RAYADOS 76 ANIVERSARIO | Un d\u00eda como hoy\" width=\"960\" height=\"540\" src=\"https:\/\/www.youtube.com\/embed\/S2L4pMwDkMk?feature=oembed\" frameborder=\"0\" allow=\"accelerometer; autoplay; clipboard-write; encrypted-media; gyroscope; picture-in-picture\" allowfullscreen><\/iframe>\n<\/div><\/figure>\n\n\n","protected":false},"excerpt":{"rendered":"<p>Por Venustiano Carranza En las \u00faltimas horas Duilio Davino brind\u00f3 conferencia ante los medios de comunicaciones y una que otra entrevista mano a mano. Y ah\u00ed lo notamos diferente, m\u00e1s suelto a lo que suele ser\u2026 En fin, la que le\u00edmos muy tempranito de nuestro amigo Juan Carlos Jim\u00e9nez del peri\u00f3dico Cancha, ah\u00ed el presidente&#8230; <\/p>\n<div class=\"clear\"><\/div>\n<p><a href=\"https:\/\/latribunera.com\/apuntes\/index.php\/2021\/06\/29\/christian-tello-y-darwin-machis-fueron-opciones-reales\/\" class=\"excerpt-read-more\">Read More<i class=\"fa fa-caret-right icon-caret-right\"><\/i><\/a><\/p>\n","protected":false},"author":7,"featured_media":18659,"comment_status":"open","ping_status":"open","sticky":false,"template":"","format":"standard","meta":{"_jetpack_memberships_contains_paid_content":false,"footnotes":""},"categories":[231,3,277],"tags":[6],"class_list":["post-18658","post","type-post","status-publish","format-standard","has-post-thumbnail","hentry","category-apuntes","category-futbol","category-zonarayada","tag-rayados"],"jetpack_featured_media_url":"https:\/\/latribunera.com\/apuntes\/wp-content\/uploads\/2021\/06\/Dise\u00f1o-sin-t\u00edtulo-1-20.jpg","jetpack-related-posts":[{"id":45392,"url":"https:\/\/latribunera.com\/apuntes\/index.php\/2026\/04\/09\/se-presento-la-13va-edicion-del-guerreton\/","url_meta":{"origin":18658,"position":0},"title":"Se presento la 13va edici\u00f3n del Guerret\u00f3n.","author":"Staff","date":"9 abril, 2026","format":false,"excerpt":"A lo largo de sus primeras 12 ediciones, Guerret\u00f3n ha logrado recolectar m\u00e1s de 121,500juguetes, peluches y balones, beneficiando a diversas asociaciones e instituciones de laregi\u00f3n lagunera, entre ellas CRIT Durango, los sistemas DIF de distintos municipios, as\u00edcomo organizaciones educativas y asistenciales. A la fecha, se han instalado cuatro ludotecas\u2026","rel":"","context":"In &quot;Ganar Sirviendo&quot;","block_context":{"text":"Ganar Sirviendo","link":"https:\/\/latribunera.com\/apuntes\/index.php\/category\/futbol\/futbol-mexicano\/ganar-sirviendo\/"},"img":{"alt_text":"","src":"https:\/\/i0.wp.com\/latribunera.com\/apuntes\/wp-content\/uploads\/2026\/04\/9Guerreton-2026-2.jpg.jpeg?resize=350%2C200&ssl=1","width":350,"height":200,"srcset":"https:\/\/i0.wp.com\/latribunera.com\/apuntes\/wp-content\/uploads\/2026\/04\/9Guerreton-2026-2.jpg.jpeg?resize=350%2C200&ssl=1 1x, https:\/\/i0.wp.com\/latribunera.com\/apuntes\/wp-content\/uploads\/2026\/04\/9Guerreton-2026-2.jpg.jpeg?resize=525%2C300&ssl=1 1.5x, https:\/\/i0.wp.com\/latribunera.com\/apuntes\/wp-content\/uploads\/2026\/04\/9Guerreton-2026-2.jpg.jpeg?resize=700%2C400&ssl=1 2x, https:\/\/i0.wp.com\/latribunera.com\/apuntes\/wp-content\/uploads\/2026\/04\/9Guerreton-2026-2.jpg.jpeg?resize=1050%2C600&ssl=1 3x, https:\/\/i0.wp.com\/latribunera.com\/apuntes\/wp-content\/uploads\/2026\/04\/9Guerreton-2026-2.jpg.jpeg?resize=1400%2C800&ssl=1 4x"},"classes":[]}],"jetpack_sharing_enabled":true,"_links":{"self":[{"href":"https:\/\/latribunera.com\/apuntes\/index.php\/wp-json\/wp\/v2\/posts\/18658","targetHints":{"allow":["GET"]}}],"collection":[{"href":"https:\/\/latribunera.com\/apuntes\/index.php\/wp-json\/wp\/v2\/posts"}],"about":[{"href":"https:\/\/latribunera.com\/apuntes\/index.php\/wp-json\/wp\/v2\/types\/post"}],"author":[{"embeddable":true,"href":"https:\/\/latribunera.com\/apuntes\/index.php\/wp-json\/wp\/v2\/users\/7"}],"replies":[{"embeddable":true,"href":"https:\/\/latribunera.com\/apuntes\/index.php\/wp-json\/wp\/v2\/comments?post=18658"}],"version-history":[{"count":3,"href":"https:\/\/latribunera.com\/apuntes\/index.php\/wp-json\/wp\/v2\/posts\/18658\/revisions"}],"predecessor-version":[{"id":18683,"href":"https:\/\/latribunera.com\/apuntes\/index.php\/wp-json\/wp\/v2\/posts\/18658\/revisions\/18683"}],"wp:featuredmedia":[{"embeddable":true,"href":"https:\/\/latribunera.com\/apuntes\/index.php\/wp-json\/wp\/v2\/media\/18659"}],"wp:attachment":[{"href":"https:\/\/latribunera.com\/apuntes\/index.php\/wp-json\/wp\/v2\/media?parent=18658"}],"wp:term":[{"taxonomy":"category","embeddable":true,"href":"https:\/\/latribunera.com\/apuntes\/index.php\/wp-json\/wp\/v2\/categories?post=18658"},{"taxonomy":"post_tag","embeddable":true,"href":"https:\/\/latribunera.com\/apuntes\/index.php\/wp-json\/wp\/v2\/tags?post=18658"}],"curies":[{"name":"wp","href":"https:\/\/api.w.org\/{rel}","templated":true}]}}