{"id":18973,"date":"2021-07-03T18:11:15","date_gmt":"2021-07-03T18:11:15","guid":{"rendered":"https:\/\/latribunera.com\/apuntes\/?p=18973"},"modified":"2021-07-03T18:11:21","modified_gmt":"2021-07-03T18:11:21","slug":"el-mensaje-del-adios-de-dorlan-pabon","status":"publish","type":"post","link":"https:\/\/latribunera.com\/apuntes\/index.php\/2021\/07\/03\/el-mensaje-del-adios-de-dorlan-pabon\/","title":{"rendered":"El mensaje del adi\u00f3s de Dorlan Pab\u00f3n"},"content":{"rendered":"\n<p><\/p>\n\n\n<p><script async src=\"https:\/\/pagead2.googlesyndication.com\/pagead\/js\/adsbygoogle.js\"><\/script><br \/>\n<!-- PC 728x90 --><br \/>\n<ins class=\"adsbygoogle\"\nstyle=\"display:inline-block;width:728px;height:90px\"\ndata-ad-client=\"ca-pub-9427576701762839\"\ndata-ad-slot=\"1011393878\"><\/ins><br \/>\n<script>\n(adsbygoogle = window.adsbygoogle || []).push({});\n<\/script><\/p>\n\n\n\n<p><\/p>\n\n\n\n<p><strong>Por Venustiano Carranza<\/strong><\/p>\n\n\n\n<p>Siguen las\ndespedidas en Rayados. Dorlan Pab\u00f3n vuelve a Colombia y deja a Rayados, un club\nque amar\u00e1 toda la vida.<\/p>\n\n\n\n<p>Nuestro\namigo chileno Elgueta, periodista de Multimedios Deportes se adelant\u00f3 a todos y\nconsigui\u00f3 sus palabras del adi\u00f3s.<\/p>\n\n\n\n<p><strong>\u00bfQu\u00e9 dijo Dorlan?<\/strong><\/p>\n\n\n\n<p><strong>&nbsp;<\/strong>\u00bfC\u00f3mo te\nvas? \u00bfQu\u00e9 decirle a la gente?<\/p>\n\n\n\n<p>\u201cLa verdad\nque contento por ir a nuestro pa\u00eds (Colombia), pero triste por dejar una instituci\u00f3n,\nuna gente muy linda que me abri\u00f3 las puertas a m\u00ed y a mi familia, pero me voy\ncon el coraz\u00f3n contento porque se logr\u00f3 lo que les promet\u00ed, hice historia, dej\u00e9\nun nombre muy en alto y eso es lo m\u00e1s importante, lo m\u00e1s lindo es irse uno con\nla cabeza en alto\u201d<\/p>\n\n\n\n<p>171 goles\ncombinados y 4 m\u00e1ximo goleador\u2026 \u00bfTe vas como uno de los m\u00e1s grandes de la\nhistoria?<\/p>\n\n\n\n<p>\u201cSi, no es f\u00e1cil\nllegar a esas cifras y m\u00e1s en una instituci\u00f3n tan grande y con la escuela de ganar\ny siete a\u00f1os haciendo historia, la verdad que llegue por la puerta grande y ahora\nme voy por otra m\u00e1s grande, voy a seguir cumpliendo mi sue\u00f1o, de mis hijos, de\nseguir ganando que es lo que est\u00e1 en mi cabeza\u201d<\/p>\n\n\n\n<p>\u00bfTe esperan\nen Atl\u00e9tico Nacional? \u00bfBuen momento para ir all\u00e1?<\/p>\n\n\n\n<p>\u201cS\u00ed, lindo\nllegar a donde sal\u00ed bien, hice historia y quiero volver a hacer historia,\nllegar a ganar cosas, seguir sumando a mi carrera en una instituci\u00f3n que\nsiempre me ha abierto las puertas\u201d<\/p>\n\n\n\n<p>Un mensaje\na la afici\u00f3n de Rayados\u2026<\/p>\n\n\n\n<p>\u201cA la gente\nde Monterrey muchas gracias por el cari\u00f1o del d\u00eda a d\u00eda, uno sabe que no qued\u00e9\nen deuda con ellos, todo el cari\u00f1o que me entregaron se los devolv\u00ed en la\ncancha en cada partido y tambi\u00e9n les di alegr\u00edas, muchas gracias a ellos, no\ntengo m\u00e1s que decir que mil, mil gracias\u201d<\/p>\n\n\n\n<p><\/p>\n\n\n<p><script async src=\"https:\/\/pagead2.googlesyndication.com\/pagead\/js\/adsbygoogle.js\"><\/script><br \/>\n<!-- PC 728x90 --><br \/>\n<ins class=\"adsbygoogle\"\nstyle=\"display:inline-block;width:728px;height:90px\"\ndata-ad-client=\"ca-pub-9427576701762839\"\ndata-ad-slot=\"1011393878\"><\/ins><br \/>\n<script>\n(adsbygoogle = window.adsbygoogle || []).push({});\n<\/script><\/p>\n\n\n\n<p><\/p>\n\n\n\n<p><\/p>\n\n\n\n<figure class=\"wp-block-embed-twitter wp-block-embed is-type-rich is-provider-twitter\"><div class=\"wp-block-embed__wrapper\">\n<blockquote class=\"twitter-tweet\" data-width=\"550\" data-dnt=\"true\"><p lang=\"es\" dir=\"ltr\">MENSAJE DE DORLAN PAB\u00d3N PARA LA AFICI\u00d3N DE RAYADOS \ud83e\udd72 <a href=\"https:\/\/twitter.com\/hashtag\/GraciasD8rlan?src=hash&amp;ref_src=twsrc%5Etfw\">#GraciasD8rlan<\/a> <br><br>\ud83c\udfa5 <a href=\"https:\/\/twitter.com\/ElchilenoMX?ref_src=twsrc%5Etfw\">@ElchilenoMX<\/a> <a href=\"https:\/\/twitter.com\/hashtag\/ArribaElMonterrey?src=hash&amp;ref_src=twsrc%5Etfw\">#ArribaElMonterrey<\/a> \u24c2\ufe0f <a href=\"https:\/\/t.co\/A3p6N2SNWr\">pic.twitter.com\/A3p6N2SNWr<\/a><\/p>&mdash; Zona Rayada (@zonarayada) <a href=\"https:\/\/twitter.com\/zonarayada\/status\/1411382209605423108?ref_src=twsrc%5Etfw\">July 3, 2021<\/a><\/blockquote><script async src=\"https:\/\/platform.twitter.com\/widgets.js\" charset=\"utf-8\"><\/script>\n<\/div><\/figure>\n\n\n\n<p><\/p>\n\n\n<p><script async src=\"https:\/\/pagead2.googlesyndication.com\/pagead\/js\/adsbygoogle.js\"><\/script><br \/>\n<!-- PC 728x90 --><br \/>\n<ins class=\"adsbygoogle\"\nstyle=\"display:inline-block;width:728px;height:90px\"\ndata-ad-client=\"ca-pub-9427576701762839\"\ndata-ad-slot=\"1011393878\"><\/ins><br \/>\n<script>\n(adsbygoogle = window.adsbygoogle || []).push({});\n<\/script><\/p>\n\n\n\n<p><\/p>\n\n\n","protected":false},"excerpt":{"rendered":"<p>Por Venustiano Carranza Siguen las despedidas en Rayados. Dorlan Pab\u00f3n vuelve a Colombia y deja a Rayados, un club que amar\u00e1 toda la vida. Nuestro amigo chileno Elgueta, periodista de Multimedios Deportes se adelant\u00f3 a todos y consigui\u00f3 sus palabras del adi\u00f3s. \u00bfQu\u00e9 dijo Dorlan? &nbsp;\u00bfC\u00f3mo te vas? \u00bfQu\u00e9 decirle a la gente? \u201cLa verdad&#8230; <\/p>\n<div class=\"clear\"><\/div>\n<p><a href=\"https:\/\/latribunera.com\/apuntes\/index.php\/2021\/07\/03\/el-mensaje-del-adios-de-dorlan-pabon\/\" class=\"excerpt-read-more\">Read More<i class=\"fa fa-caret-right icon-caret-right\"><\/i><\/a><\/p>\n","protected":false},"author":7,"featured_media":18975,"comment_status":"open","ping_status":"open","sticky":false,"template":"","format":"standard","meta":{"_jetpack_memberships_contains_paid_content":false,"footnotes":""},"categories":[231,3,277],"tags":[538,74],"class_list":["post-18973","post","type-post","status-publish","format-standard","has-post-thumbnail","hentry","category-apuntes","category-futbol","category-zonarayada","tag-dorlan-pabon","tag-liga-mx"],"jetpack_featured_media_url":"https:\/\/latribunera.com\/apuntes\/wp-content\/uploads\/2021\/07\/Rayados-32555-scaled.jpg","jetpack-related-posts":[{"id":45392,"url":"https:\/\/latribunera.com\/apuntes\/index.php\/2026\/04\/09\/se-presento-la-13va-edicion-del-guerreton\/","url_meta":{"origin":18973,"position":0},"title":"Se presento la 13va edici\u00f3n del Guerret\u00f3n.","author":"Staff","date":"9 abril, 2026","format":false,"excerpt":"A lo largo de sus primeras 12 ediciones, Guerret\u00f3n ha logrado recolectar m\u00e1s de 121,500juguetes, peluches y balones, beneficiando a diversas asociaciones e instituciones de laregi\u00f3n lagunera, entre ellas CRIT Durango, los sistemas DIF de distintos municipios, as\u00edcomo organizaciones educativas y asistenciales. A la fecha, se han instalado cuatro ludotecas\u2026","rel":"","context":"In &quot;Ganar Sirviendo&quot;","block_context":{"text":"Ganar Sirviendo","link":"https:\/\/latribunera.com\/apuntes\/index.php\/category\/futbol\/futbol-mexicano\/ganar-sirviendo\/"},"img":{"alt_text":"","src":"https:\/\/i0.wp.com\/latribunera.com\/apuntes\/wp-content\/uploads\/2026\/04\/9Guerreton-2026-2.jpg.jpeg?resize=350%2C200&ssl=1","width":350,"height":200,"srcset":"https:\/\/i0.wp.com\/latribunera.com\/apuntes\/wp-content\/uploads\/2026\/04\/9Guerreton-2026-2.jpg.jpeg?resize=350%2C200&ssl=1 1x, https:\/\/i0.wp.com\/latribunera.com\/apuntes\/wp-content\/uploads\/2026\/04\/9Guerreton-2026-2.jpg.jpeg?resize=525%2C300&ssl=1 1.5x, https:\/\/i0.wp.com\/latribunera.com\/apuntes\/wp-content\/uploads\/2026\/04\/9Guerreton-2026-2.jpg.jpeg?resize=700%2C400&ssl=1 2x, https:\/\/i0.wp.com\/latribunera.com\/apuntes\/wp-content\/uploads\/2026\/04\/9Guerreton-2026-2.jpg.jpeg?resize=1050%2C600&ssl=1 3x, https:\/\/i0.wp.com\/latribunera.com\/apuntes\/wp-content\/uploads\/2026\/04\/9Guerreton-2026-2.jpg.jpeg?resize=1400%2C800&ssl=1 4x"},"classes":[]}],"jetpack_sharing_enabled":true,"_links":{"self":[{"href":"https:\/\/latribunera.com\/apuntes\/index.php\/wp-json\/wp\/v2\/posts\/18973","targetHints":{"allow":["GET"]}}],"collection":[{"href":"https:\/\/latribunera.com\/apuntes\/index.php\/wp-json\/wp\/v2\/posts"}],"about":[{"href":"https:\/\/latribunera.com\/apuntes\/index.php\/wp-json\/wp\/v2\/types\/post"}],"author":[{"embeddable":true,"href":"https:\/\/latribunera.com\/apuntes\/index.php\/wp-json\/wp\/v2\/users\/7"}],"replies":[{"embeddable":true,"href":"https:\/\/latribunera.com\/apuntes\/index.php\/wp-json\/wp\/v2\/comments?post=18973"}],"version-history":[{"count":2,"href":"https:\/\/latribunera.com\/apuntes\/index.php\/wp-json\/wp\/v2\/posts\/18973\/revisions"}],"predecessor-version":[{"id":18977,"href":"https:\/\/latribunera.com\/apuntes\/index.php\/wp-json\/wp\/v2\/posts\/18973\/revisions\/18977"}],"wp:featuredmedia":[{"embeddable":true,"href":"https:\/\/latribunera.com\/apuntes\/index.php\/wp-json\/wp\/v2\/media\/18975"}],"wp:attachment":[{"href":"https:\/\/latribunera.com\/apuntes\/index.php\/wp-json\/wp\/v2\/media?parent=18973"}],"wp:term":[{"taxonomy":"category","embeddable":true,"href":"https:\/\/latribunera.com\/apuntes\/index.php\/wp-json\/wp\/v2\/categories?post=18973"},{"taxonomy":"post_tag","embeddable":true,"href":"https:\/\/latribunera.com\/apuntes\/index.php\/wp-json\/wp\/v2\/tags?post=18973"}],"curies":[{"name":"wp","href":"https:\/\/api.w.org\/{rel}","templated":true}]}}