{"id":18981,"date":"2021-07-04T12:57:56","date_gmt":"2021-07-04T12:57:56","guid":{"rendered":"https:\/\/latribunera.com\/apuntes\/?p=18981"},"modified":"2021-07-04T18:06:09","modified_gmt":"2021-07-04T18:06:09","slug":"se-llevo-todas-las-portadas","status":"publish","type":"post","link":"https:\/\/latribunera.com\/apuntes\/index.php\/2021\/07\/04\/se-llevo-todas-las-portadas\/","title":{"rendered":"\u00a1Se llev\u00f3 todas las portadas!"},"content":{"rendered":"\n<p><\/p>\n\n\n<p><script async=\"\" src=\"https:\/\/pagead2.googlesyndication.com\/pagead\/js\/adsbygoogle.js\"><\/script><br \/>\n<!-- PC 728x90 --><br \/>\n<ins class=\"adsbygoogle\" style=\"display:inline-block;width:728px;height:90px\" data-ad-client=\"ca-pub-9427576701762839\" data-ad-slot=\"1011393878\"><\/ins><br \/>\n<script>\n(adsbygoogle = window.adsbygoogle || []).push({});\n<\/script><\/p>\n\n\n\n<p><\/p>\n\n\n\n<p><\/p>\n\n\n\n<p>El nombre\nde Rogelio Funes Mori se encuentra en boca de todos.<\/p>\n\n\n\n<p>Tras su\nprimera participaci\u00f3n en el Tricolor, el Mellizo fue portada en bastantes\nmedios de comunicaci\u00f3n: Cancha, R\u00e9cord, Ovaciones, etc\u00e9tera <\/p>\n\n\n\n<p>Todos\nalababan la presentaci\u00f3n del delantero de Rayados.<\/p>\n\n\n\n<p>El Mellizo\njug\u00f3 66 minutos y fue participe en tres de los cuatro goles que hizo la Selecci\u00f3n\nde M\u00e9xico al combinado de Nigeria en duelo amistoso previo a la Copa de Oro.<\/p>\n\n\n\n<p>A Funes le\nbastaron 4 minutos para hacerse presente en las redes rivales y anotar su\nprimer gol con la casaca del Tricolor.<\/p>\n\n\n\n<p>S\u00ed, fue una\njugada fortuita, pero los delanteros deben estar ah\u00ed para meter todas, as\u00ed que,\naprovech\u00f3 un mal remate de Hirving Lozano y mand\u00f3 el bal\u00f3n al fondo de las\nredes.<\/p>\n\n\n\n<p>Antes,\nRogelio ya hab\u00eda colaborado al provocar un tiro de esquina, jugada que termin\u00f3\nen el primer gol de los aztecas.<\/p>\n\n\n\n<p>M\u00e9xico se\nfue 2-0 al descenso, pero la fiesta no acabar\u00eda ah\u00ed, el Mellizo le dio un gran\npase a H\u00e9ctor Herrera y se logr\u00f3 el 3-0 al minuto 52.<\/p>\n\n\n\n<p>Con el\npartido resultado, Gerardo Martino empez\u00f3 a darle rotaci\u00f3n a la plantilla y al\n66 sali\u00f3 de cambio el nuevo mexicano Funes Mori.<\/p>\n\n\n\n<p>M\u00e1s tarde, los aztecas anotar\u00edan otro gol, pero el show ya se lo hab\u00eda llevado Rogelio, quien fue tendencia en Redes Sociales antes y durante el partido.<\/p>\n\n\n\n<p><\/p>\n\n\n<p><script async=\"\" src=\"https:\/\/pagead2.googlesyndication.com\/pagead\/js\/adsbygoogle.js\"><\/script><br \/>\n<!-- PC 728x90 --><br \/>\n<ins class=\"adsbygoogle\" style=\"display:inline-block;width:728px;height:90px\" data-ad-client=\"ca-pub-9427576701762839\" data-ad-slot=\"1011393878\"><\/ins><br \/>\n<script>\n(adsbygoogle = window.adsbygoogle || []).push({});\n<\/script><\/p>\n\n\n\n<p><\/p>\n\n\n\n<figure class=\"wp-block-gallery columns-3 is-cropped wp-block-gallery-1 is-layout-flex wp-block-gallery-is-layout-flex\"><ul class=\"blocks-gallery-grid\"><li class=\"blocks-gallery-item\"><figure><img loading=\"lazy\" decoding=\"async\" width=\"800\" height=\"1000\" src=\"https:\/\/latribunera.com\/apuntes\/wp-content\/uploads\/2021\/07\/208425652_2857203511200885_972208719123481414_n.jpg\" alt=\"\" data-id=\"18982\" data-full-url=\"https:\/\/latribunera.com\/apuntes\/wp-content\/uploads\/2021\/07\/208425652_2857203511200885_972208719123481414_n.jpg\" data-link=\"https:\/\/latribunera.com\/apuntes\/?attachment_id=18982\" class=\"wp-image-18982\" srcset=\"https:\/\/latribunera.com\/apuntes\/wp-content\/uploads\/2021\/07\/208425652_2857203511200885_972208719123481414_n.jpg 800w, https:\/\/latribunera.com\/apuntes\/wp-content\/uploads\/2021\/07\/208425652_2857203511200885_972208719123481414_n-240x300.jpg 240w, https:\/\/latribunera.com\/apuntes\/wp-content\/uploads\/2021\/07\/208425652_2857203511200885_972208719123481414_n-768x960.jpg 768w, https:\/\/latribunera.com\/apuntes\/wp-content\/uploads\/2021\/07\/208425652_2857203511200885_972208719123481414_n-440x550.jpg 440w\" sizes=\"auto, (max-width: 800px) 100vw, 800px\" \/><\/figure><\/li><li class=\"blocks-gallery-item\"><figure><img loading=\"lazy\" decoding=\"async\" width=\"563\" height=\"604\" src=\"https:\/\/latribunera.com\/apuntes\/wp-content\/uploads\/2021\/07\/E5bkjltWQAAXIce.jpg\" alt=\"\" data-id=\"18983\" data-full-url=\"https:\/\/latribunera.com\/apuntes\/wp-content\/uploads\/2021\/07\/E5bkjltWQAAXIce.jpg\" data-link=\"https:\/\/latribunera.com\/apuntes\/?attachment_id=18983\" class=\"wp-image-18983\" srcset=\"https:\/\/latribunera.com\/apuntes\/wp-content\/uploads\/2021\/07\/E5bkjltWQAAXIce.jpg 563w, https:\/\/latribunera.com\/apuntes\/wp-content\/uploads\/2021\/07\/E5bkjltWQAAXIce-280x300.jpg 280w\" sizes=\"auto, (max-width: 563px) 100vw, 563px\" \/><\/figure><\/li><li class=\"blocks-gallery-item\"><figure><img loading=\"lazy\" decoding=\"async\" width=\"514\" height=\"693\" src=\"https:\/\/latribunera.com\/apuntes\/wp-content\/uploads\/2021\/07\/R\u00c9CORD.jpg\" alt=\"\" data-id=\"18985\" data-full-url=\"https:\/\/latribunera.com\/apuntes\/wp-content\/uploads\/2021\/07\/R\u00c9CORD.jpg\" data-link=\"https:\/\/latribunera.com\/apuntes\/?attachment_id=18985\" class=\"wp-image-18985\" srcset=\"https:\/\/latribunera.com\/apuntes\/wp-content\/uploads\/2021\/07\/R\u00c9CORD.jpg 514w, https:\/\/latribunera.com\/apuntes\/wp-content\/uploads\/2021\/07\/R\u00c9CORD-223x300.jpg 223w\" sizes=\"auto, (max-width: 514px) 100vw, 514px\" \/><\/figure><\/li><li class=\"blocks-gallery-item\"><figure><img loading=\"lazy\" decoding=\"async\" width=\"754\" height=\"1024\" src=\"https:\/\/latribunera.com\/apuntes\/wp-content\/uploads\/2021\/07\/tapa_1240-754x1024.jpg\" alt=\"\" data-id=\"18986\" data-full-url=\"https:\/\/latribunera.com\/apuntes\/wp-content\/uploads\/2021\/07\/tapa_1240.jpg\" data-link=\"https:\/\/latribunera.com\/apuntes\/?attachment_id=18986\" class=\"wp-image-18986\" srcset=\"https:\/\/latribunera.com\/apuntes\/wp-content\/uploads\/2021\/07\/tapa_1240-754x1024.jpg 754w, https:\/\/latribunera.com\/apuntes\/wp-content\/uploads\/2021\/07\/tapa_1240-221x300.jpg 221w, https:\/\/latribunera.com\/apuntes\/wp-content\/uploads\/2021\/07\/tapa_1240-768x1042.jpg 768w, https:\/\/latribunera.com\/apuntes\/wp-content\/uploads\/2021\/07\/tapa_1240.jpg 1058w\" sizes=\"auto, (max-width: 754px) 100vw, 754px\" \/><\/figure><\/li><\/ul><\/figure>\n\n\n\n<figure class=\"wp-block-embed-youtube wp-block-embed is-type-video is-provider-youtube wp-embed-aspect-16-9 wp-has-aspect-ratio\"><div class=\"wp-block-embed__wrapper\">\n<iframe loading=\"lazy\" title=\"Liga MX: Rumores, fichajes y novelas - A LO VALO | Episodio 35\" width=\"960\" height=\"540\" src=\"https:\/\/www.youtube.com\/embed\/OgETVhFjZHA?feature=oembed\" frameborder=\"0\" allow=\"accelerometer; autoplay; clipboard-write; encrypted-media; gyroscope; picture-in-picture\" allowfullscreen><\/iframe>\n<\/div><\/figure>\n\n\n<p><script async=\"\" src=\"https:\/\/pagead2.googlesyndication.com\/pagead\/js\/adsbygoogle.js\"><\/script><br \/>\n<!-- PC 728x90 --><br \/>\n<ins class=\"adsbygoogle\" style=\"display:inline-block;width:728px;height:90px\" data-ad-client=\"ca-pub-9427576701762839\" data-ad-slot=\"1011393878\"><\/ins><br \/>\n<script>\n(adsbygoogle = window.adsbygoogle || []).push({});\n<\/script><\/p>\n\n\n\n<p><\/p>\n\n\n\n<p><\/p>\n","protected":false},"excerpt":{"rendered":"<p>El nombre de Rogelio Funes Mori se encuentra en boca de todos. Tras su primera participaci\u00f3n en el Tricolor, el Mellizo fue portada en bastantes medios de comunicaci\u00f3n: Cancha, R\u00e9cord, Ovaciones, etc\u00e9tera Todos alababan la presentaci\u00f3n del delantero de Rayados. El Mellizo jug\u00f3 66 minutos y fue participe en tres de los cuatro goles que&#8230; <\/p>\n<div class=\"clear\"><\/div>\n<p><a href=\"https:\/\/latribunera.com\/apuntes\/index.php\/2021\/07\/04\/se-llevo-todas-las-portadas\/\" class=\"excerpt-read-more\">Read More<i class=\"fa fa-caret-right icon-caret-right\"><\/i><\/a><\/p>\n","protected":false},"author":7,"featured_media":18990,"comment_status":"open","ping_status":"open","sticky":false,"template":"","format":"standard","meta":{"_jetpack_memberships_contains_paid_content":false,"footnotes":""},"categories":[231,558,229,228],"tags":[171,266],"class_list":["post-18981","post","type-post","status-publish","format-standard","has-post-thumbnail","hentry","category-apuntes","category-guerrerosaztecas","category-mexico","category-selecciones-nacionales","tag-rogelio-funes-mori","tag-seleccion-mexicana"],"jetpack_featured_media_url":"https:\/\/latribunera.com\/apuntes\/wp-content\/uploads\/2021\/07\/Dise\u00f1o-sin-t\u00edtulo-9.jpg","jetpack-related-posts":[],"jetpack_sharing_enabled":true,"_links":{"self":[{"href":"https:\/\/latribunera.com\/apuntes\/index.php\/wp-json\/wp\/v2\/posts\/18981","targetHints":{"allow":["GET"]}}],"collection":[{"href":"https:\/\/latribunera.com\/apuntes\/index.php\/wp-json\/wp\/v2\/posts"}],"about":[{"href":"https:\/\/latribunera.com\/apuntes\/index.php\/wp-json\/wp\/v2\/types\/post"}],"author":[{"embeddable":true,"href":"https:\/\/latribunera.com\/apuntes\/index.php\/wp-json\/wp\/v2\/users\/7"}],"replies":[{"embeddable":true,"href":"https:\/\/latribunera.com\/apuntes\/index.php\/wp-json\/wp\/v2\/comments?post=18981"}],"version-history":[{"count":4,"href":"https:\/\/latribunera.com\/apuntes\/index.php\/wp-json\/wp\/v2\/posts\/18981\/revisions"}],"predecessor-version":[{"id":18998,"href":"https:\/\/latribunera.com\/apuntes\/index.php\/wp-json\/wp\/v2\/posts\/18981\/revisions\/18998"}],"wp:featuredmedia":[{"embeddable":true,"href":"https:\/\/latribunera.com\/apuntes\/index.php\/wp-json\/wp\/v2\/media\/18990"}],"wp:attachment":[{"href":"https:\/\/latribunera.com\/apuntes\/index.php\/wp-json\/wp\/v2\/media?parent=18981"}],"wp:term":[{"taxonomy":"category","embeddable":true,"href":"https:\/\/latribunera.com\/apuntes\/index.php\/wp-json\/wp\/v2\/categories?post=18981"},{"taxonomy":"post_tag","embeddable":true,"href":"https:\/\/latribunera.com\/apuntes\/index.php\/wp-json\/wp\/v2\/tags?post=18981"}],"curies":[{"name":"wp","href":"https:\/\/api.w.org\/{rel}","templated":true}]}}