{"id":18992,"date":"2021-07-04T13:39:09","date_gmt":"2021-07-04T13:39:09","guid":{"rendered":"https:\/\/latribunera.com\/apuntes\/?p=18992"},"modified":"2021-07-04T13:41:54","modified_gmt":"2021-07-04T13:41:54","slug":"un-sueno-debutar-con-el-tricolor-funes-mori","status":"publish","type":"post","link":"https:\/\/latribunera.com\/apuntes\/index.php\/2021\/07\/04\/un-sueno-debutar-con-el-tricolor-funes-mori\/","title":{"rendered":"UN SUE\u00d1O DEBUTAR CON EL TRICOLOR: FUNES MORI"},"content":{"rendered":"\n<p><\/p>\n\n\n\n<p><\/p>\n\n\n<p><script async=\"\" src=\"https:\/\/pagead2.googlesyndication.com\/pagead\/js\/adsbygoogle.js\"><\/script><br \/>\n<!-- PC 728x90 --><br \/>\n<ins class=\"adsbygoogle\" style=\"display:inline-block;width:728px;height:90px\" data-ad-client=\"ca-pub-9427576701762839\" data-ad-slot=\"1011393878\"><\/ins><br \/>\n<script>\n(adsbygoogle = window.adsbygoogle || []).push({});\n<\/script><\/p>\n\n\n\n<p><\/p>\n\n\n\n<p><\/p>\n\n\n\n<p>Por\nVenustiano Carranza<\/p>\n\n\n\n<p>En una noche redonda para Rogelio Funes Mori y la Selecci\u00f3n Mexicana no pod\u00edamos quedarnos sin las palabras del protagonista del partido.<\/p>\n\n\n\n<p>Un gol y una asistencia en el triunfo 4-0 ante Nigeria pusieron al delantero de Rayados en todos los reflectores, as\u00ed que, hab\u00eda que conocer su sentir; la breve charla fue con TUDN<\/p>\n\n\n\n<p>S\u00edguela\nrompiendo Mellizo\u2026<\/p>\n\n\n\n<p><strong>\u00bfQu\u00e9 dijiste Melli?<\/strong><\/p>\n\n\n\n<p>Sobre el\ndebut en el Tricolor<\/p>\n\n\n\n<p>\u201cUn sue\u00f1o\npara m\u00ed poder debutar con la Selecci\u00f3n Mexicana, un sue\u00f1o cumplido y bueno hay\nque seguir para adelante, creo que hoy el equipo actu\u00f3 muy bien, venimos\ntrabajando muy bien y hoy se reflej\u00f3 en la cancha\u201d<\/p>\n\n\n\n<p>\u00bfQu\u00e9\nsentimiento hab\u00eda antes del partido?<\/p>\n\n\n\n<p>\u201cMuchos\n(sentimientos), un poco de ansiedad, nerviosismo, normal por todo esto, pero\ncon esta clase de jugadores, con los chicos que me han tratado muy bien, todo\nse hizo m\u00e1s f\u00e1cil\u201d<\/p>\n\n\n\n<p>\u00bfC\u00f3mo ha\nsido ese recibimiento?<\/p>\n\n\n\n<p>\u201cLa verdad\nque muy feliz, muy contento, los muchachos me dan sus consejos, que est\u00e9\ntranquilo, que juegue como tengo que jugar y bueno as\u00ed es m\u00e1s f\u00e1cil demostrar\nen la cancha, me he sentido muy c\u00f3modo\u201d<\/p>\n\n\n\n<p><strong>\u00bfY el Tata Martino qu\u00e9 opin\u00f3?<\/strong><\/p>\n\n\n\n<p>\u201cRogelio particip\u00f3\nmucho en la ofensiva y se asoci\u00f3 muy bien con sus compa\u00f1eros. Estamos contentos\ny seguro \u00e9l est\u00e1 tranquilo con el Bal\u00f3n de f\u00fatbol\u201d<\/p>\n\n\n\n<p><\/p>\n\n\n<p><script async=\"\" src=\"https:\/\/pagead2.googlesyndication.com\/pagead\/js\/adsbygoogle.js\"><\/script><br \/>\n<!-- PC 728x90 --><br \/>\n<ins class=\"adsbygoogle\" style=\"display:inline-block;width:728px;height:90px\" data-ad-client=\"ca-pub-9427576701762839\" data-ad-slot=\"1011393878\"><\/ins><br \/>\n<script>\n(adsbygoogle = window.adsbygoogle || []).push({});\n<\/script><\/p>\n\n\n\n<p><\/p>\n\n\n\n<figure class=\"wp-block-embed-youtube wp-block-embed is-type-video is-provider-youtube wp-embed-aspect-16-9 wp-has-aspect-ratio\"><div class=\"wp-block-embed__wrapper\">\n<iframe loading=\"lazy\" title=\"Liga MX: Rumores, fichajes y novelas - A LO VALO | Episodio 35\" width=\"960\" height=\"540\" src=\"https:\/\/www.youtube.com\/embed\/OgETVhFjZHA?feature=oembed\" frameborder=\"0\" allow=\"accelerometer; autoplay; clipboard-write; encrypted-media; gyroscope; picture-in-picture\" allowfullscreen><\/iframe>\n<\/div><\/figure>\n\n\n\n<p><\/p>\n\n\n\n<p><\/p>\n\n\n<p><script async=\"\" src=\"https:\/\/pagead2.googlesyndication.com\/pagead\/js\/adsbygoogle.js\"><\/script><br \/>\n<!-- PC 728x90 --><br \/>\n<ins class=\"adsbygoogle\" style=\"display:inline-block;width:728px;height:90px\" data-ad-client=\"ca-pub-9427576701762839\" data-ad-slot=\"1011393878\"><\/ins><br \/>\n<script>\n(adsbygoogle = window.adsbygoogle || []).push({});\n<\/script><\/p>\n","protected":false},"excerpt":{"rendered":"<p>Por Venustiano Carranza En una noche redonda para Rogelio Funes Mori y la Selecci\u00f3n Mexicana no pod\u00edamos quedarnos sin las palabras del protagonista del partido. Un gol y una asistencia en el triunfo 4-0 ante Nigeria pusieron al delantero de Rayados en todos los reflectores, as\u00ed que, hab\u00eda que conocer su sentir; la breve charla&#8230; <\/p>\n<div class=\"clear\"><\/div>\n<p><a href=\"https:\/\/latribunera.com\/apuntes\/index.php\/2021\/07\/04\/un-sueno-debutar-con-el-tricolor-funes-mori\/\" class=\"excerpt-read-more\">Read More<i class=\"fa fa-caret-right icon-caret-right\"><\/i><\/a><\/p>\n","protected":false},"author":7,"featured_media":18993,"comment_status":"open","ping_status":"open","sticky":false,"template":"","format":"standard","meta":{"_jetpack_memberships_contains_paid_content":false,"footnotes":""},"categories":[231,3,229],"tags":[171],"class_list":["post-18992","post","type-post","status-publish","format-standard","has-post-thumbnail","hentry","category-apuntes","category-futbol","category-mexico","tag-rogelio-funes-mori"],"jetpack_featured_media_url":"https:\/\/latribunera.com\/apuntes\/wp-content\/uploads\/2021\/07\/E5bsny0XIAYnafS-scaled.jpg","jetpack-related-posts":[],"jetpack_sharing_enabled":true,"_links":{"self":[{"href":"https:\/\/latribunera.com\/apuntes\/index.php\/wp-json\/wp\/v2\/posts\/18992","targetHints":{"allow":["GET"]}}],"collection":[{"href":"https:\/\/latribunera.com\/apuntes\/index.php\/wp-json\/wp\/v2\/posts"}],"about":[{"href":"https:\/\/latribunera.com\/apuntes\/index.php\/wp-json\/wp\/v2\/types\/post"}],"author":[{"embeddable":true,"href":"https:\/\/latribunera.com\/apuntes\/index.php\/wp-json\/wp\/v2\/users\/7"}],"replies":[{"embeddable":true,"href":"https:\/\/latribunera.com\/apuntes\/index.php\/wp-json\/wp\/v2\/comments?post=18992"}],"version-history":[{"count":4,"href":"https:\/\/latribunera.com\/apuntes\/index.php\/wp-json\/wp\/v2\/posts\/18992\/revisions"}],"predecessor-version":[{"id":18997,"href":"https:\/\/latribunera.com\/apuntes\/index.php\/wp-json\/wp\/v2\/posts\/18992\/revisions\/18997"}],"wp:featuredmedia":[{"embeddable":true,"href":"https:\/\/latribunera.com\/apuntes\/index.php\/wp-json\/wp\/v2\/media\/18993"}],"wp:attachment":[{"href":"https:\/\/latribunera.com\/apuntes\/index.php\/wp-json\/wp\/v2\/media?parent=18992"}],"wp:term":[{"taxonomy":"category","embeddable":true,"href":"https:\/\/latribunera.com\/apuntes\/index.php\/wp-json\/wp\/v2\/categories?post=18992"},{"taxonomy":"post_tag","embeddable":true,"href":"https:\/\/latribunera.com\/apuntes\/index.php\/wp-json\/wp\/v2\/tags?post=18992"}],"curies":[{"name":"wp","href":"https:\/\/api.w.org\/{rel}","templated":true}]}}