{"id":19006,"date":"2021-07-04T21:50:37","date_gmt":"2021-07-04T21:50:37","guid":{"rendered":"https:\/\/latribunera.com\/apuntes\/?p=19006"},"modified":"2021-07-04T21:50:44","modified_gmt":"2021-07-04T21:50:44","slug":"las-primeras-atajadas-de-esteban-andrada","status":"publish","type":"post","link":"https:\/\/latribunera.com\/apuntes\/index.php\/2021\/07\/04\/las-primeras-atajadas-de-esteban-andrada\/","title":{"rendered":"LAS PRIMERAS \u2018ATAJADAS\u2019 DE ESTEBAN ANDRADA"},"content":{"rendered":"\n<p><\/p>\n\n\n<p><script async src=\"https:\/\/pagead2.googlesyndication.com\/pagead\/js\/adsbygoogle.js\"><\/script><br \/>\n<!-- PC 728x90 --><br \/>\n<ins class=\"adsbygoogle\"\nstyle=\"display:inline-block;width:728px;height:90px\"\ndata-ad-client=\"ca-pub-9427576701762839\"\ndata-ad-slot=\"1011393878\"><\/ins><br \/>\n<script>\n(adsbygoogle = window.adsbygoogle || []).push({});\n<\/script><\/p>\n\n\n\n<p><\/p>\n\n\n\n<p><strong>Por Venustiano Carranza<\/strong><\/p>\n\n\n\n<p>Por fin,\nEsteban Andrada estamp\u00f3 su firma con Rayados y se hizo oficial el fichaje.<\/p>\n\n\n\n<p>En la charla con el propio club, el nuevo portero del Club de Futbol Monterrey se mostr\u00f3 ilusionado por poder huella en la Liga MX.<\/p>\n\n\n\n<p><\/p>\n\n\n\n<figure class=\"wp-block-embed-twitter wp-block-embed is-type-rich is-provider-twitter\"><div class=\"wp-block-embed__wrapper\">\n<blockquote class=\"twitter-tweet\" data-width=\"550\" data-dnt=\"true\"><p lang=\"es\" dir=\"ltr\">\u00a1DALE FLACO ATAJ\u00c1 UNA M\u00c1S! <a href=\"https:\/\/twitter.com\/Rayados?ref_src=twsrc%5Etfw\">@Rayados<\/a> anuncia oficialmente la incorporaci\u00f3n de Esteban Andrada al equipo \ud83e\udd29<br><br>Refuerzo de lujo en la porter\u00eda \ud83e\udde4<br><br>\ud83d\udc49\ud83c\udffb <a href=\"https:\/\/t.co\/npKxQ3hMfj\">https:\/\/t.co\/npKxQ3hMfj<\/a><a href=\"https:\/\/twitter.com\/hashtag\/ArribaElMonterrey?src=hash&amp;ref_src=twsrc%5Etfw\">#ArribaElMonterrey<\/a> \u24c2\ufe0f <a href=\"https:\/\/t.co\/oxSRIySr5e\">pic.twitter.com\/oxSRIySr5e<\/a><\/p>&mdash; Zona Rayada (@zonarayada) <a href=\"https:\/\/twitter.com\/zonarayada\/status\/1411779856879206402?ref_src=twsrc%5Etfw\">July 4, 2021<\/a><\/blockquote><script async src=\"https:\/\/platform.twitter.com\/widgets.js\" charset=\"utf-8\"><\/script>\n<\/div><\/figure>\n\n\n\n<p><strong>\u00bfQu\u00e9 dijo?<\/strong><\/p>\n\n\n\n<p><strong>Su llegada a Monterrey<\/strong><\/p>\n\n\n\n<p>\u201cLa verdad\nque muy feliz, muy contento de poder estar en este gran club, la verdad que me\nrecibieron muy bien, ya not\u00e9 que la gente es muy apasionada, s\u00e9 que estoy en\nuna instituci\u00f3n muy grande, as\u00ed que ojal\u00e1 pueda darle muchas alegr\u00edas a la\ngente\u201d<\/p>\n\n\n\n<p><strong>En la vida y en la cancha\u2026<\/strong><\/p>\n\n\n\n<p>\u201cSoy un\nchicho muy sencillo, me acostumbro a poder estar en cualquier sitio, soy una\npersona muy tranquila para poder llegar a este gran club, me cost\u00f3 mucho, mucho\nsacrificio, no es f\u00e1cil poder estar en Monterrey, el sacrificio de mi parte\nsiempre va a estar, despu\u00e9s las cosas pueden salir bien o mal eso es secundario\nporque es un deporte uno convive con los errores y bueno mi idea es acortar el\nmargen de error y poder poner a Monterrey en lo m\u00e1s alto\u201d<\/p>\n\n\n\n<p>\u201cS\u00e9 que soy\nun chico muy profesional, me vas a encontrar en cada entrenamiento una hora\nantes y bueno eso es lo que me fortalece para cada entrenamiento y cada partido\npoder llegar al m\u00e1ximo\u201d<\/p>\n\n\n\n<p>\u201cCada\npartido poder brindarles a mis compa\u00f1eros seguridad que es lo m\u00e1s importante,\nas\u00ed que, de mi parte voy a estar al cien por ciento para que eso pueda influir\nen los partidos\u201d<\/p>\n\n\n\n<p><strong>Rayados<\/strong><\/p>\n\n\n\n<p>\u201cS\u00ed, tengo\ncompa\u00f1eros como Rogelio (Funes Mori), bueno despu\u00e9s habl\u00e9 con Maxi (Meza), tambi\u00e9n\nEdwin (Cardona) a muchos chicos les fui preguntando qu\u00e9 tal la instituci\u00f3n y la\nverdad que me hablaron de maravilla\u201d<\/p>\n\n\n\n<p>\u201cUno est\u00e1 a\ncompetir a estos niveles de clubes y s\u00e9 que voy a estar muy satisfecho con el\nequipo cuando se cumplan los objetivos que es lo primordial, el poder estar\ndentro de los primeros cuatro cada torneo y ojal\u00e1 podamos salir campeones en\ntodas las competencias que compitamos\u201d<\/p>\n\n\n\n<p><\/p>\n\n\n<p><script async src=\"https:\/\/pagead2.googlesyndication.com\/pagead\/js\/adsbygoogle.js\"><\/script><br \/>\n<!-- PC 728x90 --><br \/>\n<ins class=\"adsbygoogle\"\nstyle=\"display:inline-block;width:728px;height:90px\"\ndata-ad-client=\"ca-pub-9427576701762839\"\ndata-ad-slot=\"1011393878\"><\/ins><br \/>\n<script>\n(adsbygoogle = window.adsbygoogle || []).push({});\n<\/script><\/p>\n\n\n\n<p><\/p>\n\n\n\n<p><strong>Concacaf<\/strong><\/p>\n\n\n\n<p>\u201cSabemos que\nestamos cerca de lograr un objetivo, que es poder estar en la Final para despu\u00e9s\npoder ir al Mundial de Clubes que ya estuvieron y bueno poder llegar a la\ngloria es lo m\u00e1s importante, estamos cerca, ojal\u00e1 se pueda dar\u201d<\/p>\n\n\n\n<p><strong>Estadio BBVA<\/strong><\/p>\n\n\n\n<p>\u201cEstuve viendo\nvideos, fotos y la verdad que lo que creci\u00f3 este club es incre\u00edble en estos\n\u00faltimos diez a\u00f1os, en estos d\u00edas ya voy a poder estar ah\u00ed y bueno seguramente\nla sensaci\u00f3n va a ser mucho m\u00e1s satisfactoria para m\u00ed porque s\u00e9 que llegu\u00e9 a un\nbuen club\u201d<\/p>\n\n\n\n<p><strong>La afici\u00f3n <\/strong><\/p>\n\n\n\n<p>\u201cMe\ncomentaban siempre que sal\u00eda a caminar, la verdad es que se vive 24\/7 de\nRayados, de f\u00fatbol y esto es muy parecido, s\u00e9 que me voy a acostumbrar r\u00e1pido\nque es lo m\u00e1s importante para poder estar a la altura de este gran club\u201d<\/p>\n\n\n\n<p><strong>La carnita asada<\/strong><\/p>\n\n\n\n<p>\u201cOjal\u00e1 llegue\nese d\u00eda para poder probarla, seguramente no va a fallar, estamos cerca, es muy com\u00fan\nde ac\u00e1 y de Argentina de la carne\u201d<\/p>\n\n\n\n<p><strong>La canci\u00f3n<\/strong><\/p>\n\n\n\n<p>\u201cDe mi pueblo, al chico (de la canci\u00f3n) lo conozco, \u00edbamos a la misma escuela, la verdad que cuando la sac\u00f3 me emocion\u00f3 mucho y siempre agradeci\u00e9ndole porque me identifico de lo que era la vida\u201d<\/p>\n\n\n\n<p><\/p>\n\n\n<p><script async src=\"https:\/\/pagead2.googlesyndication.com\/pagead\/js\/adsbygoogle.js\"><\/script><br \/>\n<!-- PC 728x90 --><br \/>\n<ins class=\"adsbygoogle\"\nstyle=\"display:inline-block;width:728px;height:90px\"\ndata-ad-client=\"ca-pub-9427576701762839\"\ndata-ad-slot=\"1011393878\"><\/ins><br \/>\n<script>\n(adsbygoogle = window.adsbygoogle || []).push({});\n<\/script><\/p>\n\n\n\n<p><\/p>\n\n\n","protected":false},"excerpt":{"rendered":"<p>Por Venustiano Carranza Por fin, Esteban Andrada estamp\u00f3 su firma con Rayados y se hizo oficial el fichaje. En la charla con el propio club, el nuevo portero del Club de Futbol Monterrey se mostr\u00f3 ilusionado por poder huella en la Liga MX. \u00bfQu\u00e9 dijo? Su llegada a Monterrey \u201cLa verdad que muy feliz, muy&#8230; <\/p>\n<div class=\"clear\"><\/div>\n<p><a href=\"https:\/\/latribunera.com\/apuntes\/index.php\/2021\/07\/04\/las-primeras-atajadas-de-esteban-andrada\/\" class=\"excerpt-read-more\">Read More<i class=\"fa fa-caret-right icon-caret-right\"><\/i><\/a><\/p>\n","protected":false},"author":7,"featured_media":19008,"comment_status":"open","ping_status":"open","sticky":false,"template":"","format":"standard","meta":{"_jetpack_memberships_contains_paid_content":false,"footnotes":""},"categories":[231,3,277],"tags":[548,74],"class_list":["post-19006","post","type-post","status-publish","format-standard","has-post-thumbnail","hentry","category-apuntes","category-futbol","category-zonarayada","tag-esteban-andrada","tag-liga-mx"],"jetpack_featured_media_url":"https:\/\/latribunera.com\/apuntes\/wp-content\/uploads\/2021\/07\/ea01-scaled.jpg","jetpack-related-posts":[{"id":45392,"url":"https:\/\/latribunera.com\/apuntes\/index.php\/2026\/04\/09\/se-presento-la-13va-edicion-del-guerreton\/","url_meta":{"origin":19006,"position":0},"title":"Se presento la 13va edici\u00f3n del Guerret\u00f3n.","author":"Staff","date":"9 abril, 2026","format":false,"excerpt":"A lo largo de sus primeras 12 ediciones, Guerret\u00f3n ha logrado recolectar m\u00e1s de 121,500juguetes, peluches y balones, beneficiando a diversas asociaciones e instituciones de laregi\u00f3n lagunera, entre ellas CRIT Durango, los sistemas DIF de distintos municipios, as\u00edcomo organizaciones educativas y asistenciales. A la fecha, se han instalado cuatro ludotecas\u2026","rel":"","context":"In &quot;Ganar Sirviendo&quot;","block_context":{"text":"Ganar Sirviendo","link":"https:\/\/latribunera.com\/apuntes\/index.php\/category\/futbol\/futbol-mexicano\/ganar-sirviendo\/"},"img":{"alt_text":"","src":"https:\/\/i0.wp.com\/latribunera.com\/apuntes\/wp-content\/uploads\/2026\/04\/9Guerreton-2026-2.jpg.jpeg?resize=350%2C200&ssl=1","width":350,"height":200,"srcset":"https:\/\/i0.wp.com\/latribunera.com\/apuntes\/wp-content\/uploads\/2026\/04\/9Guerreton-2026-2.jpg.jpeg?resize=350%2C200&ssl=1 1x, https:\/\/i0.wp.com\/latribunera.com\/apuntes\/wp-content\/uploads\/2026\/04\/9Guerreton-2026-2.jpg.jpeg?resize=525%2C300&ssl=1 1.5x, https:\/\/i0.wp.com\/latribunera.com\/apuntes\/wp-content\/uploads\/2026\/04\/9Guerreton-2026-2.jpg.jpeg?resize=700%2C400&ssl=1 2x, https:\/\/i0.wp.com\/latribunera.com\/apuntes\/wp-content\/uploads\/2026\/04\/9Guerreton-2026-2.jpg.jpeg?resize=1050%2C600&ssl=1 3x, https:\/\/i0.wp.com\/latribunera.com\/apuntes\/wp-content\/uploads\/2026\/04\/9Guerreton-2026-2.jpg.jpeg?resize=1400%2C800&ssl=1 4x"},"classes":[]},{"id":45386,"url":"https:\/\/latribunera.com\/apuntes\/index.php\/2026\/03\/11\/santos-launa-impulsa-mejoras-en-la-infraestructura-de-tsm-y-estadio-corona\/","url_meta":{"origin":19006,"position":1},"title":"Santos Laguna impulsa mejoras en la infraestructura de TSM y Estadio Corona","author":"Jacob Alarcon","date":"11 marzo, 2026","format":false,"excerpt":"Club Santos Laguna lleva a cabo una serie de reformas y mejoras en la infraestructura de TerritorioSantos Modelo y del Estadio Corona, con el objetivo de impulsar la innovaci\u00f3n tecnol\u00f3gica, lasostenibilidad y la modernizaci\u00f3n de sus espacios.Con estas acciones, el club contin\u00faa fortaleciendo la experiencia de sus aficionados yactualizando sus\u2026","rel":"","context":"In &quot;Pasi\u00f3n Guerrera&quot;","block_context":{"text":"Pasi\u00f3n Guerrera","link":"https:\/\/latribunera.com\/apuntes\/index.php\/category\/tribus\/pasionguerrera\/"},"img":{"alt_text":"","src":"https:\/\/i0.wp.com\/latribunera.com\/apuntes\/wp-content\/uploads\/2026\/03\/Renovacion-TSM.jpg?resize=350%2C200&ssl=1","width":350,"height":200,"srcset":"https:\/\/i0.wp.com\/latribunera.com\/apuntes\/wp-content\/uploads\/2026\/03\/Renovacion-TSM.jpg?resize=350%2C200&ssl=1 1x, https:\/\/i0.wp.com\/latribunera.com\/apuntes\/wp-content\/uploads\/2026\/03\/Renovacion-TSM.jpg?resize=525%2C300&ssl=1 1.5x, https:\/\/i0.wp.com\/latribunera.com\/apuntes\/wp-content\/uploads\/2026\/03\/Renovacion-TSM.jpg?resize=700%2C400&ssl=1 2x, https:\/\/i0.wp.com\/latribunera.com\/apuntes\/wp-content\/uploads\/2026\/03\/Renovacion-TSM.jpg?resize=1050%2C600&ssl=1 3x, https:\/\/i0.wp.com\/latribunera.com\/apuntes\/wp-content\/uploads\/2026\/03\/Renovacion-TSM.jpg?resize=1400%2C800&ssl=1 4x"},"classes":[]},{"id":45421,"url":"https:\/\/latribunera.com\/apuntes\/index.php\/2026\/04\/16\/todo-listo-para-la-14va-edicion-de-la-copa-internacional-santos-penoles\/","url_meta":{"origin":19006,"position":2},"title":"Todo listo para la 14va edici\u00f3n de la Copa Internacional Santos Pe\u00f1oles","author":"Jacob Alarcon","date":"16 abril, 2026","format":false,"excerpt":"Este jueves, en el Auditorio Orlegi de Territorio Santos Modelo, se llev\u00f3 a cabo la presentaci\u00f3noficial de la edici\u00f3n 2026 de la Copa Internacional Santos Pe\u00f1oles, torneo que se ha consolidadocomo uno de los m\u00e1s importantes a nivel infantil y juvenil en M\u00e9xico. Adem\u00e1s de brindar una competencia deportiva de\u2026","rel":"","context":"In &quot;Sin categor\u00eda&quot;","block_context":{"text":"Sin categor\u00eda","link":"https:\/\/latribunera.com\/apuntes\/index.php\/category\/sin-categoria\/"},"img":{"alt_text":"","src":"https:\/\/i0.wp.com\/latribunera.com\/apuntes\/wp-content\/uploads\/2026\/04\/Presentacion-Copa-Santos-Penoles.jpg?resize=350%2C200&ssl=1","width":350,"height":200,"srcset":"https:\/\/i0.wp.com\/latribunera.com\/apuntes\/wp-content\/uploads\/2026\/04\/Presentacion-Copa-Santos-Penoles.jpg?resize=350%2C200&ssl=1 1x, https:\/\/i0.wp.com\/latribunera.com\/apuntes\/wp-content\/uploads\/2026\/04\/Presentacion-Copa-Santos-Penoles.jpg?resize=525%2C300&ssl=1 1.5x, https:\/\/i0.wp.com\/latribunera.com\/apuntes\/wp-content\/uploads\/2026\/04\/Presentacion-Copa-Santos-Penoles.jpg?resize=700%2C400&ssl=1 2x, https:\/\/i0.wp.com\/latribunera.com\/apuntes\/wp-content\/uploads\/2026\/04\/Presentacion-Copa-Santos-Penoles.jpg?resize=1050%2C600&ssl=1 3x, https:\/\/i0.wp.com\/latribunera.com\/apuntes\/wp-content\/uploads\/2026\/04\/Presentacion-Copa-Santos-Penoles.jpg?resize=1400%2C800&ssl=1 4x"},"classes":[]}],"jetpack_sharing_enabled":true,"_links":{"self":[{"href":"https:\/\/latribunera.com\/apuntes\/index.php\/wp-json\/wp\/v2\/posts\/19006","targetHints":{"allow":["GET"]}}],"collection":[{"href":"https:\/\/latribunera.com\/apuntes\/index.php\/wp-json\/wp\/v2\/posts"}],"about":[{"href":"https:\/\/latribunera.com\/apuntes\/index.php\/wp-json\/wp\/v2\/types\/post"}],"author":[{"embeddable":true,"href":"https:\/\/latribunera.com\/apuntes\/index.php\/wp-json\/wp\/v2\/users\/7"}],"replies":[{"embeddable":true,"href":"https:\/\/latribunera.com\/apuntes\/index.php\/wp-json\/wp\/v2\/comments?post=19006"}],"version-history":[{"count":2,"href":"https:\/\/latribunera.com\/apuntes\/index.php\/wp-json\/wp\/v2\/posts\/19006\/revisions"}],"predecessor-version":[{"id":19010,"href":"https:\/\/latribunera.com\/apuntes\/index.php\/wp-json\/wp\/v2\/posts\/19006\/revisions\/19010"}],"wp:featuredmedia":[{"embeddable":true,"href":"https:\/\/latribunera.com\/apuntes\/index.php\/wp-json\/wp\/v2\/media\/19008"}],"wp:attachment":[{"href":"https:\/\/latribunera.com\/apuntes\/index.php\/wp-json\/wp\/v2\/media?parent=19006"}],"wp:term":[{"taxonomy":"category","embeddable":true,"href":"https:\/\/latribunera.com\/apuntes\/index.php\/wp-json\/wp\/v2\/categories?post=19006"},{"taxonomy":"post_tag","embeddable":true,"href":"https:\/\/latribunera.com\/apuntes\/index.php\/wp-json\/wp\/v2\/tags?post=19006"}],"curies":[{"name":"wp","href":"https:\/\/api.w.org\/{rel}","templated":true}]}}