{"id":19362,"date":"2021-07-12T18:48:30","date_gmt":"2021-07-12T18:48:30","guid":{"rendered":"https:\/\/latribunera.com\/apuntes\/?p=19362"},"modified":"2021-07-13T15:43:11","modified_gmt":"2021-07-13T15:43:11","slug":"perdon-juan-pablo-vigon","status":"publish","type":"post","link":"https:\/\/latribunera.com\/apuntes\/index.php\/2021\/07\/12\/perdon-juan-pablo-vigon\/","title":{"rendered":"Perd\u00f3n, Juan Pablo Vig\u00f3n"},"content":{"rendered":"\n<p><\/p>\n\n\n<p><script async src=\"https:\/\/pagead2.googlesyndication.com\/pagead\/js\/adsbygoogle.js\"><\/script><br \/>\n<!-- PC 728x90 --><br \/>\n<ins class=\"adsbygoogle\"\nstyle=\"display:inline-block;width:728px;height:90px\"\ndata-ad-client=\"ca-pub-9427576701762839\"\ndata-ad-slot=\"1011393878\"><\/ins><br \/>\n<script>\n(adsbygoogle = window.adsbygoogle || []).push({});\n<\/script><\/p>\n\n\n\n<p><\/p>\n\n\n\n<p>Cuando se anunci\u00f3 la llegada de Juan Pablo Vig\u00f3n, fuimos muchos los que mencionamos que el fichaje era de medio pelo, tomando en consideraci\u00f3n las expectativas que se hicieron para cubrir dicha posici\u00f3n (con o sin fundamentos\u2026 siguiendo rumores u opciones reales).<\/p>\n\n\n\n<p>Sin embargo, el muchacho precis\u00f3 de pocos minutos para demostrar cosas importantes.<\/p>\n\n\n\n<p>Es verdad, son apenas partidos de preparaci\u00f3n. Pero as\u00ed como se le peg\u00f3 en su momento por esperar algo distinto, hoy se le aplaude porque el chico no solo ha demostrado esfuerzo y sacrificio (eso es lo menos que podemos esperar de un futbolista profesional), sino tambi\u00e9n liderazgo al momento de hablar con sus compa\u00f1eros y calidad para sumarse al ataque sin descuidar sus labores defensivas.<\/p>\n\n\n\n<p>En ocasiones da la impresi\u00f3n de que Juan Pablo Vig\u00f3n lleva a\u00f1os en el equipo, y apenas ha jugado tres tiempos.<\/p>\n\n\n\n<p><\/p>\n\n\n<p><script async src=\"https:\/\/pagead2.googlesyndication.com\/pagead\/js\/adsbygoogle.js\"><\/script><br \/>\n<!-- PC 728x90 --><br \/>\n<ins class=\"adsbygoogle\"\nstyle=\"display:inline-block;width:728px;height:90px\"\ndata-ad-client=\"ca-pub-9427576701762839\"\ndata-ad-slot=\"1011393878\"><\/ins><br \/>\n<script>\n(adsbygoogle = window.adsbygoogle || []).push({});\n<\/script><\/p>\n\n\n\n<p><\/p>\n\n\n\n<figure class=\"wp-block-embed-youtube wp-block-embed is-type-video is-provider-youtube wp-embed-aspect-16-9 wp-has-aspect-ratio\"><div class=\"wp-block-embed__wrapper\">\n<iframe loading=\"lazy\" title=\"Sebasti\u00e1n Abreu : Una leyenda que port\u00f3 los colores de Tigres UANL\" width=\"960\" height=\"540\" src=\"https:\/\/www.youtube.com\/embed\/__yOp3CL-os?feature=oembed\" frameborder=\"0\" allow=\"accelerometer; autoplay; clipboard-write; encrypted-media; gyroscope; picture-in-picture\" allowfullscreen><\/iframe>\n<\/div><\/figure>\n\n\n\n<p>\u00bfPedirle perd\u00f3n?<\/p>\n\n\n\n<p>Y s\u00ed\u2026&nbsp;<\/p>\n\n\n\n<p>A t\u00edtulo personal admito que fui irresponsable al tacharlo de ser un jugador <em>de medio pelo <\/em>sin antes verlo dentro del terreno de juego defendiendo la camiseta de Tigres.<\/p>\n\n\n\n<p>En casos as\u00ed no me interesa tener la raz\u00f3n. Prefiero equivocarme y que el muchacho resulte ser un tremendo jugador, que el portal n\u00famero seis tiene cierto peso en la instituci\u00f3n.<\/p>\n\n\n\n<p>Tambi\u00e9n te puede interesar:<\/p>\n\n\n\n<p><strong><a href=\"https:\/\/latribunera.com\/apuntes\/index.php\/2021\/07\/12\/que-sensaciones-esta-dejando-tigres-en-sus-partidos-de-preparacion\/\">\u00bfQu\u00e9 sensaciones est\u00e1 dejando Tigres en sus partidos de preparaci\u00f3n?<\/a><\/strong><\/p>\n\n\n\n<p>Twitter:&nbsp;<strong><a href=\"http:\/\/www.twitter.com\/JaimeGarza94\">JaimeGarza94<\/a><\/strong><\/p>\n\n\n\n<p>Instagram:\u00a0<strong><a href=\"http:\/\/www.instagram.com\/JaimeGarzaAutor\">JaimeGarzaAutor<\/a><\/strong><\/p>\n\n\n<p><script async src=\"https:\/\/pagead2.googlesyndication.com\/pagead\/js\/adsbygoogle.js\"><\/script><br \/>\n<!-- PC 728x90 --><br \/>\n<ins class=\"adsbygoogle\"\nstyle=\"display:inline-block;width:728px;height:90px\"\ndata-ad-client=\"ca-pub-9427576701762839\"\ndata-ad-slot=\"1011393878\"><\/ins><br \/>\n<script>\n(adsbygoogle = window.adsbygoogle || []).push({});\n<\/script><\/p>\n\n\n\n<p><\/p>\n\n\n\n\n\n<p><\/p>\n","protected":false},"excerpt":{"rendered":"<p>Cuando se anunci\u00f3 la llegada de Juan Pablo Vig\u00f3n, fuimos muchos los que mencionamos que el fichaje era de medio pelo, tomando en consideraci\u00f3n las expectativas que se hicieron para cubrir dicha posici\u00f3n (con o sin fundamentos\u2026 siguiendo rumores u opciones reales). Sin embargo, el muchacho precis\u00f3 de pocos minutos para demostrar cosas importantes. Es&#8230; <\/p>\n<div class=\"clear\"><\/div>\n<p><a href=\"https:\/\/latribunera.com\/apuntes\/index.php\/2021\/07\/12\/perdon-juan-pablo-vigon\/\" class=\"excerpt-read-more\">Read More<i class=\"fa fa-caret-right icon-caret-right\"><\/i><\/a><\/p>\n","protected":false},"author":23,"featured_media":19366,"comment_status":"open","ping_status":"open","sticky":false,"template":"","format":"standard","meta":{"_jetpack_memberships_contains_paid_content":false,"footnotes":""},"categories":[278],"tags":[564,102],"class_list":["post-19362","post","type-post","status-publish","format-standard","has-post-thumbnail","hentry","category-solotigres","tag-juan-pablo-vigon","tag-tigres"],"jetpack_featured_media_url":"https:\/\/latribunera.com\/apuntes\/wp-content\/uploads\/2021\/07\/vigon.jpg","jetpack-related-posts":[],"jetpack_sharing_enabled":true,"_links":{"self":[{"href":"https:\/\/latribunera.com\/apuntes\/index.php\/wp-json\/wp\/v2\/posts\/19362","targetHints":{"allow":["GET"]}}],"collection":[{"href":"https:\/\/latribunera.com\/apuntes\/index.php\/wp-json\/wp\/v2\/posts"}],"about":[{"href":"https:\/\/latribunera.com\/apuntes\/index.php\/wp-json\/wp\/v2\/types\/post"}],"author":[{"embeddable":true,"href":"https:\/\/latribunera.com\/apuntes\/index.php\/wp-json\/wp\/v2\/users\/23"}],"replies":[{"embeddable":true,"href":"https:\/\/latribunera.com\/apuntes\/index.php\/wp-json\/wp\/v2\/comments?post=19362"}],"version-history":[{"count":4,"href":"https:\/\/latribunera.com\/apuntes\/index.php\/wp-json\/wp\/v2\/posts\/19362\/revisions"}],"predecessor-version":[{"id":19395,"href":"https:\/\/latribunera.com\/apuntes\/index.php\/wp-json\/wp\/v2\/posts\/19362\/revisions\/19395"}],"wp:featuredmedia":[{"embeddable":true,"href":"https:\/\/latribunera.com\/apuntes\/index.php\/wp-json\/wp\/v2\/media\/19366"}],"wp:attachment":[{"href":"https:\/\/latribunera.com\/apuntes\/index.php\/wp-json\/wp\/v2\/media?parent=19362"}],"wp:term":[{"taxonomy":"category","embeddable":true,"href":"https:\/\/latribunera.com\/apuntes\/index.php\/wp-json\/wp\/v2\/categories?post=19362"},{"taxonomy":"post_tag","embeddable":true,"href":"https:\/\/latribunera.com\/apuntes\/index.php\/wp-json\/wp\/v2\/tags?post=19362"}],"curies":[{"name":"wp","href":"https:\/\/api.w.org\/{rel}","templated":true}]}}