{"id":19368,"date":"2021-07-12T21:48:35","date_gmt":"2021-07-12T21:48:35","guid":{"rendered":"https:\/\/latribunera.com\/apuntes\/?p=19368"},"modified":"2021-07-12T21:48:41","modified_gmt":"2021-07-12T21:48:41","slug":"horario-y-donde-ver-fecha-1-liga-mx-femenil","status":"publish","type":"post","link":"https:\/\/latribunera.com\/apuntes\/index.php\/2021\/07\/12\/horario-y-donde-ver-fecha-1-liga-mx-femenil\/","title":{"rendered":"HORARIO Y D\u00d3NDE VER: FECHA 1 LIGA MX FEMENIL"},"content":{"rendered":"\n<p><\/p>\n\n\n<p><script async src=\"https:\/\/pagead2.googlesyndication.com\/pagead\/js\/adsbygoogle.js\"><\/script><br \/>\n<!-- PC 728x90 --><br \/>\n<ins class=\"adsbygoogle\"\nstyle=\"display:inline-block;width:728px;height:90px\"\ndata-ad-client=\"ca-pub-9427576701762839\"\ndata-ad-slot=\"1011393878\"><\/ins><br \/>\n<script>\n(adsbygoogle = window.adsbygoogle || []).push({});\n<\/script><\/p>\n\n\n\n<p><\/p>\n\n\n\n<p>Por Venustiano\nCarranza<\/p>\n\n\n\n<p>Para abrir\nel nuevo semestre futbol\u00edstico: la Liga MX Femenil en su pleno apogeo, en el\nque ser\u00e1 su noveno torneo en casi cuatro a\u00f1os de existencia.<\/p>\n\n\n\n<p>Este viernes\nen el Estadio La Corregidora se dar\u00e1 la patada inicial en el encuentro entre\nGallos Femenil y Rayadas, un duelo donde frente a frente estar\u00e1n Eva Espejo y\nCarla Rossi, dos de las estrategas con mayor renombre y capacidad en el torneo\nliguero.<\/p>\n\n\n\n<p>El s\u00e1bado juega\nPumas Femenil ante Necaxa Femenil, cotejo a efectuarse al mediod\u00eda en el\nEstadio Ol\u00edmpico Universitario.<\/p>\n\n\n\n<p>Mientras\nque, el domingo a las 12 horas, Am\u00e9rica Femenil vs. Santos Femenil y Puebla\nFemenil vs. Le\u00f3n Femenil.<\/p>\n\n\n\n<p>Como toda\nuna tradici\u00f3n de la Liga Femenil muchos juegos para arrancar la semana y ah\u00ed la\naparici\u00f3n de las bicampeonas.<\/p>\n\n\n\n<p>Toluca Femenil\nvs. Atlas Femenil, Pachuca Femenil vs. Tijuana Femenil, Tigres Femenil vs.\nMazatl\u00e1n Femenil, Chivas Femenil vs. Atl\u00e9tico San Luis Femenil y Ju\u00e1rez Femenil\nvs. Cruz Azul Femenil son los juegos para el lunes 19 de julio a partir de las\n17 horas.<\/p>\n\n\n\n<p><\/p>\n\n\n\n<p><\/p>\n\n\n\n<figure class=\"wp-block-embed-youtube wp-block-embed is-type-video is-provider-youtube wp-embed-aspect-16-9 wp-has-aspect-ratio\"><div class=\"wp-block-embed__wrapper\">\n<iframe loading=\"lazy\" title=\"JANA GUTI\u00c9RREZ: TIGRES FEMENIL Y SUS NUEVOS RETOS\" width=\"960\" height=\"540\" src=\"https:\/\/www.youtube.com\/embed\/Bx3aFiYKvA0?feature=oembed\" frameborder=\"0\" allow=\"accelerometer; autoplay; clipboard-write; encrypted-media; gyroscope; picture-in-picture\" allowfullscreen><\/iframe>\n<\/div><\/figure>\n\n\n\n<p><\/p>\n\n\n\n<p><\/p>\n\n\n<p><script async src=\"https:\/\/pagead2.googlesyndication.com\/pagead\/js\/adsbygoogle.js\"><\/script><br \/>\n<!-- PC 728x90 --><br \/>\n<ins class=\"adsbygoogle\"\nstyle=\"display:inline-block;width:728px;height:90px\"\ndata-ad-client=\"ca-pub-9427576701762839\"\ndata-ad-slot=\"1011393878\"><\/ins><br \/>\n<script>\n(adsbygoogle = window.adsbygoogle || []).push({});\n<\/script><\/p>\n\n\n\n<p><strong>LA\nPROGRAMACI\u00d3N<\/strong><\/p>\n\n\n\n<p><strong>Viernes 16\nde julio<\/strong><\/p>\n\n\n\n<p>Gallos Femenil vs. Rayadas<\/p>\n\n\n\n<p>Estadio La Corregidora<\/p>\n\n\n\n<p>Transmisi\u00f3n: TVC Deportes<\/p>\n\n\n\n<p>Horario: 17 horas<\/p>\n\n\n\n<p><strong>S\u00e1bado 17\nde julio<\/strong><\/p>\n\n\n\n<p>Pumas Femenil vs. Necaxa Femenil<\/p>\n\n\n\n<p>Estadio: Ol\u00edmpico Universitario <\/p>\n\n\n\n<p>Transmisi\u00f3n: TUDN<\/p>\n\n\n\n<p>Horario: 12 horas<\/p>\n\n\n\n<p><strong>Domingo 18\nde julio<\/strong><\/p>\n\n\n\n<p>Am\u00e9rica Femenil vs. Santos Femenil<\/p>\n\n\n\n<p>Estadio: Azteca<\/p>\n\n\n\n<p>Transmisi\u00f3n: TUDN<\/p>\n\n\n\n<p>Horario: 12 horas<\/p>\n\n\n\n<p>Puebla Femenil vs. Le\u00f3n Femenil<\/p>\n\n\n\n<p>Estadio: Cuauht\u00e9moc <\/p>\n\n\n\n<p>Transmisi\u00f3n: TVC Deportes<\/p>\n\n\n\n<p>Horario: 12 horas<\/p>\n\n\n\n<p><\/p>\n\n\n<p><script async src=\"https:\/\/pagead2.googlesyndication.com\/pagead\/js\/adsbygoogle.js\"><\/script><br \/>\n<!-- PC 728x90 --><br \/>\n<ins class=\"adsbygoogle\"\nstyle=\"display:inline-block;width:728px;height:90px\"\ndata-ad-client=\"ca-pub-9427576701762839\"\ndata-ad-slot=\"1011393878\"><\/ins><br \/>\n<script>\n(adsbygoogle = window.adsbygoogle || []).push({});\n<\/script><\/p>\n\n\n\n<p><\/p>\n\n\n\n<p><strong>Lunes 19 de\njulio<\/strong><\/p>\n\n\n\n<p>Toluca Femenil vs. Atlas Femenil<\/p>\n\n\n\n<p>Estadio: Nemesio Diez <\/p>\n\n\n\n<p>Transmisi\u00f3n: TUDN <\/p>\n\n\n\n<p>Horario: 17 horas<\/p>\n\n\n\n<p>Pachuca Femenil vs. Tijuana Femenil<\/p>\n\n\n\n<p>Estadio: Hidalgo<\/p>\n\n\n\n<p>Transmisi\u00f3n: Fox Sports<\/p>\n\n\n\n<p>Horario: 19 horas<\/p>\n\n\n\n<p>Tigres Femenil vs. Mazatl\u00e1n Femenil<\/p>\n\n\n\n<p>Estadio: Universitario<\/p>\n\n\n\n<p>Transmisi\u00f3n: TUDN<\/p>\n\n\n\n<p>Horario: 19 horas<\/p>\n\n\n\n<p>Chivas Femenil vs. Atl\u00e9tico San Luis Femenil<\/p>\n\n\n\n<p>Estadio: Akron<\/p>\n\n\n\n<p>Transmisi\u00f3n: Fox Sports \/ Chivas TV<\/p>\n\n\n\n<p>Horario: 21 horas<\/p>\n\n\n\n<p>Ju\u00e1rez vs. Cruz Azul<\/p>\n\n\n\n<p>Estadio: Benito Ju\u00e1rez<\/p>\n\n\n\n<p>Transmisi\u00f3n: TUDN<\/p>\n\n\n\n<p>Horario: 21 horas<\/p>\n\n\n\n<p><\/p>\n\n\n<p><script async src=\"https:\/\/pagead2.googlesyndication.com\/pagead\/js\/adsbygoogle.js\"><\/script><br \/>\n<!-- PC 728x90 --><br \/>\n<ins class=\"adsbygoogle\"\nstyle=\"display:inline-block;width:728px;height:90px\"\ndata-ad-client=\"ca-pub-9427576701762839\"\ndata-ad-slot=\"1011393878\"><\/ins><br \/>\n<script>\n(adsbygoogle = window.adsbygoogle || []).push({});\n<\/script><\/p>\n\n\n\n<p><\/p>\n\n\n\n\n\n<p><\/p>\n","protected":false},"excerpt":{"rendered":"<p>Por Venustiano Carranza Para abrir el nuevo semestre futbol\u00edstico: la Liga MX Femenil en su pleno apogeo, en el que ser\u00e1 su noveno torneo en casi cuatro a\u00f1os de existencia. Este viernes en el Estadio La Corregidora se dar\u00e1 la patada inicial en el encuentro entre Gallos Femenil y Rayadas, un duelo donde frente a&#8230; <\/p>\n<div class=\"clear\"><\/div>\n<p><a href=\"https:\/\/latribunera.com\/apuntes\/index.php\/2021\/07\/12\/horario-y-donde-ver-fecha-1-liga-mx-femenil\/\" class=\"excerpt-read-more\">Read More<i class=\"fa fa-caret-right icon-caret-right\"><\/i><\/a><\/p>\n","protected":false},"author":7,"featured_media":19369,"comment_status":"open","ping_status":"open","sticky":false,"template":"","format":"standard","meta":{"_jetpack_memberships_contains_paid_content":false,"footnotes":""},"categories":[231,64,281],"tags":[214,157,256,147],"class_list":["post-19368","post","type-post","status-publish","format-standard","has-post-thumbnail","hentry","category-apuntes","category-futbol-mexicano-femenil","category-mujerfutbol","tag-america-femenil","tag-chivas-femenil","tag-liga-mx-femenil","tag-rayadas"],"jetpack_featured_media_url":"https:\/\/latribunera.com\/apuntes\/wp-content\/uploads\/2021\/07\/Dise\u00f1o-sin-t\u00edtulo-3-6.jpg","jetpack-related-posts":[{"id":45421,"url":"https:\/\/latribunera.com\/apuntes\/index.php\/2026\/04\/16\/todo-listo-para-la-14va-edicion-de-la-copa-internacional-santos-penoles\/","url_meta":{"origin":19368,"position":0},"title":"Todo listo para la 14va edici\u00f3n de la Copa Internacional Santos Pe\u00f1oles","author":"Jacob Alarcon","date":"16 abril, 2026","format":false,"excerpt":"Este jueves, en el Auditorio Orlegi de Territorio Santos Modelo, se llev\u00f3 a cabo la presentaci\u00f3noficial de la edici\u00f3n 2026 de la Copa Internacional Santos Pe\u00f1oles, torneo que se ha consolidadocomo uno de los m\u00e1s importantes a nivel infantil y juvenil en M\u00e9xico. Adem\u00e1s de brindar una competencia deportiva de\u2026","rel":"","context":"In &quot;Sin categor\u00eda&quot;","block_context":{"text":"Sin categor\u00eda","link":"https:\/\/latribunera.com\/apuntes\/index.php\/category\/sin-categoria\/"},"img":{"alt_text":"","src":"https:\/\/i0.wp.com\/latribunera.com\/apuntes\/wp-content\/uploads\/2026\/04\/Presentacion-Copa-Santos-Penoles.jpg?resize=350%2C200&ssl=1","width":350,"height":200,"srcset":"https:\/\/i0.wp.com\/latribunera.com\/apuntes\/wp-content\/uploads\/2026\/04\/Presentacion-Copa-Santos-Penoles.jpg?resize=350%2C200&ssl=1 1x, https:\/\/i0.wp.com\/latribunera.com\/apuntes\/wp-content\/uploads\/2026\/04\/Presentacion-Copa-Santos-Penoles.jpg?resize=525%2C300&ssl=1 1.5x, https:\/\/i0.wp.com\/latribunera.com\/apuntes\/wp-content\/uploads\/2026\/04\/Presentacion-Copa-Santos-Penoles.jpg?resize=700%2C400&ssl=1 2x, https:\/\/i0.wp.com\/latribunera.com\/apuntes\/wp-content\/uploads\/2026\/04\/Presentacion-Copa-Santos-Penoles.jpg?resize=1050%2C600&ssl=1 3x, https:\/\/i0.wp.com\/latribunera.com\/apuntes\/wp-content\/uploads\/2026\/04\/Presentacion-Copa-Santos-Penoles.jpg?resize=1400%2C800&ssl=1 4x"},"classes":[]},{"id":45392,"url":"https:\/\/latribunera.com\/apuntes\/index.php\/2026\/04\/09\/se-presento-la-13va-edicion-del-guerreton\/","url_meta":{"origin":19368,"position":1},"title":"Se presento la 13va edici\u00f3n del Guerret\u00f3n.","author":"Staff","date":"9 abril, 2026","format":false,"excerpt":"A lo largo de sus primeras 12 ediciones, Guerret\u00f3n ha logrado recolectar m\u00e1s de 121,500juguetes, peluches y balones, beneficiando a diversas asociaciones e instituciones de laregi\u00f3n lagunera, entre ellas CRIT Durango, los sistemas DIF de distintos municipios, as\u00edcomo organizaciones educativas y asistenciales. A la fecha, se han instalado cuatro ludotecas\u2026","rel":"","context":"In &quot;Ganar Sirviendo&quot;","block_context":{"text":"Ganar Sirviendo","link":"https:\/\/latribunera.com\/apuntes\/index.php\/category\/futbol\/futbol-mexicano\/ganar-sirviendo\/"},"img":{"alt_text":"","src":"https:\/\/i0.wp.com\/latribunera.com\/apuntes\/wp-content\/uploads\/2026\/04\/9Guerreton-2026-2.jpg.jpeg?resize=350%2C200&ssl=1","width":350,"height":200,"srcset":"https:\/\/i0.wp.com\/latribunera.com\/apuntes\/wp-content\/uploads\/2026\/04\/9Guerreton-2026-2.jpg.jpeg?resize=350%2C200&ssl=1 1x, https:\/\/i0.wp.com\/latribunera.com\/apuntes\/wp-content\/uploads\/2026\/04\/9Guerreton-2026-2.jpg.jpeg?resize=525%2C300&ssl=1 1.5x, https:\/\/i0.wp.com\/latribunera.com\/apuntes\/wp-content\/uploads\/2026\/04\/9Guerreton-2026-2.jpg.jpeg?resize=700%2C400&ssl=1 2x, https:\/\/i0.wp.com\/latribunera.com\/apuntes\/wp-content\/uploads\/2026\/04\/9Guerreton-2026-2.jpg.jpeg?resize=1050%2C600&ssl=1 3x, https:\/\/i0.wp.com\/latribunera.com\/apuntes\/wp-content\/uploads\/2026\/04\/9Guerreton-2026-2.jpg.jpeg?resize=1400%2C800&ssl=1 4x"},"classes":[]}],"jetpack_sharing_enabled":true,"_links":{"self":[{"href":"https:\/\/latribunera.com\/apuntes\/index.php\/wp-json\/wp\/v2\/posts\/19368","targetHints":{"allow":["GET"]}}],"collection":[{"href":"https:\/\/latribunera.com\/apuntes\/index.php\/wp-json\/wp\/v2\/posts"}],"about":[{"href":"https:\/\/latribunera.com\/apuntes\/index.php\/wp-json\/wp\/v2\/types\/post"}],"author":[{"embeddable":true,"href":"https:\/\/latribunera.com\/apuntes\/index.php\/wp-json\/wp\/v2\/users\/7"}],"replies":[{"embeddable":true,"href":"https:\/\/latribunera.com\/apuntes\/index.php\/wp-json\/wp\/v2\/comments?post=19368"}],"version-history":[{"count":2,"href":"https:\/\/latribunera.com\/apuntes\/index.php\/wp-json\/wp\/v2\/posts\/19368\/revisions"}],"predecessor-version":[{"id":19371,"href":"https:\/\/latribunera.com\/apuntes\/index.php\/wp-json\/wp\/v2\/posts\/19368\/revisions\/19371"}],"wp:featuredmedia":[{"embeddable":true,"href":"https:\/\/latribunera.com\/apuntes\/index.php\/wp-json\/wp\/v2\/media\/19369"}],"wp:attachment":[{"href":"https:\/\/latribunera.com\/apuntes\/index.php\/wp-json\/wp\/v2\/media?parent=19368"}],"wp:term":[{"taxonomy":"category","embeddable":true,"href":"https:\/\/latribunera.com\/apuntes\/index.php\/wp-json\/wp\/v2\/categories?post=19368"},{"taxonomy":"post_tag","embeddable":true,"href":"https:\/\/latribunera.com\/apuntes\/index.php\/wp-json\/wp\/v2\/tags?post=19368"}],"curies":[{"name":"wp","href":"https:\/\/api.w.org\/{rel}","templated":true}]}}