{"id":19954,"date":"2021-07-25T09:19:50","date_gmt":"2021-07-25T09:19:50","guid":{"rendered":"https:\/\/latribunera.com\/apuntes\/?p=19954"},"modified":"2021-07-25T09:19:56","modified_gmt":"2021-07-25T09:19:56","slug":"es-un-avion-no-es-funes-mori","status":"publish","type":"post","link":"https:\/\/latribunera.com\/apuntes\/index.php\/2021\/07\/25\/es-un-avion-no-es-funes-mori\/","title":{"rendered":"\u00bfEs un avi\u00f3n? \u00a1No, es Funes Mori!"},"content":{"rendered":"\n<p><\/p>\n\n\n\n<p><strong>Por Venustiano Carranza<\/strong><\/p>\n\n\n\n<p>Pedazo de\ngol que se mand\u00f3 hacer Rogelio Funes Mori en la Copa de Oro.<\/p>\n\n\n\n<p>El Mellizo\nsigue en armon\u00eda con el gol en la Selecci\u00f3n Mexicana al hacerse presente en el\ntriunfo 3-0 frente a Honduras.<\/p>\n\n\n\n<p>La\nanotaci\u00f3n del atacante de Rayados abri\u00f3 la llave para la clasificaci\u00f3n de los\naztecas hacia Semifinales del torneo veraniego.<\/p>\n\n\n\n<p>Al minuto 25, Luis Rodr\u00edguez mand\u00f3 el bal\u00f3n al coraz\u00f3n del \u00e1rea y justo ah\u00ed Funes, quien fue a encontrarse con la esf\u00e9rica al hacer un salto, girar su cabeza y rematar de forma precisa.<\/p>\n\n\n\n<figure class=\"wp-block-gallery columns-1 is-cropped wp-block-gallery-1 is-layout-flex wp-block-gallery-is-layout-flex\"><ul class=\"blocks-gallery-grid\"><li class=\"blocks-gallery-item\"><figure><img loading=\"lazy\" decoding=\"async\" width=\"1024\" height=\"683\" src=\"https:\/\/latribunera.com\/apuntes\/wp-content\/uploads\/2021\/07\/E7HIV9PWUAIAU8t-1024x683.jpg\" alt=\"\" data-id=\"19956\" data-full-url=\"https:\/\/latribunera.com\/apuntes\/wp-content\/uploads\/2021\/07\/E7HIV9PWUAIAU8t-scaled.jpg\" data-link=\"https:\/\/latribunera.com\/apuntes\/?attachment_id=19956\" class=\"wp-image-19956\" srcset=\"https:\/\/latribunera.com\/apuntes\/wp-content\/uploads\/2021\/07\/E7HIV9PWUAIAU8t-1024x683.jpg 1024w, https:\/\/latribunera.com\/apuntes\/wp-content\/uploads\/2021\/07\/E7HIV9PWUAIAU8t-300x200.jpg 300w, https:\/\/latribunera.com\/apuntes\/wp-content\/uploads\/2021\/07\/E7HIV9PWUAIAU8t-768x512.jpg 768w, https:\/\/latribunera.com\/apuntes\/wp-content\/uploads\/2021\/07\/E7HIV9PWUAIAU8t-1536x1024.jpg 1536w, https:\/\/latribunera.com\/apuntes\/wp-content\/uploads\/2021\/07\/E7HIV9PWUAIAU8t-2048x1366.jpg 2048w\" sizes=\"auto, (max-width: 1024px) 100vw, 1024px\" \/><\/figure><\/li><\/ul><\/figure>\n\n\n\n<p><\/p>\n\n\n\n<p><strong>\u00a1Ac\u00e1 te dejamos el gol!<\/strong><\/p>\n\n\n\n<figure class=\"wp-block-embed-twitter wp-block-embed is-type-rich is-provider-twitter\"><div class=\"wp-block-embed__wrapper\">\n<blockquote class=\"twitter-tweet\" data-width=\"550\" data-dnt=\"true\"><p lang=\"es\" dir=\"ltr\">\ud83c\udfa5 EL GOL DEL ME11ICANO ROGELIO FUNES MORI \ud83d\udd25\ud83d\udd25\ud83d\udd25\ud83d\udd25\ud83d\udd25\ud83d\udd25<br><br> <a href=\"https:\/\/t.co\/k3RY2rPohH\">pic.twitter.com\/k3RY2rPohH<\/a><\/p>&mdash; Zona Rayada (@zonarayada) <a href=\"https:\/\/twitter.com\/zonarayada\/status\/1419131315086143489?ref_src=twsrc%5Etfw\">July 25, 2021<\/a><\/blockquote><script async src=\"https:\/\/platform.twitter.com\/widgets.js\" charset=\"utf-8\"><\/script>\n<\/div><\/figure>\n","protected":false},"excerpt":{"rendered":"<p>Por Venustiano Carranza Pedazo de gol que se mand\u00f3 hacer Rogelio Funes Mori en la Copa de Oro. El Mellizo sigue en armon\u00eda con el gol en la Selecci\u00f3n Mexicana al hacerse presente en el triunfo 3-0 frente a Honduras. La anotaci\u00f3n del atacante de Rayados abri\u00f3 la llave para la clasificaci\u00f3n de los aztecas&#8230; <\/p>\n<div class=\"clear\"><\/div>\n<p><a href=\"https:\/\/latribunera.com\/apuntes\/index.php\/2021\/07\/25\/es-un-avion-no-es-funes-mori\/\" class=\"excerpt-read-more\">Read More<i class=\"fa fa-caret-right icon-caret-right\"><\/i><\/a><\/p>\n","protected":false},"author":7,"featured_media":19957,"comment_status":"open","ping_status":"open","sticky":false,"template":"","format":"standard","meta":{"_jetpack_memberships_contains_paid_content":false,"footnotes":""},"categories":[231,558,277],"tags":[171,604],"class_list":["post-19954","post","type-post","status-publish","format-standard","has-post-thumbnail","hentry","category-apuntes","category-guerrerosaztecas","category-zonarayada","tag-rogelio-funes-mori","tag-seleccion-de-mexico"],"jetpack_featured_media_url":"https:\/\/latribunera.com\/apuntes\/wp-content\/uploads\/2021\/07\/E7HIV9bXoAIXh7h-scaled.jpg","jetpack-related-posts":[{"id":45392,"url":"https:\/\/latribunera.com\/apuntes\/index.php\/2026\/04\/09\/se-presento-la-13va-edicion-del-guerreton\/","url_meta":{"origin":19954,"position":0},"title":"Se presento la 13va edici\u00f3n del Guerret\u00f3n.","author":"Staff","date":"9 abril, 2026","format":false,"excerpt":"A lo largo de sus primeras 12 ediciones, Guerret\u00f3n ha logrado recolectar m\u00e1s de 121,500juguetes, peluches y balones, beneficiando a diversas asociaciones e instituciones de laregi\u00f3n lagunera, entre ellas CRIT Durango, los sistemas DIF de distintos municipios, as\u00edcomo organizaciones educativas y asistenciales. A la fecha, se han instalado cuatro ludotecas\u2026","rel":"","context":"In &quot;Ganar Sirviendo&quot;","block_context":{"text":"Ganar Sirviendo","link":"https:\/\/latribunera.com\/apuntes\/index.php\/category\/futbol\/futbol-mexicano\/ganar-sirviendo\/"},"img":{"alt_text":"","src":"https:\/\/i0.wp.com\/latribunera.com\/apuntes\/wp-content\/uploads\/2026\/04\/9Guerreton-2026-2.jpg.jpeg?resize=350%2C200&ssl=1","width":350,"height":200,"srcset":"https:\/\/i0.wp.com\/latribunera.com\/apuntes\/wp-content\/uploads\/2026\/04\/9Guerreton-2026-2.jpg.jpeg?resize=350%2C200&ssl=1 1x, https:\/\/i0.wp.com\/latribunera.com\/apuntes\/wp-content\/uploads\/2026\/04\/9Guerreton-2026-2.jpg.jpeg?resize=525%2C300&ssl=1 1.5x, https:\/\/i0.wp.com\/latribunera.com\/apuntes\/wp-content\/uploads\/2026\/04\/9Guerreton-2026-2.jpg.jpeg?resize=700%2C400&ssl=1 2x, https:\/\/i0.wp.com\/latribunera.com\/apuntes\/wp-content\/uploads\/2026\/04\/9Guerreton-2026-2.jpg.jpeg?resize=1050%2C600&ssl=1 3x, https:\/\/i0.wp.com\/latribunera.com\/apuntes\/wp-content\/uploads\/2026\/04\/9Guerreton-2026-2.jpg.jpeg?resize=1400%2C800&ssl=1 4x"},"classes":[]}],"jetpack_sharing_enabled":true,"_links":{"self":[{"href":"https:\/\/latribunera.com\/apuntes\/index.php\/wp-json\/wp\/v2\/posts\/19954","targetHints":{"allow":["GET"]}}],"collection":[{"href":"https:\/\/latribunera.com\/apuntes\/index.php\/wp-json\/wp\/v2\/posts"}],"about":[{"href":"https:\/\/latribunera.com\/apuntes\/index.php\/wp-json\/wp\/v2\/types\/post"}],"author":[{"embeddable":true,"href":"https:\/\/latribunera.com\/apuntes\/index.php\/wp-json\/wp\/v2\/users\/7"}],"replies":[{"embeddable":true,"href":"https:\/\/latribunera.com\/apuntes\/index.php\/wp-json\/wp\/v2\/comments?post=19954"}],"version-history":[{"count":2,"href":"https:\/\/latribunera.com\/apuntes\/index.php\/wp-json\/wp\/v2\/posts\/19954\/revisions"}],"predecessor-version":[{"id":19959,"href":"https:\/\/latribunera.com\/apuntes\/index.php\/wp-json\/wp\/v2\/posts\/19954\/revisions\/19959"}],"wp:featuredmedia":[{"embeddable":true,"href":"https:\/\/latribunera.com\/apuntes\/index.php\/wp-json\/wp\/v2\/media\/19957"}],"wp:attachment":[{"href":"https:\/\/latribunera.com\/apuntes\/index.php\/wp-json\/wp\/v2\/media?parent=19954"}],"wp:term":[{"taxonomy":"category","embeddable":true,"href":"https:\/\/latribunera.com\/apuntes\/index.php\/wp-json\/wp\/v2\/categories?post=19954"},{"taxonomy":"post_tag","embeddable":true,"href":"https:\/\/latribunera.com\/apuntes\/index.php\/wp-json\/wp\/v2\/tags?post=19954"}],"curies":[{"name":"wp","href":"https:\/\/api.w.org\/{rel}","templated":true}]}}