{"id":20108,"date":"2021-07-30T00:42:16","date_gmt":"2021-07-30T00:42:16","guid":{"rendered":"https:\/\/latribunera.com\/apuntes\/?p=20108"},"modified":"2021-07-30T00:56:58","modified_gmt":"2021-07-30T00:56:58","slug":"la-franja-vuelve-a-casa","status":"publish","type":"post","link":"https:\/\/latribunera.com\/apuntes\/index.php\/2021\/07\/30\/la-franja-vuelve-a-casa\/","title":{"rendered":"\u00a1LA FRANJA VUELVE A CASA!"},"content":{"rendered":"\n<p><\/p>\n\n\n<p><script async=\"\" src=\"https:\/\/pagead2.googlesyndication.com\/pagead\/js\/adsbygoogle.js\"><\/script><br \/>\n<!-- PC 728x90 --><br \/>\n<ins class=\"adsbygoogle\" style=\"display:inline-block;width:728px;height:90px\" data-ad-client=\"ca-pub-9427576701762839\" data-ad-slot=\"1011393878\"><\/ins><br \/>\n<script>\n(adsbygoogle = window.adsbygoogle || []).push({});\n<\/script><\/p>\n\n\n\n<p><\/p>\n\n\n\n<p><strong>Por H\u00e9ctor Padilla | Twitter @padiyaocelotl<\/strong><\/p>\n\n\n\n<p>El Puebla de la Franja, obtuvo uno\nde esos empates que saben a victoria el pasado domingo 25 de julio en la\nSultana del Norte, donde viniendo de atr\u00e1s empat\u00f3 a un gol con Rayados en la\nagon\u00eda del partido y con ello, comenz\u00f3 sumando en este torneo denominado Grita\nM\u00e9xico A 2021.<\/p>\n\n\n\n<p>Ahora, los dirigidos por Nicol\u00e1s Larcam\u00f3n, recibir\u00e1n este viernes 30 de julio a las 19 horas en el Estadio Cuauht\u00e9moc al Guadalajara, quien al igual que Rayados, no contar\u00e1 con seleccionados, situaci\u00f3n que hab\u00eda sido estipulada por los directivos desde antes de que comenzar\u00e1 el torneo. <\/p>\n\n\n\n<p><\/p>\n\n\n\n<figure class=\"wp-block-embed-twitter wp-block-embed is-type-rich is-provider-twitter\"><div class=\"wp-block-embed__wrapper\">\n<blockquote class=\"twitter-tweet\" data-width=\"550\" data-dnt=\"true\"><p lang=\"es\" dir=\"ltr\">\u24d8 Este usuario tiene una cita ma\u00f1ana con el Fuerte de Maravillas \ud83c\udfdf<br><br>\u00a1Estamos listos para todo lo que viviremos este torneo juntos en casa!\ud83d\udd35<a href=\"https:\/\/twitter.com\/hashtag\/LaFranjaQueNosUne?src=hash&amp;ref_src=twsrc%5Etfw\">#LaFranjaQueNosUne<\/a>\ud83c\udfbd <a href=\"https:\/\/t.co\/idXzqcmgi1\">pic.twitter.com\/idXzqcmgi1<\/a><\/p>&mdash; Club Puebla \ud83c\udfbd (@ClubPueblaMX) <a href=\"https:\/\/twitter.com\/ClubPueblaMX\/status\/1420871123433103372?ref_src=twsrc%5Etfw\">July 29, 2021<\/a><\/blockquote><script async src=\"https:\/\/platform.twitter.com\/widgets.js\" charset=\"utf-8\"><\/script>\n<\/div><\/figure>\n\n\n\n<p><\/p>\n\n\n\n<p>El partido luce un tanto\nimpredecible, sobre todo porque equipos como Chivas, quien perdi\u00f3 en casa\ndentro de su presentaci\u00f3n contra el Atl\u00e9tico San Luis, buscar\u00e1 salir con un\nbuen resultado de la Angel\u00f3polis y menguar un poco la presi\u00f3n que\nconstantemente tiene este equipo.<\/p>\n\n\n\n<p>Por su parte, para el t\u00e9cnico\nargentino Larcam\u00f3n, el Puebla sigue teniendo la m\u00edstica del torneo anterior y\nde igual manera, sigue manejando la misma idea, referente a que deben ir\npartido tras partido con la finalidad de reinventarse en cada jornada. El\ndesempe\u00f1o del equipo ha sido bueno, pero ello no debe generar caer en\nconformidades.<\/p>\n\n\n\n<p>Larcam\u00f3n no omite que los partidos siguientes, comenzando por Chivas, ser\u00e1n de mucha exigencia para el equipo poblano, por lo que deben enfocarse en estar atentos para salir adelante. De igual manera, extern\u00f3 que est\u00e1 en espera del \u00faltimo refuerzo que llegara a generar al interior del equipo, a\u00fan mayor competencia, sumando para lograr los objetivos.<\/p>\n\n\n\n<p><\/p>\n\n\n<p><script async=\"\" src=\"https:\/\/pagead2.googlesyndication.com\/pagead\/js\/adsbygoogle.js\"><\/script><br \/>\n<!-- PC 728x90 --><br \/>\n<ins class=\"adsbygoogle\" style=\"display:inline-block;width:728px;height:90px\" data-ad-client=\"ca-pub-9427576701762839\" data-ad-slot=\"1011393878\"><\/ins><br \/>\n<script>\n(adsbygoogle = window.adsbygoogle || []).push({});\n<\/script><\/p>\n\n\n\n<p><\/p>\n\n\n\n<figure class=\"wp-block-embed-twitter wp-block-embed is-type-rich is-provider-twitter\"><div class=\"wp-block-embed__wrapper\">\n<blockquote class=\"twitter-tweet\" data-width=\"550\" data-dnt=\"true\"><p lang=\"es\" dir=\"ltr\">\ud83d\udea8 VENTA GENERAL S\u00d3LO EN <a href=\"https:\/\/twitter.com\/boletomovil?ref_src=twsrc%5Etfw\">@boletomovil<\/a> \ud83d\udea8<br><br>Hoy no vayas al \ud83c\udfdf Cuauht\u00e9moc, adquiere tus boletos en desde tu camita, tu oficina o desde donde est\u00e9s \ud83d\udd35 <br><br>\u00a1Est\u00e1s a un clic de apoyar a <a href=\"https:\/\/twitter.com\/hashtag\/LaFranjaQueNosUne?src=hash&amp;ref_src=twsrc%5Etfw\">#LaFranjaQueNosUne<\/a>\ud83c\udfbd este viernes!\ud83d\udc47\ud83c\udffb<\/p>&mdash; Club Puebla \ud83c\udfbd (@ClubPueblaMX) <a href=\"https:\/\/twitter.com\/ClubPueblaMX\/status\/1420434049454075907?ref_src=twsrc%5Etfw\">July 28, 2021<\/a><\/blockquote><script async src=\"https:\/\/platform.twitter.com\/widgets.js\" charset=\"utf-8\"><\/script>\n<\/div><\/figure>\n\n\n\n<p><\/p>\n\n\n\n<p>En lo hist\u00f3rico dentro de los\npartidos jugados en la ciudad angelical desde 1944 donde se dio el primer\nenfrentamiento y que gan\u00f3 la Franja, han ocurrido 24 victorias para los locales\npor 13 de Guadalajara y 23 empates, donde 6 de ellos han sido a cero goles,\nteniendo la Franja 90 goles a favor por 70 en contra.<\/p>\n\n\n\n<p>Ello, por supuesto que genera la idea de que puede haber goles en una rivalidad que ya es a\u00f1eja y que ha trascendido incluso en finales tanto de Copa como de Liga en nuestro balompi\u00e9.<\/p>\n\n\n\n<p><\/p>\n\n\n\n<figure class=\"wp-block-embed-youtube wp-block-embed is-type-video is-provider-youtube wp-embed-aspect-16-9 wp-has-aspect-ratio\"><div class=\"wp-block-embed__wrapper\">\n<iframe loading=\"lazy\" title=\"PRON\u00d3STICOS: Puebla vs Chivas. Jornada 2 - Apertura 2021 | Quinieleros\" width=\"960\" height=\"540\" src=\"https:\/\/www.youtube.com\/embed\/6bRaXYiw8Yg?feature=oembed\" frameborder=\"0\" allow=\"accelerometer; autoplay; clipboard-write; encrypted-media; gyroscope; picture-in-picture\" allowfullscreen><\/iframe>\n<\/div><\/figure>\n\n\n\n<p><\/p>\n\n\n\n<p><\/p>\n\n\n<p><script async=\"\" src=\"https:\/\/pagead2.googlesyndication.com\/pagead\/js\/adsbygoogle.js\"><\/script><br \/>\n<!-- PC 728x90 --><br \/>\n<ins class=\"adsbygoogle\" style=\"display:inline-block;width:728px;height:90px\" data-ad-client=\"ca-pub-9427576701762839\" data-ad-slot=\"1011393878\"><\/ins><br \/>\n<script>\n(adsbygoogle = window.adsbygoogle || []).push({});\n<\/script><\/p>\n\n\n\n<p><\/p>\n\n\n\n<p><\/p>\n","protected":false},"excerpt":{"rendered":"<p>Por H\u00e9ctor Padilla | Twitter @padiyaocelotl El Puebla de la Franja, obtuvo uno de esos empates que saben a victoria el pasado domingo 25 de julio en la Sultana del Norte, donde viniendo de atr\u00e1s empat\u00f3 a un gol con Rayados en la agon\u00eda del partido y con ello, comenz\u00f3 sumando en este torneo denominado&#8230; <\/p>\n<div class=\"clear\"><\/div>\n<p><a href=\"https:\/\/latribunera.com\/apuntes\/index.php\/2021\/07\/30\/la-franja-vuelve-a-casa\/\" class=\"excerpt-read-more\">Read More<i class=\"fa fa-caret-right icon-caret-right\"><\/i><\/a><\/p>\n","protected":false},"author":11,"featured_media":20109,"comment_status":"open","ping_status":"open","sticky":false,"template":"","format":"standard","meta":{"_jetpack_memberships_contains_paid_content":false,"footnotes":""},"categories":[231,3,2],"tags":[71,105,97],"class_list":["post-20108","post","type-post","status-publish","format-standard","has-post-thumbnail","hentry","category-apuntes","category-futbol","category-futbol-mexicano","tag-chivas","tag-guadalajara","tag-puebla"],"jetpack_featured_media_url":"https:\/\/latribunera.com\/apuntes\/wp-content\/uploads\/2021\/07\/JAM_M_153990-1-scaled.jpg","jetpack-related-posts":[],"jetpack_sharing_enabled":true,"_links":{"self":[{"href":"https:\/\/latribunera.com\/apuntes\/index.php\/wp-json\/wp\/v2\/posts\/20108","targetHints":{"allow":["GET"]}}],"collection":[{"href":"https:\/\/latribunera.com\/apuntes\/index.php\/wp-json\/wp\/v2\/posts"}],"about":[{"href":"https:\/\/latribunera.com\/apuntes\/index.php\/wp-json\/wp\/v2\/types\/post"}],"author":[{"embeddable":true,"href":"https:\/\/latribunera.com\/apuntes\/index.php\/wp-json\/wp\/v2\/users\/11"}],"replies":[{"embeddable":true,"href":"https:\/\/latribunera.com\/apuntes\/index.php\/wp-json\/wp\/v2\/comments?post=20108"}],"version-history":[{"count":3,"href":"https:\/\/latribunera.com\/apuntes\/index.php\/wp-json\/wp\/v2\/posts\/20108\/revisions"}],"predecessor-version":[{"id":20117,"href":"https:\/\/latribunera.com\/apuntes\/index.php\/wp-json\/wp\/v2\/posts\/20108\/revisions\/20117"}],"wp:featuredmedia":[{"embeddable":true,"href":"https:\/\/latribunera.com\/apuntes\/index.php\/wp-json\/wp\/v2\/media\/20109"}],"wp:attachment":[{"href":"https:\/\/latribunera.com\/apuntes\/index.php\/wp-json\/wp\/v2\/media?parent=20108"}],"wp:term":[{"taxonomy":"category","embeddable":true,"href":"https:\/\/latribunera.com\/apuntes\/index.php\/wp-json\/wp\/v2\/categories?post=20108"},{"taxonomy":"post_tag","embeddable":true,"href":"https:\/\/latribunera.com\/apuntes\/index.php\/wp-json\/wp\/v2\/tags?post=20108"}],"curies":[{"name":"wp","href":"https:\/\/api.w.org\/{rel}","templated":true}]}}