{"id":20221,"date":"2021-07-31T16:23:24","date_gmt":"2021-07-31T16:23:24","guid":{"rendered":"https:\/\/latribunera.com\/apuntes\/?p=20221"},"modified":"2021-07-31T16:26:13","modified_gmt":"2021-07-31T16:26:13","slug":"la-previa-atlas-juarez","status":"publish","type":"post","link":"https:\/\/latribunera.com\/apuntes\/index.php\/2021\/07\/31\/la-previa-atlas-juarez\/","title":{"rendered":"La previa Atlas-Ju\u00e1rez"},"content":{"rendered":"\n<p><\/p>\n\n\n<p><script async=\"\" src=\"https:\/\/pagead2.googlesyndication.com\/pagead\/js\/adsbygoogle.js\"><\/script><br \/>\n<!-- PC 728x90 --><br \/>\n<ins class=\"adsbygoogle\" style=\"display:inline-block;width:728px;height:90px\" data-ad-client=\"ca-pub-9427576701762839\" data-ad-slot=\"1011393878\"><\/ins><br \/>\n<script>\n(adsbygoogle = window.adsbygoogle || []).push({});\n<\/script><\/p>\n\n\n\n<p><\/p>\n\n\n\n<p><\/p>\n\n\n\n<p><strong>Por \u2018A lo Atlas\u2019 | Twitter @aloatlas<\/strong><\/p>\n\n\n\n<p>Atlas busca su primera victoria en\nel torneo Grita M\u00e9xico A21 este s\u00e1bado en el que ser\u00e1 su debut como local\nrecibiendo a FC Ju\u00e1rez, que se encuentra en los primeros pasos de un renovado\nproyecto bajo la direcci\u00f3n t\u00e9cnica del experimentado Ricardo Ferretti.<\/p>\n\n\n\n<p>Por su parte, Diego Cocca, que\nhabl\u00f3 durante la semana ante los medios de comunicaci\u00f3n, se mostr\u00f3 positivo en\nsus sensaciones tras el debut de los Zorros, toda vez que afirm\u00f3 ver un equipo\nm\u00e1s ordenado respecto al torneo anterior.<\/p>\n\n\n\n<p>\u201cNos faltaba tiempo y ordenar un mont\u00f3n de cosas. Hoy el equipo est\u00e1 ordenado desde otro lugar, empieza el torneo con otra confianza y el desaf\u00edo es seguir creciendo\u2026\u201d, dijo en conferencia.<\/p>\n\n\n\n<p><\/p>\n\n\n\n<figure class=\"wp-block-gallery columns-1 is-cropped wp-block-gallery-1 is-layout-flex wp-block-gallery-is-layout-flex\"><ul class=\"blocks-gallery-grid\"><li class=\"blocks-gallery-item\"><figure><img loading=\"lazy\" decoding=\"async\" width=\"1024\" height=\"682\" src=\"https:\/\/latribunera.com\/apuntes\/wp-content\/uploads\/2021\/07\/20210731_063518_2-1024x682.jpg\" alt=\"\" data-id=\"20222\" data-full-url=\"https:\/\/latribunera.com\/apuntes\/wp-content\/uploads\/2021\/07\/20210731_063518_2.jpg\" data-link=\"https:\/\/latribunera.com\/apuntes\/?attachment_id=20222\" class=\"wp-image-20222\" srcset=\"https:\/\/latribunera.com\/apuntes\/wp-content\/uploads\/2021\/07\/20210731_063518_2-1024x682.jpg 1024w, https:\/\/latribunera.com\/apuntes\/wp-content\/uploads\/2021\/07\/20210731_063518_2-300x200.jpg 300w, https:\/\/latribunera.com\/apuntes\/wp-content\/uploads\/2021\/07\/20210731_063518_2-768x512.jpg 768w, https:\/\/latribunera.com\/apuntes\/wp-content\/uploads\/2021\/07\/20210731_063518_2.jpg 1117w\" sizes=\"auto, (max-width: 1024px) 100vw, 1024px\" \/><\/figure><\/li><\/ul><\/figure>\n\n\n\n<p><\/p>\n\n\n\n<p>El conjunto Rojinegro, que inici\u00f3 el certamen como visitante con un empate a cero ante Pumas en la jornada 1, podr\u00e1 contar con el apoyo de su p\u00fablico, tras recibir la autorizaci\u00f3n del 33% de aforo (18 mil personas) en la capacidad del Estadio Jalisco para este partido y el DT argentino mand\u00f3 un mensaje optimista previo a la primera local\u00eda de la temporada, pues quiere retribuir las expectativas creadas en el entorno atlista con un buen rendimiento ante su afici\u00f3n.<\/p>\n\n\n\n<p><\/p>\n\n\n\n<figure class=\"wp-block-gallery columns-1 is-cropped wp-block-gallery-2 is-layout-flex wp-block-gallery-is-layout-flex\"><ul class=\"blocks-gallery-grid\"><li class=\"blocks-gallery-item\"><figure><img loading=\"lazy\" decoding=\"async\" width=\"1024\" height=\"682\" src=\"https:\/\/latribunera.com\/apuntes\/wp-content\/uploads\/2021\/07\/177988142_3915100265240455_5254225202491759705_n-1080x810_2-1024x682.jpg\" alt=\"\" data-id=\"20223\" data-full-url=\"https:\/\/latribunera.com\/apuntes\/wp-content\/uploads\/2021\/07\/177988142_3915100265240455_5254225202491759705_n-1080x810_2.jpg\" data-link=\"https:\/\/latribunera.com\/apuntes\/?attachment_id=20223\" class=\"wp-image-20223\" srcset=\"https:\/\/latribunera.com\/apuntes\/wp-content\/uploads\/2021\/07\/177988142_3915100265240455_5254225202491759705_n-1080x810_2-1024x682.jpg 1024w, https:\/\/latribunera.com\/apuntes\/wp-content\/uploads\/2021\/07\/177988142_3915100265240455_5254225202491759705_n-1080x810_2-300x200.jpg 300w, https:\/\/latribunera.com\/apuntes\/wp-content\/uploads\/2021\/07\/177988142_3915100265240455_5254225202491759705_n-1080x810_2-768x511.jpg 768w, https:\/\/latribunera.com\/apuntes\/wp-content\/uploads\/2021\/07\/177988142_3915100265240455_5254225202491759705_n-1080x810_2.jpg 1080w\" sizes=\"auto, (max-width: 1024px) 100vw, 1024px\" \/><\/figure><\/li><\/ul><\/figure>\n\n\n\n<p><\/p>\n\n\n\n<p>\u201cPara nosotros, todos los rivales\nson dif\u00edciles. Pero la local\u00eda para nosotros es muy importante\u2026 saber que vamos\na jugar con nuestra gente a nosotros nos da un plus. Sabemos que nuestra gente\nva a venir a alentarnos, que hay expectativas por el equipo y le queremos\ndevolver toda esta expectativa con buenos rendimientos, con situaciones de gol\ny con un equipo que va para adelante, que gane. As\u00ed que para nosotros es muy\nimportante este partido de local, m\u00e1s all\u00e1 de que sea Ju\u00e1rez o que sea el rival\nque sea, nosotros de local queremos ser fuertes y queremos darle alegr\u00eda a la\ngente, as\u00ed que vamos con mucha ilusi\u00f3n este s\u00e1bado.\u201d, asegur\u00f3.<\/p>\n\n\n\n<p>Pero el estratega de la Academia\nsabe que no ser\u00e1 un duelo sencillo, puesto que enfrente tendr\u00e1 un entrenador de\nmucha experiencia en el futbol local.<\/p>\n\n\n\n<p>\u201cTiene un t\u00e9cnico inteligente que conoce el futbol mexicano y seguramente nos va a plantear un partido duro y dif\u00edcil.\u201d, sentenci\u00f3.<\/p>\n\n\n\n<p><\/p>\n\n\n\n<figure class=\"wp-block-gallery columns-1 is-cropped wp-block-gallery-3 is-layout-flex wp-block-gallery-is-layout-flex\"><ul class=\"blocks-gallery-grid\"><li class=\"blocks-gallery-item\"><figure><img loading=\"lazy\" decoding=\"async\" width=\"1024\" height=\"683\" src=\"https:\/\/latribunera.com\/apuntes\/wp-content\/uploads\/2021\/07\/20210731_064836_2-1024x683.jpg\" alt=\"\" data-id=\"20224\" data-full-url=\"https:\/\/latribunera.com\/apuntes\/wp-content\/uploads\/2021\/07\/20210731_064836_2.jpg\" data-link=\"https:\/\/latribunera.com\/apuntes\/?attachment_id=20224\" class=\"wp-image-20224\" srcset=\"https:\/\/latribunera.com\/apuntes\/wp-content\/uploads\/2021\/07\/20210731_064836_2-1024x683.jpg 1024w, https:\/\/latribunera.com\/apuntes\/wp-content\/uploads\/2021\/07\/20210731_064836_2-300x200.jpg 300w, https:\/\/latribunera.com\/apuntes\/wp-content\/uploads\/2021\/07\/20210731_064836_2-768x512.jpg 768w, https:\/\/latribunera.com\/apuntes\/wp-content\/uploads\/2021\/07\/20210731_064836_2.jpg 1109w\" sizes=\"auto, (max-width: 1024px) 100vw, 1024px\" \/><\/figure><\/li><\/ul><\/figure>\n\n\n\n<p>Un detalle a considerar es que ambos equipos comienzan la temporada en los \u00faltimos lugares de la tabla porcentual que define los clubes que tendr\u00e1n que pagar una multa econ\u00f3mica al t\u00e9rmino del a\u00f1o futbol\u00edstico. Atlas se encuentra en la posici\u00f3n 16 con 77 puntos, mientras Ju\u00e1rez se ubica en el fondo de la tabla solo 4 puntos por debajo de los Zorros, por lo que ser\u00e1 un duelo donde se jugar\u00e1n m\u00e1s que 3 puntos.<\/p>\n\n\n\n<p><\/p>\n\n\n<p><script async=\"\" src=\"https:\/\/pagead2.googlesyndication.com\/pagead\/js\/adsbygoogle.js\"><\/script><br \/>\n<!-- PC 728x90 --><br \/>\n<ins class=\"adsbygoogle\" style=\"display:inline-block;width:728px;height:90px\" data-ad-client=\"ca-pub-9427576701762839\" data-ad-slot=\"1011393878\"><\/ins><br \/>\n<script>\n(adsbygoogle = window.adsbygoogle || []).push({});\n<\/script><\/p>\n\n\n\n<p><\/p>\n\n\n\n<p><strong>Horario y transmisi\u00f3n del partido<\/strong><\/p>\n\n\n\n<p>Atlas vs. FC Ju\u00e1rez<\/p>\n\n\n\n<p>21:05 horas, tiempo del centro de\nM\u00e9xico<\/p>\n\n\n\n<p>Estadio Jalisco<\/p>\n\n\n\n<p>TV: Izzi<\/p>\n\n\n\n<p><strong>Datos A lo Atlas<\/strong><\/p>\n\n\n\n<p>(*) Atlas ha derrotado a Ju\u00e1rez en\nlos tres partidos que han disputado en primera divisi\u00f3n.<\/p>\n\n\n\n<p>(*) Ju\u00e1rez nunca le ha anotado a\nAtlas.<\/p>\n\n\n\n<p>(*) Los de Cocca s\u00f3lo perdieron uno\nde sus \u00faltimos 5 duelos de Liga MX.<\/p>\n\n\n\n<p><br>\n(*) El conjunto fronterizo acumula 6 derrotas consecutivas jugando como\nvisitante (5 de ellas sin marcar). La \u00faltima vez que sum\u00f3 fuera de casa fue el\n30 de enero de 2021.<\/p>\n\n\n\n<p><br>\n(*) Los rojinegros fueron el equipo que m\u00e1s remates (23) realiz\u00f3 en la primera\njornada del AP21, seg\u00fan datos del Centro de Innovaci\u00f3n Tecnol\u00f3gica (@CITEC_Futbol).<\/p>\n\n\n\n<p><strong>Pron\u00f3stico<\/strong><\/p>\n\n\n\n<p>Atlas 1-0 Ju\u00e1rez.<\/p>\n\n\n\n<p><\/p>\n\n\n\n<figure class=\"wp-block-embed-youtube wp-block-embed is-type-video is-provider-youtube wp-embed-aspect-16-9 wp-has-aspect-ratio\"><div class=\"wp-block-embed__wrapper\">\n<iframe loading=\"lazy\" title=\"Apertura 2021, as\u00ed inicio la Liga MX  - A LO VALO | Episodio 39\" width=\"960\" height=\"540\" src=\"https:\/\/www.youtube.com\/embed\/M8REmVMZSH4?feature=oembed\" frameborder=\"0\" allow=\"accelerometer; autoplay; clipboard-write; encrypted-media; gyroscope; picture-in-picture\" allowfullscreen><\/iframe>\n<\/div><\/figure>\n\n\n\n<p><\/p>\n\n\n<p><script async=\"\" src=\"https:\/\/pagead2.googlesyndication.com\/pagead\/js\/adsbygoogle.js\"><\/script><br \/>\n<!-- PC 728x90 --><br \/>\n<ins class=\"adsbygoogle\" style=\"display:inline-block;width:728px;height:90px\" data-ad-client=\"ca-pub-9427576701762839\" data-ad-slot=\"1011393878\"><\/ins><br \/>\n<script>\n(adsbygoogle = window.adsbygoogle || []).push({});\n<\/script><\/p>\n","protected":false},"excerpt":{"rendered":"<p>Por \u2018A lo Atlas\u2019 | Twitter @aloatlas Atlas busca su primera victoria en el torneo Grita M\u00e9xico A21 este s\u00e1bado en el que ser\u00e1 su debut como local recibiendo a FC Ju\u00e1rez, que se encuentra en los primeros pasos de un renovado proyecto bajo la direcci\u00f3n t\u00e9cnica del experimentado Ricardo Ferretti. Por su parte, Diego&#8230; <\/p>\n<div class=\"clear\"><\/div>\n<p><a href=\"https:\/\/latribunera.com\/apuntes\/index.php\/2021\/07\/31\/la-previa-atlas-juarez\/\" class=\"excerpt-read-more\">Read More<i class=\"fa fa-caret-right icon-caret-right\"><\/i><\/a><\/p>\n","protected":false},"author":4,"featured_media":20228,"comment_status":"open","ping_status":"open","sticky":false,"template":"","format":"standard","meta":{"_jetpack_memberships_contains_paid_content":false,"footnotes":""},"categories":[231,2],"tags":[124,116],"class_list":["post-20221","post","type-post","status-publish","format-standard","has-post-thumbnail","hentry","category-apuntes","category-futbol-mexicano","tag-atlas","tag-bravos"],"jetpack_featured_media_url":"https:\/\/latribunera.com\/apuntes\/wp-content\/uploads\/2021\/07\/Dise\u00f1o-sin-t\u00edtulo-34.jpg","jetpack-related-posts":[{"id":45421,"url":"https:\/\/latribunera.com\/apuntes\/index.php\/2026\/04\/16\/todo-listo-para-la-14va-edicion-de-la-copa-internacional-santos-penoles\/","url_meta":{"origin":20221,"position":0},"title":"Todo listo para la 14va edici\u00f3n de la Copa Internacional Santos Pe\u00f1oles","author":"Jacob Alarcon","date":"16 abril, 2026","format":false,"excerpt":"Este jueves, en el Auditorio Orlegi de Territorio Santos Modelo, se llev\u00f3 a cabo la presentaci\u00f3noficial de la edici\u00f3n 2026 de la Copa Internacional Santos Pe\u00f1oles, torneo que se ha consolidadocomo uno de los m\u00e1s importantes a nivel infantil y juvenil en M\u00e9xico. Adem\u00e1s de brindar una competencia deportiva de\u2026","rel":"","context":"In &quot;Sin categor\u00eda&quot;","block_context":{"text":"Sin categor\u00eda","link":"https:\/\/latribunera.com\/apuntes\/index.php\/category\/sin-categoria\/"},"img":{"alt_text":"","src":"https:\/\/i0.wp.com\/latribunera.com\/apuntes\/wp-content\/uploads\/2026\/04\/Presentacion-Copa-Santos-Penoles.jpg?resize=350%2C200&ssl=1","width":350,"height":200,"srcset":"https:\/\/i0.wp.com\/latribunera.com\/apuntes\/wp-content\/uploads\/2026\/04\/Presentacion-Copa-Santos-Penoles.jpg?resize=350%2C200&ssl=1 1x, https:\/\/i0.wp.com\/latribunera.com\/apuntes\/wp-content\/uploads\/2026\/04\/Presentacion-Copa-Santos-Penoles.jpg?resize=525%2C300&ssl=1 1.5x, https:\/\/i0.wp.com\/latribunera.com\/apuntes\/wp-content\/uploads\/2026\/04\/Presentacion-Copa-Santos-Penoles.jpg?resize=700%2C400&ssl=1 2x, https:\/\/i0.wp.com\/latribunera.com\/apuntes\/wp-content\/uploads\/2026\/04\/Presentacion-Copa-Santos-Penoles.jpg?resize=1050%2C600&ssl=1 3x, https:\/\/i0.wp.com\/latribunera.com\/apuntes\/wp-content\/uploads\/2026\/04\/Presentacion-Copa-Santos-Penoles.jpg?resize=1400%2C800&ssl=1 4x"},"classes":[]},{"id":45392,"url":"https:\/\/latribunera.com\/apuntes\/index.php\/2026\/04\/09\/se-presento-la-13va-edicion-del-guerreton\/","url_meta":{"origin":20221,"position":1},"title":"Se presento la 13va edici\u00f3n del Guerret\u00f3n.","author":"Staff","date":"9 abril, 2026","format":false,"excerpt":"A lo largo de sus primeras 12 ediciones, Guerret\u00f3n ha logrado recolectar m\u00e1s de 121,500juguetes, peluches y balones, beneficiando a diversas asociaciones e instituciones de laregi\u00f3n lagunera, entre ellas CRIT Durango, los sistemas DIF de distintos municipios, as\u00edcomo organizaciones educativas y asistenciales. A la fecha, se han instalado cuatro ludotecas\u2026","rel":"","context":"In &quot;Ganar Sirviendo&quot;","block_context":{"text":"Ganar Sirviendo","link":"https:\/\/latribunera.com\/apuntes\/index.php\/category\/futbol\/futbol-mexicano\/ganar-sirviendo\/"},"img":{"alt_text":"","src":"https:\/\/i0.wp.com\/latribunera.com\/apuntes\/wp-content\/uploads\/2026\/04\/9Guerreton-2026-2.jpg.jpeg?resize=350%2C200&ssl=1","width":350,"height":200,"srcset":"https:\/\/i0.wp.com\/latribunera.com\/apuntes\/wp-content\/uploads\/2026\/04\/9Guerreton-2026-2.jpg.jpeg?resize=350%2C200&ssl=1 1x, https:\/\/i0.wp.com\/latribunera.com\/apuntes\/wp-content\/uploads\/2026\/04\/9Guerreton-2026-2.jpg.jpeg?resize=525%2C300&ssl=1 1.5x, https:\/\/i0.wp.com\/latribunera.com\/apuntes\/wp-content\/uploads\/2026\/04\/9Guerreton-2026-2.jpg.jpeg?resize=700%2C400&ssl=1 2x, https:\/\/i0.wp.com\/latribunera.com\/apuntes\/wp-content\/uploads\/2026\/04\/9Guerreton-2026-2.jpg.jpeg?resize=1050%2C600&ssl=1 3x, https:\/\/i0.wp.com\/latribunera.com\/apuntes\/wp-content\/uploads\/2026\/04\/9Guerreton-2026-2.jpg.jpeg?resize=1400%2C800&ssl=1 4x"},"classes":[]}],"jetpack_sharing_enabled":true,"_links":{"self":[{"href":"https:\/\/latribunera.com\/apuntes\/index.php\/wp-json\/wp\/v2\/posts\/20221","targetHints":{"allow":["GET"]}}],"collection":[{"href":"https:\/\/latribunera.com\/apuntes\/index.php\/wp-json\/wp\/v2\/posts"}],"about":[{"href":"https:\/\/latribunera.com\/apuntes\/index.php\/wp-json\/wp\/v2\/types\/post"}],"author":[{"embeddable":true,"href":"https:\/\/latribunera.com\/apuntes\/index.php\/wp-json\/wp\/v2\/users\/4"}],"replies":[{"embeddable":true,"href":"https:\/\/latribunera.com\/apuntes\/index.php\/wp-json\/wp\/v2\/comments?post=20221"}],"version-history":[{"count":3,"href":"https:\/\/latribunera.com\/apuntes\/index.php\/wp-json\/wp\/v2\/posts\/20221\/revisions"}],"predecessor-version":[{"id":20229,"href":"https:\/\/latribunera.com\/apuntes\/index.php\/wp-json\/wp\/v2\/posts\/20221\/revisions\/20229"}],"wp:featuredmedia":[{"embeddable":true,"href":"https:\/\/latribunera.com\/apuntes\/index.php\/wp-json\/wp\/v2\/media\/20228"}],"wp:attachment":[{"href":"https:\/\/latribunera.com\/apuntes\/index.php\/wp-json\/wp\/v2\/media?parent=20221"}],"wp:term":[{"taxonomy":"category","embeddable":true,"href":"https:\/\/latribunera.com\/apuntes\/index.php\/wp-json\/wp\/v2\/categories?post=20221"},{"taxonomy":"post_tag","embeddable":true,"href":"https:\/\/latribunera.com\/apuntes\/index.php\/wp-json\/wp\/v2\/tags?post=20221"}],"curies":[{"name":"wp","href":"https:\/\/api.w.org\/{rel}","templated":true}]}}