{"id":20541,"date":"2021-08-06T05:09:46","date_gmt":"2021-08-06T05:09:46","guid":{"rendered":"https:\/\/latribunera.com\/apuntes\/?p=20541"},"modified":"2021-08-06T16:49:50","modified_gmt":"2021-08-06T16:49:50","slug":"la-previa-del-mazatlan-vs-rayados","status":"publish","type":"post","link":"https:\/\/latribunera.com\/apuntes\/index.php\/2021\/08\/06\/la-previa-del-mazatlan-vs-rayados\/","title":{"rendered":"La Previa del Mazatl\u00e1n vs. Rayados"},"content":{"rendered":"\n<p><\/p>\n\n\n\n<p><\/p>\n\n\n<p><script async=\"\" src=\"https:\/\/pagead2.googlesyndication.com\/pagead\/js\/adsbygoogle.js\"><\/script><br \/>\n<!-- PC 728x90 --><br \/>\n<ins class=\"adsbygoogle\" style=\"display:inline-block;width:728px;height:90px\" data-ad-client=\"ca-pub-9427576701762839\" data-ad-slot=\"1011393878\"><\/ins><br \/>\n<script>\n(adsbygoogle = window.adsbygoogle || []).push({});\n<\/script><\/p>\n\n\n\n<p><\/p>\n\n\n\n<p><\/p>\n\n\n\n<p>Por\nDavid Flores | Twitter @davidfloores<\/p>\n\n\n\n<p>Pareciera\nque no hace mucho comenz\u00f3 el torneo, pero, al mismo tiempo, me da la impresi\u00f3n\nde que avanza muy r\u00e1pido, pues ya estamos en la Jornada 3.<\/p>\n\n\n\n<p>En esta\nnueva jornada, Monterrey visita tierras sinaloenses previo a su compromiso en\nla Semifinal de CONCACAF ante Cruz Azul.<\/p>\n\n\n\n<p>Ante el\nrival el turno, se vislumbran dos cambios importantes en el 11 inicial de\nRayados. <\/p>\n\n\n\n<p>Jes\u00fas\nGallardo sustituir\u00e1 a Daniel Parra y Mat\u00edas Kranevitter a Celso Ortiz.\nRecordemos que Gallardo se incorpor\u00f3 a los entrenamientos apenas el d\u00eda martes\ny es muy probable que vea acci\u00f3n esta noche.<\/p>\n\n\n\n<p>La Pandilla\nno gana sus duelos en jornada 3 desde el Apertura 2019 cuando derrot\u00f3 3-2 a\nLe\u00f3n en casa. Despu\u00e9s de ah\u00ed, se han presentado 2 empates y 1 derrota:<\/p>\n\n\n\n<p>J3 CL21:\nMonterrey 1-1 Le\u00f3n<\/p>\n\n\n\n<p>J3 AP20:\nMonterrey 2-2 Santos Laguna<\/p>\n\n\n\n<p>J3 CL20:\nPumas 1-0 Monterrey<\/p>\n\n\n\n<p>J3 AP19:\nMonterrey 3-2 Le\u00f3n<\/p>\n\n\n\n<p>Hablando del presente torneo, los del Vasco Aguirre suman cuatro puntos producto de un empate y una victoria. Han anotado tres goles y han recibido uno.<\/p>\n\n\n\n<p><\/p>\n\n\n\n<p> <strong>Ojo, afici\u00f3n de Rayados.<\/strong> <\/p>\n\n\n\n<p><\/p>\n\n\n\n<p><\/p>\n\n\n\n<figure class=\"wp-block-embed-youtube wp-block-embed is-type-video is-provider-youtube wp-embed-aspect-16-9 wp-has-aspect-ratio\"><div class=\"wp-block-embed__wrapper\">\n<iframe loading=\"lazy\" title=\"MAZATL\u00c1N FC PONE RESTRICCIONES PARA ENTRAR AL \u201cKRAKEN\u201d\" width=\"960\" height=\"540\" src=\"https:\/\/www.youtube.com\/embed\/76Bkm8xKU4k?feature=oembed\" frameborder=\"0\" allow=\"accelerometer; autoplay; clipboard-write; encrypted-media; gyroscope; picture-in-picture\" allowfullscreen><\/iframe>\n<\/div><\/figure>\n\n\n\n<p><\/p>\n\n\n\n<p><\/p>\n\n\n<p><script async=\"\" src=\"https:\/\/pagead2.googlesyndication.com\/pagead\/js\/adsbygoogle.js\"><\/script><br \/>\n<!-- PC 728x90 --><br \/>\n<ins class=\"adsbygoogle\" style=\"display:inline-block;width:728px;height:90px\" data-ad-client=\"ca-pub-9427576701762839\" data-ad-slot=\"1011393878\"><\/ins><br \/>\n<script>\n(adsbygoogle = window.adsbygoogle || []).push({});\n<\/script><\/p>\n\n\n\n<p><\/p>\n\n\n\n<p><\/p>\n\n\n\n<figure class=\"wp-block-embed-youtube wp-block-embed is-type-video is-provider-youtube wp-embed-aspect-16-9 wp-has-aspect-ratio\"><div class=\"wp-block-embed__wrapper\">\n<iframe loading=\"lazy\" title=\"Nueva Jersey Rayados Local 21-22 al detalle\" width=\"960\" height=\"540\" src=\"https:\/\/www.youtube.com\/embed\/IDrXJLRHuIQ?feature=oembed\" frameborder=\"0\" allow=\"accelerometer; autoplay; clipboard-write; encrypted-media; gyroscope; picture-in-picture\" allowfullscreen><\/iframe>\n<\/div><\/figure>\n\n\n\n<p><\/p>\n\n\n\n<p><\/p>\n\n\n\n<p><strong>&#8211; Conociendo al rival &#8211;<\/strong><\/p>\n\n\n\n<p>Mazatl\u00e1n es\nun equipo joven. Se fund\u00f3 el 2 de junio del 2020 y naci\u00f3 a ra\u00edz de la mudanza\nde la franquicia de Monarcas Morelia a la ciudad de Mazatl\u00e1n Sinaloa.<\/p>\n\n\n\n<p>Para el\npresente torneo, los sinaloenses sufrieron las bajas de: Tom\u00e1s Boy (DT),\nFernando Aristeguieta, Rodrigo Millar, Israel Jim\u00e9nez, Efra\u00edn Velarde, Quick\nMendoza y C\u00e1ndido Ram\u00edrez. Mientras que las altas fueron: Be\u00f1at San Jos\u00e9 (DT),\nRichard R\u00edos, Jorge Z\u00e1rate y Bryan Colula.<\/p>\n\n\n\n<p>Los\ndirigidos por San Jos\u00e9 suman seis puntos producto de sus victorias ante Cruz\nAzul de visitante y ante Pachuca en casa. <\/p>\n\n\n\n<p>Hoy, llam\u00e9mosle\nla sorpresa del naciente torneo.<\/p>\n\n\n\n<p>Dos de sus\njugadores m\u00e1s peligrosos son: Bryan Colula y Camilo Sanvezzo. Por lo cual, ser\u00e1\nimportante para Rayados tener la f\u00f3rmula necesaria para frenar su peligrosidad.<\/p>\n\n\n\n<p>La primera\ny m\u00e1s reciente ocasi\u00f3n, que los albiazules visitaron El Kraken, salieron con la\nvictoria de 2-1 con goles de Avil\u00e9s Hurtado y Nicol\u00e1s S\u00e1nchez. Jugadores que\nevidentemente ya no est\u00e1n en el equipo.<\/p>\n\n\n\n<p>Ser\u00e1 un\npartido muy duro para ambos, eso s\u00ed, pero, teniendo un gran respeto al rival,\ntienen que saber que nosotros saldremos a ganar.<\/p>\n\n\n\n<p>\u00a1Vamos Rayados!<\/p>\n\n\n\n<p><\/p>\n\n\n\n<p><\/p>\n\n\n\n<figure class=\"wp-block-embed-youtube wp-block-embed is-type-video is-provider-youtube wp-embed-aspect-16-9 wp-has-aspect-ratio\"><div class=\"wp-block-embed__wrapper\">\n<iframe loading=\"lazy\" title=\"LA PREVIA MONTERREY VS. MAZATL\u00c1N\" width=\"960\" height=\"540\" src=\"https:\/\/www.youtube.com\/embed\/LvT9qxFnTV8?feature=oembed\" frameborder=\"0\" allow=\"accelerometer; autoplay; clipboard-write; encrypted-media; gyroscope; picture-in-picture\" allowfullscreen><\/iframe>\n<\/div><\/figure>\n\n\n\n<p><strong><em>Visita el Youtube de Zona Rayada y enterate de todo lo que dijo el Vasco previo al juego ante los mazatlecos.<\/em><\/strong><\/p>\n\n\n\n<p><\/p>\n\n\n<p><script async=\"\" src=\"https:\/\/pagead2.googlesyndication.com\/pagead\/js\/adsbygoogle.js\"><\/script><br \/>\n<!-- PC 728x90 --><br \/>\n<ins class=\"adsbygoogle\" style=\"display:inline-block;width:728px;height:90px\" data-ad-client=\"ca-pub-9427576701762839\" data-ad-slot=\"1011393878\"><\/ins><br \/>\n<script>\n(adsbygoogle = window.adsbygoogle || []).push({});\n<\/script><\/p>\n","protected":false},"excerpt":{"rendered":"<p>Por David Flores | Twitter @davidfloores Pareciera que no hace mucho comenz\u00f3 el torneo, pero, al mismo tiempo, me da la impresi\u00f3n de que avanza muy r\u00e1pido, pues ya estamos en la Jornada 3. En esta nueva jornada, Monterrey visita tierras sinaloenses previo a su compromiso en la Semifinal de CONCACAF ante Cruz Azul. Ante&#8230; <\/p>\n<div class=\"clear\"><\/div>\n<p><a href=\"https:\/\/latribunera.com\/apuntes\/index.php\/2021\/08\/06\/la-previa-del-mazatlan-vs-rayados\/\" class=\"excerpt-read-more\">Read More<i class=\"fa fa-caret-right icon-caret-right\"><\/i><\/a><\/p>\n","protected":false},"author":21,"featured_media":20571,"comment_status":"open","ping_status":"open","sticky":false,"template":"","format":"standard","meta":{"_jetpack_memberships_contains_paid_content":false,"footnotes":""},"categories":[231,2,277],"tags":[375],"class_list":["post-20541","post","type-post","status-publish","format-standard","has-post-thumbnail","hentry","category-apuntes","category-futbol-mexicano","category-zonarayada","tag-mazatlan"],"jetpack_featured_media_url":"https:\/\/latribunera.com\/apuntes\/wp-content\/uploads\/2021\/08\/WhatsApp-Image-2021-08-06-at-11.12.55.jpeg","jetpack-related-posts":[{"id":45392,"url":"https:\/\/latribunera.com\/apuntes\/index.php\/2026\/04\/09\/se-presento-la-13va-edicion-del-guerreton\/","url_meta":{"origin":20541,"position":0},"title":"Se presento la 13va edici\u00f3n del Guerret\u00f3n.","author":"Staff","date":"9 abril, 2026","format":false,"excerpt":"A lo largo de sus primeras 12 ediciones, Guerret\u00f3n ha logrado recolectar m\u00e1s de 121,500juguetes, peluches y balones, beneficiando a diversas asociaciones e instituciones de laregi\u00f3n lagunera, entre ellas CRIT Durango, los sistemas DIF de distintos municipios, as\u00edcomo organizaciones educativas y asistenciales. A la fecha, se han instalado cuatro ludotecas\u2026","rel":"","context":"In &quot;Ganar Sirviendo&quot;","block_context":{"text":"Ganar Sirviendo","link":"https:\/\/latribunera.com\/apuntes\/index.php\/category\/futbol\/futbol-mexicano\/ganar-sirviendo\/"},"img":{"alt_text":"","src":"https:\/\/i0.wp.com\/latribunera.com\/apuntes\/wp-content\/uploads\/2026\/04\/9Guerreton-2026-2.jpg.jpeg?resize=350%2C200&ssl=1","width":350,"height":200,"srcset":"https:\/\/i0.wp.com\/latribunera.com\/apuntes\/wp-content\/uploads\/2026\/04\/9Guerreton-2026-2.jpg.jpeg?resize=350%2C200&ssl=1 1x, https:\/\/i0.wp.com\/latribunera.com\/apuntes\/wp-content\/uploads\/2026\/04\/9Guerreton-2026-2.jpg.jpeg?resize=525%2C300&ssl=1 1.5x, https:\/\/i0.wp.com\/latribunera.com\/apuntes\/wp-content\/uploads\/2026\/04\/9Guerreton-2026-2.jpg.jpeg?resize=700%2C400&ssl=1 2x, https:\/\/i0.wp.com\/latribunera.com\/apuntes\/wp-content\/uploads\/2026\/04\/9Guerreton-2026-2.jpg.jpeg?resize=1050%2C600&ssl=1 3x, https:\/\/i0.wp.com\/latribunera.com\/apuntes\/wp-content\/uploads\/2026\/04\/9Guerreton-2026-2.jpg.jpeg?resize=1400%2C800&ssl=1 4x"},"classes":[]}],"jetpack_sharing_enabled":true,"_links":{"self":[{"href":"https:\/\/latribunera.com\/apuntes\/index.php\/wp-json\/wp\/v2\/posts\/20541","targetHints":{"allow":["GET"]}}],"collection":[{"href":"https:\/\/latribunera.com\/apuntes\/index.php\/wp-json\/wp\/v2\/posts"}],"about":[{"href":"https:\/\/latribunera.com\/apuntes\/index.php\/wp-json\/wp\/v2\/types\/post"}],"author":[{"embeddable":true,"href":"https:\/\/latribunera.com\/apuntes\/index.php\/wp-json\/wp\/v2\/users\/21"}],"replies":[{"embeddable":true,"href":"https:\/\/latribunera.com\/apuntes\/index.php\/wp-json\/wp\/v2\/comments?post=20541"}],"version-history":[{"count":4,"href":"https:\/\/latribunera.com\/apuntes\/index.php\/wp-json\/wp\/v2\/posts\/20541\/revisions"}],"predecessor-version":[{"id":20547,"href":"https:\/\/latribunera.com\/apuntes\/index.php\/wp-json\/wp\/v2\/posts\/20541\/revisions\/20547"}],"wp:featuredmedia":[{"embeddable":true,"href":"https:\/\/latribunera.com\/apuntes\/index.php\/wp-json\/wp\/v2\/media\/20571"}],"wp:attachment":[{"href":"https:\/\/latribunera.com\/apuntes\/index.php\/wp-json\/wp\/v2\/media?parent=20541"}],"wp:term":[{"taxonomy":"category","embeddable":true,"href":"https:\/\/latribunera.com\/apuntes\/index.php\/wp-json\/wp\/v2\/categories?post=20541"},{"taxonomy":"post_tag","embeddable":true,"href":"https:\/\/latribunera.com\/apuntes\/index.php\/wp-json\/wp\/v2\/tags?post=20541"}],"curies":[{"name":"wp","href":"https:\/\/api.w.org\/{rel}","templated":true}]}}