{"id":20572,"date":"2021-08-06T17:24:25","date_gmt":"2021-08-06T17:24:25","guid":{"rendered":"https:\/\/latribunera.com\/apuntes\/?p=20572"},"modified":"2021-08-06T17:24:31","modified_gmt":"2021-08-06T17:24:31","slug":"hay-que-mejorar-para-sumar","status":"publish","type":"post","link":"https:\/\/latribunera.com\/apuntes\/index.php\/2021\/08\/06\/hay-que-mejorar-para-sumar\/","title":{"rendered":"Hay que mejorar, para sumar"},"content":{"rendered":"\n<p><\/p>\n\n\n\n<p><\/p>\n\n\n<p><script async src=\"https:\/\/pagead2.googlesyndication.com\/pagead\/js\/adsbygoogle.js\"><\/script><br \/>\n<!-- PC 728x90 --><br \/>\n<ins class=\"adsbygoogle\"\nstyle=\"display:inline-block;width:728px;height:90px\"\ndata-ad-client=\"ca-pub-9427576701762839\"\ndata-ad-slot=\"1011393878\"><\/ins><br \/>\n<script>\n(adsbygoogle = window.adsbygoogle || []).push({});\n<\/script><\/p>\n\n\n\n<p><\/p>\n\n\n\n<p><strong>Por Blanca\nMendoza | @BlanchLady<\/strong><\/p>\n\n\n\n<p>\u00a1Hey\nestamos de vuelta! Los extra\u00f1e horrores. Pero ya estamos de regreso con lo que\nm\u00e1s nos encanta, escribir e intercambiar opiniones de los Rayos del Necaxa.<\/p>\n\n\n\n<p>Inicio\nmuy complicado para el equipo de Guillermo V\u00e1zquez en la Liga Grita M\u00e9xico A21,\nrivales fuertes y candidatos al t\u00edtulo. Ya perdimos al inicio con el subcampe\u00f3n\ndel torneo pasado, Santos, el fin de semana pasado con uno de nuestros rivales\nm\u00e1s odiados, dos derrotas consecutivas y hoy enfrentamos en casa al campe\u00f3n, el\nCruz Azul.<\/p>\n\n\n\n<p>Aunque\nlos Cementeros no han ganado en esas dos jornadas, no es un rival que se nos\nfacilite, estad\u00edsticamente nos supera en triunfos desde que Necaxa regres\u00f3 a\nPrimera Divisi\u00f3n. En su juego pasado contra Santos, mejor\u00f3 en funcionamiento,\ntan es as\u00ed que Santos le sac\u00f3 el empate en los \u00faltimos nueve minutos del juego.<\/p>\n\n\n\n<p>Necaxa jug\u00f3 mucho mejor contra el Am\u00e9rica, pero a\u00fan as\u00ed siguen teniendo errores muy puntuales en la defensa, empezando con Julio Gonz\u00e1lez, que, a mi gusto, ni en la banca deber\u00eda de estar, la media mejor\u00f3 much\u00edsimo con el \u201cOso\u201d Gonz\u00e1lez y la delantera genera llegadas, pero que falta de contundencia tienen y le sumamos las buenas atajadas del portero del Am\u00e9rica, Oscar Jim\u00e9nez, pues no alcanz\u00f3 para sumar en el Azteca.<\/p>\n\n\n\n<p><\/p>\n\n\n\n<p><\/p>\n\n\n\n<figure class=\"wp-block-embed-twitter wp-block-embed is-type-rich is-provider-twitter\"><div class=\"wp-block-embed__wrapper\">\n<blockquote class=\"twitter-tweet\" data-width=\"550\" data-dnt=\"true\"><p lang=\"es\" dir=\"ltr\">A DARLE CON EL RAYO EN EL CORAZ\u00d3N \u2764\ufe0f<a href=\"https:\/\/twitter.com\/hashtag\/ContiGoNecaxa?src=hash&amp;ref_src=twsrc%5Etfw\">#ContiGoNecaxa<\/a> \u26a1 <a href=\"https:\/\/t.co\/BS771VehKO\">pic.twitter.com\/BS771VehKO<\/a><\/p>&mdash; \u26a1\ufe0fClub Necaxa\u26a1\ufe0f (@ClubNecaxa) <a href=\"https:\/\/twitter.com\/ClubNecaxa\/status\/1423652599153184779?ref_src=twsrc%5Etfw\">August 6, 2021<\/a><\/blockquote><script async src=\"https:\/\/platform.twitter.com\/widgets.js\" charset=\"utf-8\"><\/script>\n<\/div><\/figure>\n\n\n\n<p><\/p>\n\n\n\n<p><\/p>\n\n\n\n<p>Les\nmentir\u00eda si les digo que hoy tenemos todo para ganar, porqu\u00e9 solo ser\u00eda mi\ncoraz\u00f3n hablando y las ganas que tengo de ya festejar un triunfo, pero donde no\ncreo mentir ni equivocarme, es que hoy Necaxa jugar\u00e1 mejor, deben jugar con m\u00e1s\nasociaci\u00f3n entre ellos, espero la defensa salga concentrada, que la media est\u00e9\nordenada y recupere balones y que por fin hoy uno o dos delanteros metan goles.<\/p>\n\n\n\n<p>Todo esto\nporqu\u00e9 sabemos c\u00f3mo trabaja \u201cMemo\u201d, si es s\u00faper terco con ciertos jugadores,\npero siempre nos demuestra mejor\u00eda partido tras partido, entonces hoy espero se\nsume en casa y sobre todo, que el equipo vaya agarrando confianza, los equipos\nllenos de confianza que ha formado \u201cMemo\u201d en Necaxa fueron una delicia, no\ndudo, que en esta temporada logr\u00e9 lo mismo.<\/p>\n\n\n\n<p>\u00a1Fuerza Rayos!<\/p>\n\n\n\n<p><\/p>\n\n\n\n<p><\/p>\n\n\n<p><script async src=\"https:\/\/pagead2.googlesyndication.com\/pagead\/js\/adsbygoogle.js\"><\/script><br \/>\n<!-- PC 728x90 --><br \/>\n<ins class=\"adsbygoogle\"\nstyle=\"display:inline-block;width:728px;height:90px\"\ndata-ad-client=\"ca-pub-9427576701762839\"\ndata-ad-slot=\"1011393878\"><\/ins><br \/>\n<script>\n(adsbygoogle = window.adsbygoogle || []).push({});\n<\/script><\/p>\n\n\n\n<p><\/p>\n\n\n\n<p><\/p>\n\n\n\n<figure class=\"wp-block-embed-youtube wp-block-embed is-type-video is-provider-youtube wp-embed-aspect-16-9 wp-has-aspect-ratio\"><div class=\"wp-block-embed__wrapper\">\n<iframe loading=\"lazy\" title=\"MESSI SE VA DEL BARCELONA, EL FIN DE UNA ERA  - A LO VALO | Episodio 40\" width=\"960\" height=\"540\" src=\"https:\/\/www.youtube.com\/embed\/1JRVtU8wQlM?feature=oembed\" frameborder=\"0\" allow=\"accelerometer; autoplay; clipboard-write; encrypted-media; gyroscope; picture-in-picture\" allowfullscreen><\/iframe>\n<\/div><\/figure>\n\n\n\n<p><\/p>\n\n\n\n<p><\/p>\n\n\n\n<p><\/p>\n\n\n<p><script async src=\"https:\/\/pagead2.googlesyndication.com\/pagead\/js\/adsbygoogle.js\"><\/script><br \/>\n<!-- PC 728x90 --><br \/>\n<ins class=\"adsbygoogle\"\nstyle=\"display:inline-block;width:728px;height:90px\"\ndata-ad-client=\"ca-pub-9427576701762839\"\ndata-ad-slot=\"1011393878\"><\/ins><br \/>\n<script>\n(adsbygoogle = window.adsbygoogle || []).push({});\n<\/script><\/p>\n\n\n\n<p><\/p>\n\n\n\n<p><\/p>\n","protected":false},"excerpt":{"rendered":"<p>Por Blanca Mendoza | @BlanchLady \u00a1Hey estamos de vuelta! Los extra\u00f1e horrores. Pero ya estamos de regreso con lo que m\u00e1s nos encanta, escribir e intercambiar opiniones de los Rayos del Necaxa. Inicio muy complicado para el equipo de Guillermo V\u00e1zquez en la Liga Grita M\u00e9xico A21, rivales fuertes y candidatos al t\u00edtulo. Ya perdimos&#8230; <\/p>\n<div class=\"clear\"><\/div>\n<p><a href=\"https:\/\/latribunera.com\/apuntes\/index.php\/2021\/08\/06\/hay-que-mejorar-para-sumar\/\" class=\"excerpt-read-more\">Read More<i class=\"fa fa-caret-right icon-caret-right\"><\/i><\/a><\/p>\n","protected":false},"author":8,"featured_media":20574,"comment_status":"open","ping_status":"open","sticky":false,"template":"","format":"standard","meta":{"_jetpack_memberships_contains_paid_content":false,"footnotes":""},"categories":[231,2],"tags":[449,115],"class_list":["post-20572","post","type-post","status-publish","format-standard","has-post-thumbnail","hentry","category-apuntes","category-futbol-mexicano","tag-fuerza-rayos","tag-necaxa"],"jetpack_featured_media_url":"https:\/\/latribunera.com\/apuntes\/wp-content\/uploads\/2021\/08\/E7t_73EXMAEX_Fu.jpg","jetpack-related-posts":[{"id":45392,"url":"https:\/\/latribunera.com\/apuntes\/index.php\/2026\/04\/09\/se-presento-la-13va-edicion-del-guerreton\/","url_meta":{"origin":20572,"position":0},"title":"Se presento la 13va edici\u00f3n del Guerret\u00f3n.","author":"Staff","date":"9 abril, 2026","format":false,"excerpt":"A lo largo de sus primeras 12 ediciones, Guerret\u00f3n ha logrado recolectar m\u00e1s de 121,500juguetes, peluches y balones, beneficiando a diversas asociaciones e instituciones de laregi\u00f3n lagunera, entre ellas CRIT Durango, los sistemas DIF de distintos municipios, as\u00edcomo organizaciones educativas y asistenciales. A la fecha, se han instalado cuatro ludotecas\u2026","rel":"","context":"In &quot;Ganar Sirviendo&quot;","block_context":{"text":"Ganar Sirviendo","link":"https:\/\/latribunera.com\/apuntes\/index.php\/category\/futbol\/futbol-mexicano\/ganar-sirviendo\/"},"img":{"alt_text":"","src":"https:\/\/i0.wp.com\/latribunera.com\/apuntes\/wp-content\/uploads\/2026\/04\/9Guerreton-2026-2.jpg.jpeg?resize=350%2C200&ssl=1","width":350,"height":200,"srcset":"https:\/\/i0.wp.com\/latribunera.com\/apuntes\/wp-content\/uploads\/2026\/04\/9Guerreton-2026-2.jpg.jpeg?resize=350%2C200&ssl=1 1x, https:\/\/i0.wp.com\/latribunera.com\/apuntes\/wp-content\/uploads\/2026\/04\/9Guerreton-2026-2.jpg.jpeg?resize=525%2C300&ssl=1 1.5x, https:\/\/i0.wp.com\/latribunera.com\/apuntes\/wp-content\/uploads\/2026\/04\/9Guerreton-2026-2.jpg.jpeg?resize=700%2C400&ssl=1 2x, https:\/\/i0.wp.com\/latribunera.com\/apuntes\/wp-content\/uploads\/2026\/04\/9Guerreton-2026-2.jpg.jpeg?resize=1050%2C600&ssl=1 3x, https:\/\/i0.wp.com\/latribunera.com\/apuntes\/wp-content\/uploads\/2026\/04\/9Guerreton-2026-2.jpg.jpeg?resize=1400%2C800&ssl=1 4x"},"classes":[]},{"id":45421,"url":"https:\/\/latribunera.com\/apuntes\/index.php\/2026\/04\/16\/todo-listo-para-la-14va-edicion-de-la-copa-internacional-santos-penoles\/","url_meta":{"origin":20572,"position":1},"title":"Todo listo para la 14va edici\u00f3n de la Copa Internacional Santos Pe\u00f1oles","author":"Jacob Alarcon","date":"16 abril, 2026","format":false,"excerpt":"Este jueves, en el Auditorio Orlegi de Territorio Santos Modelo, se llev\u00f3 a cabo la presentaci\u00f3noficial de la edici\u00f3n 2026 de la Copa Internacional Santos Pe\u00f1oles, torneo que se ha consolidadocomo uno de los m\u00e1s importantes a nivel infantil y juvenil en M\u00e9xico. Adem\u00e1s de brindar una competencia deportiva de\u2026","rel":"","context":"In &quot;Sin categor\u00eda&quot;","block_context":{"text":"Sin categor\u00eda","link":"https:\/\/latribunera.com\/apuntes\/index.php\/category\/sin-categoria\/"},"img":{"alt_text":"","src":"https:\/\/i0.wp.com\/latribunera.com\/apuntes\/wp-content\/uploads\/2026\/04\/Presentacion-Copa-Santos-Penoles.jpg?resize=350%2C200&ssl=1","width":350,"height":200,"srcset":"https:\/\/i0.wp.com\/latribunera.com\/apuntes\/wp-content\/uploads\/2026\/04\/Presentacion-Copa-Santos-Penoles.jpg?resize=350%2C200&ssl=1 1x, https:\/\/i0.wp.com\/latribunera.com\/apuntes\/wp-content\/uploads\/2026\/04\/Presentacion-Copa-Santos-Penoles.jpg?resize=525%2C300&ssl=1 1.5x, https:\/\/i0.wp.com\/latribunera.com\/apuntes\/wp-content\/uploads\/2026\/04\/Presentacion-Copa-Santos-Penoles.jpg?resize=700%2C400&ssl=1 2x, https:\/\/i0.wp.com\/latribunera.com\/apuntes\/wp-content\/uploads\/2026\/04\/Presentacion-Copa-Santos-Penoles.jpg?resize=1050%2C600&ssl=1 3x, https:\/\/i0.wp.com\/latribunera.com\/apuntes\/wp-content\/uploads\/2026\/04\/Presentacion-Copa-Santos-Penoles.jpg?resize=1400%2C800&ssl=1 4x"},"classes":[]}],"jetpack_sharing_enabled":true,"_links":{"self":[{"href":"https:\/\/latribunera.com\/apuntes\/index.php\/wp-json\/wp\/v2\/posts\/20572","targetHints":{"allow":["GET"]}}],"collection":[{"href":"https:\/\/latribunera.com\/apuntes\/index.php\/wp-json\/wp\/v2\/posts"}],"about":[{"href":"https:\/\/latribunera.com\/apuntes\/index.php\/wp-json\/wp\/v2\/types\/post"}],"author":[{"embeddable":true,"href":"https:\/\/latribunera.com\/apuntes\/index.php\/wp-json\/wp\/v2\/users\/8"}],"replies":[{"embeddable":true,"href":"https:\/\/latribunera.com\/apuntes\/index.php\/wp-json\/wp\/v2\/comments?post=20572"}],"version-history":[{"count":2,"href":"https:\/\/latribunera.com\/apuntes\/index.php\/wp-json\/wp\/v2\/posts\/20572\/revisions"}],"predecessor-version":[{"id":20576,"href":"https:\/\/latribunera.com\/apuntes\/index.php\/wp-json\/wp\/v2\/posts\/20572\/revisions\/20576"}],"wp:featuredmedia":[{"embeddable":true,"href":"https:\/\/latribunera.com\/apuntes\/index.php\/wp-json\/wp\/v2\/media\/20574"}],"wp:attachment":[{"href":"https:\/\/latribunera.com\/apuntes\/index.php\/wp-json\/wp\/v2\/media?parent=20572"}],"wp:term":[{"taxonomy":"category","embeddable":true,"href":"https:\/\/latribunera.com\/apuntes\/index.php\/wp-json\/wp\/v2\/categories?post=20572"},{"taxonomy":"post_tag","embeddable":true,"href":"https:\/\/latribunera.com\/apuntes\/index.php\/wp-json\/wp\/v2\/tags?post=20572"}],"curies":[{"name":"wp","href":"https:\/\/api.w.org\/{rel}","templated":true}]}}