{"id":20631,"date":"2021-08-07T21:46:20","date_gmt":"2021-08-07T21:46:20","guid":{"rendered":"https:\/\/latribunera.com\/apuntes\/?p=20631"},"modified":"2021-08-07T21:50:17","modified_gmt":"2021-08-07T21:50:17","slug":"el-puebla-con-una-mision-complicada","status":"publish","type":"post","link":"https:\/\/latribunera.com\/apuntes\/index.php\/2021\/08\/07\/el-puebla-con-una-mision-complicada\/","title":{"rendered":"EL PUEBLA CON UNA MISI\u00d3N COMPLICADA"},"content":{"rendered":"\n<p><\/p>\n\n\n\n<p><\/p>\n\n\n<p><script async=\"\" src=\"https:\/\/pagead2.googlesyndication.com\/pagead\/js\/adsbygoogle.js\"><\/script><br \/>\n<!-- PC 728x90 --><br \/>\n<ins class=\"adsbygoogle\" style=\"display:inline-block;width:728px;height:90px\" data-ad-client=\"ca-pub-9427576701762839\" data-ad-slot=\"1011393878\"><\/ins><br \/>\n<script>\n(adsbygoogle = window.adsbygoogle || []).push({});\n<\/script><\/p>\n\n\n\n<p><\/p>\n\n\n\n<p>Por H\u00e9ctor Padilla | Twitter @padiyaocelotl<\/p>\n\n\n\n<p>El Puebla de la Franja, tuvo la\nanterior jornada de este Grita M\u00e9xico A21, una mala presentaci\u00f3n como local,\ndonde independiente de la derrota ante Guadalajara, el equipo no se encontr\u00f3 a\nlo largo del cotejo, not\u00e1ndose muy d\u00e9bil al ataque y cuando fue exigido por el\nrival, se vi\u00f3 un tanto endeble en la defensa.<\/p>\n\n\n\n<p>No obstante, ello ya qued\u00f3 atr\u00e1s y\nahora en esta jornada tres, tendr\u00e1 una salida bastante complicada, debido a que\nvisita este s\u00e1bado 7 de agosto a las 19 horas el Estadio Azteca, donde\nenfrentar\u00e1 a las \u00c1guilas del Am\u00e9rica, cuadro al que no vence en mencionado\nrecinto desde hace casi diez a\u00f1os en el Apertura 2011, cuando gan\u00f3 por 2-3 con\ngran actuaci\u00f3n del hispano Luis Garc\u00eda. <\/p>\n\n\n\n<p>Para el t\u00e9cnico argentino del\nPuebla, Nicol\u00e1s Larcam\u00f3n, dentro del futbol no existen rivales imposibles, destacando\nque Am\u00e9rica no es una excepci\u00f3n. As\u00ed mismo, enfatiz\u00f3 que no es un cuadro\nsencillo, sin embargo, el cuadro poblano cuenta con los elementos necesarios\npara hacer un buen partido en Santa \u00darsula y quedarse con los tres puntos.<\/p>\n\n\n\n<p>En el transcurso de la semana,\nigualmente, se dio a conocer en el feudo poblano que el mediocampista, Daniel\nAguilar Causar\u00e1 baja por lo que resta de la temporada, debido a una rotura del\nligamento anterior de la rodilla izquierda, situaci\u00f3n donde le fue hecha\ncirug\u00eda resultando exitoso el proceso.<\/p>\n\n\n\n<p>El estratega pampero, ya podr\u00e1\ncontar para el cotejo ante las \u00c1guilas con Christian Tab\u00f3 y Juan Pablo Segovia,\nquienes ya cumplieron su partido de suspensi\u00f3n y podr\u00e1n ser contemplados para\nel cotejo en la capital del pa\u00eds.<\/p>\n\n\n\n<p>Dentro de los n\u00fameros hist\u00f3ricos en los enfrentamientos ocurridos entre ambas escuadras solo en liga desde 1944, donde se dio el primero de ellos hasta la fecha, hay hegemon\u00eda americanista con 27 triunfos por 21 empates de los cuales ocho han sido a cero goles y 13 victorias poblanas. En los mismos, Am\u00e9rica suma 91 anotaciones por 58 del Puebla.<\/p>\n\n\n\n<p><\/p>\n\n\n\n<p><\/p>\n\n\n\n<figure class=\"wp-block-embed-youtube wp-block-embed is-type-video is-provider-youtube wp-embed-aspect-16-9 wp-has-aspect-ratio\"><div class=\"wp-block-embed__wrapper\">\n<iframe loading=\"lazy\" title=\"Am\u00e9rica vs Puebla. Jornada 3 - Apertura 2021 | Quinieleros\" width=\"960\" height=\"540\" src=\"https:\/\/www.youtube.com\/embed\/_23hLyaawN0?feature=oembed\" frameborder=\"0\" allow=\"accelerometer; autoplay; clipboard-write; encrypted-media; gyroscope; picture-in-picture\" allowfullscreen><\/iframe>\n<\/div><\/figure>\n\n\n\n<p><\/p>\n\n\n\n<p><\/p>\n\n\n<p><script async=\"\" src=\"https:\/\/pagead2.googlesyndication.com\/pagead\/js\/adsbygoogle.js\"><\/script><br \/>\n<!-- PC 728x90 --><br \/>\n<ins class=\"adsbygoogle\" style=\"display:inline-block;width:728px;height:90px\" data-ad-client=\"ca-pub-9427576701762839\" data-ad-slot=\"1011393878\"><\/ins><br \/>\n<script>\n(adsbygoogle = window.adsbygoogle || []).push({});\n<\/script><\/p>\n\n\n\n<p><\/p>\n\n\n\n<p><\/p>\n\n\n","protected":false},"excerpt":{"rendered":"<p>Por H\u00e9ctor Padilla | Twitter @padiyaocelotl El Puebla de la Franja, tuvo la anterior jornada de este Grita M\u00e9xico A21, una mala presentaci\u00f3n como local, donde independiente de la derrota ante Guadalajara, el equipo no se encontr\u00f3 a lo largo del cotejo, not\u00e1ndose muy d\u00e9bil al ataque y cuando fue exigido por el rival, se&#8230; <\/p>\n<div class=\"clear\"><\/div>\n<p><a href=\"https:\/\/latribunera.com\/apuntes\/index.php\/2021\/08\/07\/el-puebla-con-una-mision-complicada\/\" class=\"excerpt-read-more\">Read More<i class=\"fa fa-caret-right icon-caret-right\"><\/i><\/a><\/p>\n","protected":false},"author":11,"featured_media":20635,"comment_status":"open","ping_status":"open","sticky":false,"template":"","format":"standard","meta":{"_jetpack_memberships_contains_paid_content":false,"footnotes":""},"categories":[231,2],"tags":[85],"class_list":["post-20631","post","type-post","status-publish","format-standard","has-post-thumbnail","hentry","category-apuntes","category-futbol-mexicano","tag-america"],"jetpack_featured_media_url":"https:\/\/latribunera.com\/apuntes\/wp-content\/uploads\/2021\/08\/E8ITg4tXIAQfHTp.jpg","jetpack-related-posts":[],"jetpack_sharing_enabled":true,"_links":{"self":[{"href":"https:\/\/latribunera.com\/apuntes\/index.php\/wp-json\/wp\/v2\/posts\/20631","targetHints":{"allow":["GET"]}}],"collection":[{"href":"https:\/\/latribunera.com\/apuntes\/index.php\/wp-json\/wp\/v2\/posts"}],"about":[{"href":"https:\/\/latribunera.com\/apuntes\/index.php\/wp-json\/wp\/v2\/types\/post"}],"author":[{"embeddable":true,"href":"https:\/\/latribunera.com\/apuntes\/index.php\/wp-json\/wp\/v2\/users\/11"}],"replies":[{"embeddable":true,"href":"https:\/\/latribunera.com\/apuntes\/index.php\/wp-json\/wp\/v2\/comments?post=20631"}],"version-history":[{"count":3,"href":"https:\/\/latribunera.com\/apuntes\/index.php\/wp-json\/wp\/v2\/posts\/20631\/revisions"}],"predecessor-version":[{"id":20636,"href":"https:\/\/latribunera.com\/apuntes\/index.php\/wp-json\/wp\/v2\/posts\/20631\/revisions\/20636"}],"wp:featuredmedia":[{"embeddable":true,"href":"https:\/\/latribunera.com\/apuntes\/index.php\/wp-json\/wp\/v2\/media\/20635"}],"wp:attachment":[{"href":"https:\/\/latribunera.com\/apuntes\/index.php\/wp-json\/wp\/v2\/media?parent=20631"}],"wp:term":[{"taxonomy":"category","embeddable":true,"href":"https:\/\/latribunera.com\/apuntes\/index.php\/wp-json\/wp\/v2\/categories?post=20631"},{"taxonomy":"post_tag","embeddable":true,"href":"https:\/\/latribunera.com\/apuntes\/index.php\/wp-json\/wp\/v2\/tags?post=20631"}],"curies":[{"name":"wp","href":"https:\/\/api.w.org\/{rel}","templated":true}]}}