{"id":20744,"date":"2021-08-09T16:17:14","date_gmt":"2021-08-09T16:17:14","guid":{"rendered":"https:\/\/latribunera.com\/apuntes\/?p=20744"},"modified":"2021-08-09T16:17:20","modified_gmt":"2021-08-09T16:17:20","slug":"semana-cargada-en-la-casa-rayada","status":"publish","type":"post","link":"https:\/\/latribunera.com\/apuntes\/index.php\/2021\/08\/09\/semana-cargada-en-la-casa-rayada\/","title":{"rendered":"Semana cargada en la Casa Rayada"},"content":{"rendered":"\n<p><\/p>\n\n\n\n<p><\/p>\n\n\n<p><script async src=\"https:\/\/pagead2.googlesyndication.com\/pagead\/js\/adsbygoogle.js\"><\/script><br \/>\n<!-- PC 728x90 --><br \/>\n<ins class=\"adsbygoogle\"\nstyle=\"display:inline-block;width:728px;height:90px\"\ndata-ad-client=\"ca-pub-9427576701762839\"\ndata-ad-slot=\"1011393878\"><\/ins><br \/>\n<script>\n(adsbygoogle = window.adsbygoogle || []).push({});\n<\/script><\/p>\n\n\n\n<p><\/p>\n\n\n\n<p><\/p>\n\n\n\n<p>Por David Flores | Twitter @davidfloores<\/p>\n\n\n\n<p>Comienza una semana de mucha actividad para el Club de\nF\u00fatbol Monterrey y para el c\u00e9sped del BBVA.<\/p>\n\n\n\n<p><strong>&#8211;\nCalendario de la semana \u2013<\/strong><\/p>\n\n\n\n<p>Lunes 9 de agosto<\/p>\n\n\n\n<p>Rayadas vs Puebla&nbsp;&nbsp;&nbsp;\n<\/p>\n\n\n\n<p>19:00 horas. <\/p>\n\n\n\n<p>Estadio BBVA <\/p>\n\n\n\n<p>Jornada 4 de la Liga BBVA MX Femenil.<\/p>\n\n\n\n<p>Mi\u00e9rcoles 11 de agosto<\/p>\n\n\n\n<p>Rayados vs Cruz Azul<\/p>\n\n\n\n<p>21:00 horas<\/p>\n\n\n\n<p>Estadio BBVA<\/p>\n\n\n\n<p>Juego de ida en la Semifinal de la CONCACAF<\/p>\n\n\n\n<p>Viernes 13 de agosto<\/p>\n\n\n\n<p>Raya2&nbsp;&nbsp; vs\nTapatio<\/p>\n\n\n\n<p>19:00 horas<\/p>\n\n\n\n<p>Estadio BBVA<\/p>\n\n\n\n<p>Jornada 3 de la Liga BBVA Expansi\u00f3n MX<\/p>\n\n\n\n<p>S\u00e1bado 14 de agosto<\/p>\n\n\n\n<p>Rayados vs Pachuca<\/p>\n\n\n\n<p>21:00 horas<\/p>\n\n\n\n<p>Estadio BBVA<\/p>\n\n\n\n<p>Jornada 4 de la Liga BBVA MX.<\/p>\n\n\n\n<p><\/p>\n\n\n<p><script async src=\"https:\/\/pagead2.googlesyndication.com\/pagead\/js\/adsbygoogle.js\"><\/script><br \/>\n<!-- PC 728x90 --><br \/>\n<ins class=\"adsbygoogle\"\nstyle=\"display:inline-block;width:728px;height:90px\"\ndata-ad-client=\"ca-pub-9427576701762839\"\ndata-ad-slot=\"1011393878\"><\/ins><br \/>\n<script>\n(adsbygoogle = window.adsbygoogle || []).push({});\n<\/script><\/p>\n\n\n\n<p><\/p>\n\n\n\n<p><\/p>\n\n\n\n<p>La cancha\ndel BBVA tendr\u00e1 poco tiempo de recuperaci\u00f3n entre un partido y otro. <\/p>\n\n\n\n<p>Sin duda\nser\u00e1 una gran prueba ver c\u00f3mo se comporta y que tanto puede ser el desgaste en\nuna semana donde habr\u00e1 mucha actividad. <\/p>\n\n\n\n<p>Conociendo los antecedentes y lo mucho que ha sufrido el Club de F\u00fatbol Monterrey con el pasto, pareciera que no es garant\u00eda, pero, ahora es cuando se reflejar\u00e1 la labor que han estado haciendo para que el terreno de juego est\u00e9 en \u00f3ptimas condiciones y responda en situaciones como la que se presentar\u00e1 en esta semana.<\/p>\n\n\n\n<p><\/p>\n\n\n\n<p><\/p>\n\n\n<p><script async src=\"https:\/\/pagead2.googlesyndication.com\/pagead\/js\/adsbygoogle.js\"><\/script><br \/>\n<!-- PC 728x90 --><br \/>\n<ins class=\"adsbygoogle\"\nstyle=\"display:inline-block;width:728px;height:90px\"\ndata-ad-client=\"ca-pub-9427576701762839\"\ndata-ad-slot=\"1011393878\"><\/ins><br \/>\n<script>\n(adsbygoogle = window.adsbygoogle || []).push({});\n<\/script><\/p>\n\n\n\n<p><\/p>\n\n\n\n<p><\/p>\n\n\n\n<figure class=\"wp-block-embed-youtube wp-block-embed is-type-video is-provider-youtube wp-embed-aspect-16-9 wp-has-aspect-ratio\"><div class=\"wp-block-embed__wrapper\">\n<iframe loading=\"lazy\" title=\"LLEGADA DE ERICK AGUIRRE\" width=\"960\" height=\"540\" src=\"https:\/\/www.youtube.com\/embed\/9_5RASP_Vc4?feature=oembed\" frameborder=\"0\" allow=\"accelerometer; autoplay; clipboard-write; encrypted-media; gyroscope; picture-in-picture\" allowfullscreen><\/iframe>\n<\/div><\/figure>\n","protected":false},"excerpt":{"rendered":"<p>Por David Flores | Twitter @davidfloores Comienza una semana de mucha actividad para el Club de F\u00fatbol Monterrey y para el c\u00e9sped del BBVA. &#8211; Calendario de la semana \u2013 Lunes 9 de agosto Rayadas vs Puebla&nbsp;&nbsp;&nbsp; 19:00 horas. Estadio BBVA Jornada 4 de la Liga BBVA MX Femenil. Mi\u00e9rcoles 11 de agosto Rayados vs&#8230; <\/p>\n<div class=\"clear\"><\/div>\n<p><a href=\"https:\/\/latribunera.com\/apuntes\/index.php\/2021\/08\/09\/semana-cargada-en-la-casa-rayada\/\" class=\"excerpt-read-more\">Read More<i class=\"fa fa-caret-right icon-caret-right\"><\/i><\/a><\/p>\n","protected":false},"author":21,"featured_media":20745,"comment_status":"open","ping_status":"open","sticky":false,"template":"","format":"standard","meta":{"_jetpack_memberships_contains_paid_content":false,"footnotes":""},"categories":[231,2,277],"tags":[],"class_list":["post-20744","post","type-post","status-publish","format-standard","has-post-thumbnail","hentry","category-apuntes","category-futbol-mexicano","category-zonarayada"],"jetpack_featured_media_url":"https:\/\/latribunera.com\/apuntes\/wp-content\/uploads\/2021\/08\/Dise\u00f1o-sin-t\u00edtulo-1-7.jpg","jetpack-related-posts":[{"id":45392,"url":"https:\/\/latribunera.com\/apuntes\/index.php\/2026\/04\/09\/se-presento-la-13va-edicion-del-guerreton\/","url_meta":{"origin":20744,"position":0},"title":"Se presento la 13va edici\u00f3n del Guerret\u00f3n.","author":"Staff","date":"9 abril, 2026","format":false,"excerpt":"A lo largo de sus primeras 12 ediciones, Guerret\u00f3n ha logrado recolectar m\u00e1s de 121,500juguetes, peluches y balones, beneficiando a diversas asociaciones e instituciones de laregi\u00f3n lagunera, entre ellas CRIT Durango, los sistemas DIF de distintos municipios, as\u00edcomo organizaciones educativas y asistenciales. A la fecha, se han instalado cuatro ludotecas\u2026","rel":"","context":"In &quot;Ganar Sirviendo&quot;","block_context":{"text":"Ganar Sirviendo","link":"https:\/\/latribunera.com\/apuntes\/index.php\/category\/futbol\/futbol-mexicano\/ganar-sirviendo\/"},"img":{"alt_text":"","src":"https:\/\/i0.wp.com\/latribunera.com\/apuntes\/wp-content\/uploads\/2026\/04\/9Guerreton-2026-2.jpg.jpeg?resize=350%2C200&ssl=1","width":350,"height":200,"srcset":"https:\/\/i0.wp.com\/latribunera.com\/apuntes\/wp-content\/uploads\/2026\/04\/9Guerreton-2026-2.jpg.jpeg?resize=350%2C200&ssl=1 1x, https:\/\/i0.wp.com\/latribunera.com\/apuntes\/wp-content\/uploads\/2026\/04\/9Guerreton-2026-2.jpg.jpeg?resize=525%2C300&ssl=1 1.5x, https:\/\/i0.wp.com\/latribunera.com\/apuntes\/wp-content\/uploads\/2026\/04\/9Guerreton-2026-2.jpg.jpeg?resize=700%2C400&ssl=1 2x, https:\/\/i0.wp.com\/latribunera.com\/apuntes\/wp-content\/uploads\/2026\/04\/9Guerreton-2026-2.jpg.jpeg?resize=1050%2C600&ssl=1 3x, https:\/\/i0.wp.com\/latribunera.com\/apuntes\/wp-content\/uploads\/2026\/04\/9Guerreton-2026-2.jpg.jpeg?resize=1400%2C800&ssl=1 4x"},"classes":[]}],"jetpack_sharing_enabled":true,"_links":{"self":[{"href":"https:\/\/latribunera.com\/apuntes\/index.php\/wp-json\/wp\/v2\/posts\/20744","targetHints":{"allow":["GET"]}}],"collection":[{"href":"https:\/\/latribunera.com\/apuntes\/index.php\/wp-json\/wp\/v2\/posts"}],"about":[{"href":"https:\/\/latribunera.com\/apuntes\/index.php\/wp-json\/wp\/v2\/types\/post"}],"author":[{"embeddable":true,"href":"https:\/\/latribunera.com\/apuntes\/index.php\/wp-json\/wp\/v2\/users\/21"}],"replies":[{"embeddable":true,"href":"https:\/\/latribunera.com\/apuntes\/index.php\/wp-json\/wp\/v2\/comments?post=20744"}],"version-history":[{"count":2,"href":"https:\/\/latribunera.com\/apuntes\/index.php\/wp-json\/wp\/v2\/posts\/20744\/revisions"}],"predecessor-version":[{"id":20747,"href":"https:\/\/latribunera.com\/apuntes\/index.php\/wp-json\/wp\/v2\/posts\/20744\/revisions\/20747"}],"wp:featuredmedia":[{"embeddable":true,"href":"https:\/\/latribunera.com\/apuntes\/index.php\/wp-json\/wp\/v2\/media\/20745"}],"wp:attachment":[{"href":"https:\/\/latribunera.com\/apuntes\/index.php\/wp-json\/wp\/v2\/media?parent=20744"}],"wp:term":[{"taxonomy":"category","embeddable":true,"href":"https:\/\/latribunera.com\/apuntes\/index.php\/wp-json\/wp\/v2\/categories?post=20744"},{"taxonomy":"post_tag","embeddable":true,"href":"https:\/\/latribunera.com\/apuntes\/index.php\/wp-json\/wp\/v2\/tags?post=20744"}],"curies":[{"name":"wp","href":"https:\/\/api.w.org\/{rel}","templated":true}]}}