{"id":21057,"date":"2021-08-17T04:21:21","date_gmt":"2021-08-17T04:21:21","guid":{"rendered":"https:\/\/latribunera.com\/apuntes\/?p=21057"},"modified":"2021-08-17T04:25:53","modified_gmt":"2021-08-17T04:25:53","slug":"comienza-a-llenarse-el-hospital-azulcrema","status":"publish","type":"post","link":"https:\/\/latribunera.com\/apuntes\/index.php\/2021\/08\/17\/comienza-a-llenarse-el-hospital-azulcrema\/","title":{"rendered":"\u00bfComienza a llenarse el hospital azulcrema?"},"content":{"rendered":"\n<p><\/p>\n\n\n\n<p><\/p>\n\n\n<p><script async=\"\" src=\"https:\/\/pagead2.googlesyndication.com\/pagead\/js\/adsbygoogle.js\"><\/script><br \/>\n<!-- PC 728x90 --><br \/>\n<ins class=\"adsbygoogle\" style=\"display:inline-block;width:728px;height:90px\" data-ad-client=\"ca-pub-9427576701762839\" data-ad-slot=\"1011393878\"><\/ins><br \/>\n<script>\n(adsbygoogle = window.adsbygoogle || []).push({});\n<\/script><\/p>\n\n\n\n<p><\/p>\n\n\n\n<p><\/p>\n\n\n\n<p>Por: Ismael Gonz\u00e1lez \/ <a href=\"https:\/\/twitter.com\/ismagonzalezMX\">@ismagonzalezMX<\/a><\/p>\n\n\n\n<p class=\"has-text-align-justify\">Las lesiones han sido un mal que ha aquejado a las \u00c1guilas del Am\u00e9rica, y lamentablemente para su causa, se les han comenzado a caer los soldados a los dirigidos por Santiago Solari en este inicio de torneo.<\/p>\n\n\n\n<p class=\"has-text-align-justify\">El primer caso es el del uruguayo Federico Vi\u00f1as, quien no ha tenido actividad desde el torneo pasado por un tema muscular que se ha ido agravando. El entrenador de las \u00c1guilas confirm\u00f3 que est\u00e1 en la \u00faltima fase de su recuperaci\u00f3n individual y parece que es cuesti\u00f3n de d\u00edas para que pueda retomar los entrenamientos con todo el plantel.<\/p>\n\n\n\n<figure class=\"wp-block-embed-twitter wp-block-embed is-type-rich is-provider-twitter\"><div class=\"wp-block-embed__wrapper\">\n<blockquote class=\"twitter-tweet\" data-width=\"550\" data-dnt=\"true\"><p lang=\"es\" dir=\"ltr\">Santiago Solari. \ud83e\udd85\ud83d\udde3<br><br>\u201cEst\u00e1 en su \u00faltima etapa de preparaci\u00f3n a nivel individual. Lo hemos echado de menos, no hemos podido echar mano de \u00e9l. Es un elemento muy valioso para nosotros. Ojal\u00e1 que pueda estar el fin de semana, si no la siguiente semana\u201d. <br><br>-Sobre Vi\u00f1as. \ud83c\uddfa\ud83c\uddfe\u21a9\ufe0f <a href=\"https:\/\/t.co\/dUVTZMiym2\">pic.twitter.com\/dUVTZMiym2<\/a><\/p>&mdash; Resaca Americanista (@ResacaAmerica) <a href=\"https:\/\/twitter.com\/ResacaAmerica\/status\/1425605398493544451?ref_src=twsrc%5Etfw\">August 11, 2021<\/a><\/blockquote><script async src=\"https:\/\/platform.twitter.com\/widgets.js\" charset=\"utf-8\"><\/script>\n<\/div><\/figure>\n\n\n\n<p class=\"has-text-align-justify\">Despu\u00e9s est\u00e1 el caso de Santiago Naveda, quien sufri\u00f3 una lesi\u00f3n de ligamentos en la pierna izquierda en el partido ante Puebla. El joven americanista se perder\u00e1 todo el torneo con las \u00c1guilas, por lo que ya no aparece en los registros de la Liga para esta campa\u00f1a.<\/p>\n\n\n\n<p class=\"has-text-align-justify\">La lista sigue con el defensa, Sebasti\u00e1n C\u00e1ceres, quien estar\u00e1 fuera de actividad por dos semanas luego de sufrir una distenci\u00f3n muscular. El uruguayo ven\u00eda siendo titular, compartiendo la central con Aguilera.<\/p>\n\n\n\n<p class=\"has-text-align-justify\">Y por \u00faltimo, este lunes se confirm\u00f3 la baja de Leo Su\u00e1rez, quien presenta una lesi\u00f3n en el tobillo derecho que requerir\u00e1 de una operaci\u00f3n. El atacante argentino estar\u00e1 fuera tres meses.<\/p>\n\n\n\n<p><\/p>\n\n\n<p><script async=\"\" src=\"https:\/\/pagead2.googlesyndication.com\/pagead\/js\/adsbygoogle.js\"><\/script><br \/>\n<!-- PC 728x90 --><br \/>\n<ins class=\"adsbygoogle\" style=\"display:inline-block;width:728px;height:90px\" data-ad-client=\"ca-pub-9427576701762839\" data-ad-slot=\"1011393878\"><\/ins><br \/>\n<script>\n(adsbygoogle = window.adsbygoogle || []).push({});\n<\/script><\/p>\n\n\n\n<p><\/p>\n\n\n\n<p><\/p>\n\n\n\n<figure class=\"wp-block-embed-twitter wp-block-embed is-type-rich is-provider-twitter\"><div class=\"wp-block-embed__wrapper\">\n<blockquote class=\"twitter-tweet\" data-width=\"550\" data-dnt=\"true\"><p lang=\"es\" dir=\"ltr\">\ud83d\udea8 \u00a1\u00daLTIMO MOMENTO! \ud83d\udea8<br><br>\ud83c\udfe5 Sebasti\u00e1n C\u00e1ceres ser\u00e1 baja al menos dos semanas por una distensi\u00f3n muscular. <br><br>\ud83c\udfe5 Leo Su\u00e1rez alrededor de 3 meses tras la cirug\u00eda a la que se va a someter. <a href=\"https:\/\/t.co\/lDJ7dIIBJG\">pic.twitter.com\/lDJ7dIIBJG<\/a><\/p>&mdash; Resaca Americanista (@ResacaAmerica) <a href=\"https:\/\/twitter.com\/ResacaAmerica\/status\/1427339294193160192?ref_src=twsrc%5Etfw\">August 16, 2021<\/a><\/blockquote><script async src=\"https:\/\/platform.twitter.com\/widgets.js\" charset=\"utf-8\"><\/script>\n<\/div><\/figure>\n\n\n\n<p><\/p>\n\n\n\n<p><\/p>\n\n\n<p><script async=\"\" src=\"https:\/\/pagead2.googlesyndication.com\/pagead\/js\/adsbygoogle.js\"><\/script><br \/>\n<!-- PC 728x90 --><br \/>\n<ins class=\"adsbygoogle\" style=\"display:inline-block;width:728px;height:90px\" data-ad-client=\"ca-pub-9427576701762839\" data-ad-slot=\"1011393878\"><\/ins><br \/>\n<script>\n(adsbygoogle = window.adsbygoogle || []).push({});\n<\/script><\/p>\n","protected":false},"excerpt":{"rendered":"<p>Por: Ismael Gonz\u00e1lez \/ @ismagonzalezMX Las lesiones han sido un mal que ha aquejado a las \u00c1guilas del Am\u00e9rica, y lamentablemente para su causa, se les han comenzado a caer los soldados a los dirigidos por Santiago Solari en este inicio de torneo. El primer caso es el del uruguayo Federico Vi\u00f1as, quien no ha&#8230; <\/p>\n<div class=\"clear\"><\/div>\n<p><a href=\"https:\/\/latribunera.com\/apuntes\/index.php\/2021\/08\/17\/comienza-a-llenarse-el-hospital-azulcrema\/\" class=\"excerpt-read-more\">Read More<i class=\"fa fa-caret-right icon-caret-right\"><\/i><\/a><\/p>\n","protected":false},"author":31,"featured_media":21060,"comment_status":"open","ping_status":"open","sticky":false,"template":"","format":"standard","meta":{"_jetpack_memberships_contains_paid_content":false,"footnotes":""},"categories":[231,2,525],"tags":[85,74],"class_list":["post-21057","post","type-post","status-publish","format-standard","has-post-thumbnail","hentry","category-apuntes","category-futbol-mexicano","category-resacaamericanista","tag-america","tag-liga-mx"],"jetpack_featured_media_url":"https:\/\/latribunera.com\/apuntes\/wp-content\/uploads\/2021\/08\/santiagonavedaamerica.jpg_1902800913.jpg","jetpack-related-posts":[{"id":45386,"url":"https:\/\/latribunera.com\/apuntes\/index.php\/2026\/03\/11\/santos-launa-impulsa-mejoras-en-la-infraestructura-de-tsm-y-estadio-corona\/","url_meta":{"origin":21057,"position":0},"title":"Santos Laguna impulsa mejoras en la infraestructura de TSM y Estadio Corona","author":"Jacob Alarcon","date":"11 marzo, 2026","format":false,"excerpt":"Club Santos Laguna lleva a cabo una serie de reformas y mejoras en la infraestructura de TerritorioSantos Modelo y del Estadio Corona, con el objetivo de impulsar la innovaci\u00f3n tecnol\u00f3gica, lasostenibilidad y la modernizaci\u00f3n de sus espacios.Con estas acciones, el club contin\u00faa fortaleciendo la experiencia de sus aficionados yactualizando sus\u2026","rel":"","context":"In &quot;Pasi\u00f3n Guerrera&quot;","block_context":{"text":"Pasi\u00f3n Guerrera","link":"https:\/\/latribunera.com\/apuntes\/index.php\/category\/tribus\/pasionguerrera\/"},"img":{"alt_text":"","src":"https:\/\/i0.wp.com\/latribunera.com\/apuntes\/wp-content\/uploads\/2026\/03\/Renovacion-TSM.jpg?resize=350%2C200&ssl=1","width":350,"height":200,"srcset":"https:\/\/i0.wp.com\/latribunera.com\/apuntes\/wp-content\/uploads\/2026\/03\/Renovacion-TSM.jpg?resize=350%2C200&ssl=1 1x, https:\/\/i0.wp.com\/latribunera.com\/apuntes\/wp-content\/uploads\/2026\/03\/Renovacion-TSM.jpg?resize=525%2C300&ssl=1 1.5x, https:\/\/i0.wp.com\/latribunera.com\/apuntes\/wp-content\/uploads\/2026\/03\/Renovacion-TSM.jpg?resize=700%2C400&ssl=1 2x, https:\/\/i0.wp.com\/latribunera.com\/apuntes\/wp-content\/uploads\/2026\/03\/Renovacion-TSM.jpg?resize=1050%2C600&ssl=1 3x, https:\/\/i0.wp.com\/latribunera.com\/apuntes\/wp-content\/uploads\/2026\/03\/Renovacion-TSM.jpg?resize=1400%2C800&ssl=1 4x"},"classes":[]}],"jetpack_sharing_enabled":true,"_links":{"self":[{"href":"https:\/\/latribunera.com\/apuntes\/index.php\/wp-json\/wp\/v2\/posts\/21057","targetHints":{"allow":["GET"]}}],"collection":[{"href":"https:\/\/latribunera.com\/apuntes\/index.php\/wp-json\/wp\/v2\/posts"}],"about":[{"href":"https:\/\/latribunera.com\/apuntes\/index.php\/wp-json\/wp\/v2\/types\/post"}],"author":[{"embeddable":true,"href":"https:\/\/latribunera.com\/apuntes\/index.php\/wp-json\/wp\/v2\/users\/31"}],"replies":[{"embeddable":true,"href":"https:\/\/latribunera.com\/apuntes\/index.php\/wp-json\/wp\/v2\/comments?post=21057"}],"version-history":[{"count":4,"href":"https:\/\/latribunera.com\/apuntes\/index.php\/wp-json\/wp\/v2\/posts\/21057\/revisions"}],"predecessor-version":[{"id":21066,"href":"https:\/\/latribunera.com\/apuntes\/index.php\/wp-json\/wp\/v2\/posts\/21057\/revisions\/21066"}],"wp:featuredmedia":[{"embeddable":true,"href":"https:\/\/latribunera.com\/apuntes\/index.php\/wp-json\/wp\/v2\/media\/21060"}],"wp:attachment":[{"href":"https:\/\/latribunera.com\/apuntes\/index.php\/wp-json\/wp\/v2\/media?parent=21057"}],"wp:term":[{"taxonomy":"category","embeddable":true,"href":"https:\/\/latribunera.com\/apuntes\/index.php\/wp-json\/wp\/v2\/categories?post=21057"},{"taxonomy":"post_tag","embeddable":true,"href":"https:\/\/latribunera.com\/apuntes\/index.php\/wp-json\/wp\/v2\/tags?post=21057"}],"curies":[{"name":"wp","href":"https:\/\/api.w.org\/{rel}","templated":true}]}}