{"id":21074,"date":"2021-08-17T13:00:17","date_gmt":"2021-08-17T13:00:17","guid":{"rendered":"https:\/\/latribunera.com\/apuntes\/?p=21074"},"modified":"2021-08-17T13:00:24","modified_gmt":"2021-08-17T13:00:24","slug":"esbozos-de-la-super-franja","status":"publish","type":"post","link":"https:\/\/latribunera.com\/apuntes\/index.php\/2021\/08\/17\/esbozos-de-la-super-franja\/","title":{"rendered":"Esbozos de la S\u00faper Franja"},"content":{"rendered":"\n<p><\/p>\n\n\n\n<p><\/p>\n\n\n<p><script async src=\"https:\/\/pagead2.googlesyndication.com\/pagead\/js\/adsbygoogle.js\"><\/script><br \/>\n<!-- PC 728x90 --><br \/>\n<ins class=\"adsbygoogle\"\nstyle=\"display:inline-block;width:728px;height:90px\"\ndata-ad-client=\"ca-pub-9427576701762839\"\ndata-ad-slot=\"1011393878\"><\/ins><br \/>\n<script>\n(adsbygoogle = window.adsbygoogle || []).push({});\n<\/script><\/p>\n\n\n\n<p><\/p>\n\n\n\n<p><\/p>\n\n\n\n<p><strong>Por H\u00e9ctor Padilla | Twitter @padiyaocelotl<\/strong><\/p>\n\n\n\n<p>El Puebla de la Franja en el pasado\npartido como local en este Grita M\u00e9xico A 2021 que tuvo ante los Tigres de la\nUniversidad Aut\u00f3noma de Nuevo Le\u00f3n, present\u00f3 durante diversos lapsos del\nencuentro, esbozos de lo que lleg\u00f3 a realizar el torneo pasado. <\/p>\n\n\n\n<p>Para el estratega argentino de la\nFranja, Nicol\u00e1s Larcam\u00f3n, dentro de una autocr\u00edtica, reconoci\u00f3 se deben mejorar\nmuchos aspectos dentro del equipo. De igual manera, resalt\u00f3 el trabajo del\nvenezolano Fernando Aristeguieta al frente pero tambi\u00e9n cuando se trata de\ndefender.<\/p>\n\n\n\n<p>Puntualiz\u00f3 que este torneo, no se\ntrata de hacer una carrera de velocidad, m\u00e1s bien es mostrar resistencia para\npoder obtener puntos, los cuales, permitan al equipo posicionarse en puesto de\nliguilla.<\/p>\n\n\n\n<p>Puebla, visita para esta fecha\ncinco este martes 17 de agosto a las 21:06 horas el Estadio Caliente, para\nenfrentar a Tijuana. La Franja, sabe de la importancia del partido ante Xolos,\njusto en estos momentos donde el equipo fronterizo tampoco ha tenido buen\narranque de torneo, situaci\u00f3n que lo tiene sumido en el \u00faltimo lugar de la\ntabla general con un punto conseguido.<\/p>\n\n\n\n<p>De igual manera, la Franja, tendr\u00e1\nque salir a buscar un resultado que le permita catapultarse en la misma general\ndonde se encuentra instalado el equipo en el esca\u00f1o 16. De igual manera, podr\u00eda\ngenerar mayor confianza al interior. En caso de una derrota, las cosas se\nver\u00edan bastante complicadas.<\/p>\n\n\n\n<p>Por lo tanto, vamos a ver como le\nva al Puebla en esta jornada doble, donde enfrenta a los dos \u00faltimos lugares de\nla general, primeramente, es Xolos donde comienza la patria y el domingo\nvisitar\u00e1 el Ol\u00edmpico 68 en la capital del pa\u00eds para enfrentar a los Pumas de la\nUNAM.<\/p>\n\n\n\n<p>En lo hist\u00f3rico, Tijuana es una plaza complicada para el Puebla, quien solo ha sumado dos triunfos desde el Apertura 2011 cuando Xolos lleg\u00f3 al M\u00e1ximo Circuito, teniendo los tijuanenses dominio con siete ganados, habiendo dos empates, uno de ellos a cero goles. En estos enfrentamientos Xolos suma 20 goles por s\u00f3lo 6 de la Franja.<\/p>\n\n\n\n<p><\/p>\n\n\n\n<p><\/p>\n\n\n<p><script async src=\"https:\/\/pagead2.googlesyndication.com\/pagead\/js\/adsbygoogle.js\"><\/script><br \/>\n<!-- PC 728x90 --><br \/>\n<ins class=\"adsbygoogle\"\nstyle=\"display:inline-block;width:728px;height:90px\"\ndata-ad-client=\"ca-pub-9427576701762839\"\ndata-ad-slot=\"1011393878\"><\/ins><br \/>\n<script>\n(adsbygoogle = window.adsbygoogle || []).push({});\n<\/script><\/p>\n\n\n\n<p><\/p>\n\n\n\n<p><\/p>\n\n\n\n<figure class=\"wp-block-embed-youtube wp-block-embed is-type-video is-provider-youtube wp-embed-aspect-16-9 wp-has-aspect-ratio\"><div class=\"wp-block-embed__wrapper\">\n<iframe loading=\"lazy\" title=\"Ranking Jerseys Home Edition Liga MX 21-22 - A LO VALO | Especial Jersey Review\" width=\"960\" height=\"540\" src=\"https:\/\/www.youtube.com\/embed\/t46UzeLs_Pw?feature=oembed\" frameborder=\"0\" allow=\"accelerometer; autoplay; clipboard-write; encrypted-media; gyroscope; picture-in-picture\" allowfullscreen><\/iframe>\n<\/div><\/figure>\n\n\n\n<p><\/p>\n\n\n\n<p><\/p>\n\n\n<p><script async src=\"https:\/\/pagead2.googlesyndication.com\/pagead\/js\/adsbygoogle.js\"><\/script><br \/>\n<!-- PC 728x90 --><br \/>\n<ins class=\"adsbygoogle\"\nstyle=\"display:inline-block;width:728px;height:90px\"\ndata-ad-client=\"ca-pub-9427576701762839\"\ndata-ad-slot=\"1011393878\"><\/ins><br \/>\n<script>\n(adsbygoogle = window.adsbygoogle || []).push({});\n<\/script><\/p>\n","protected":false},"excerpt":{"rendered":"<p>Por H\u00e9ctor Padilla | Twitter @padiyaocelotl El Puebla de la Franja en el pasado partido como local en este Grita M\u00e9xico A 2021 que tuvo ante los Tigres de la Universidad Aut\u00f3noma de Nuevo Le\u00f3n, present\u00f3 durante diversos lapsos del encuentro, esbozos de lo que lleg\u00f3 a realizar el torneo pasado. Para el estratega argentino&#8230; <\/p>\n<div class=\"clear\"><\/div>\n<p><a href=\"https:\/\/latribunera.com\/apuntes\/index.php\/2021\/08\/17\/esbozos-de-la-super-franja\/\" class=\"excerpt-read-more\">Read More<i class=\"fa fa-caret-right icon-caret-right\"><\/i><\/a><\/p>\n","protected":false},"author":11,"featured_media":21075,"comment_status":"open","ping_status":"open","sticky":false,"template":"","format":"standard","meta":{"_jetpack_memberships_contains_paid_content":false,"footnotes":""},"categories":[231,2],"tags":[74,97],"class_list":["post-21074","post","type-post","status-publish","format-standard","has-post-thumbnail","hentry","category-apuntes","category-futbol-mexicano","tag-liga-mx","tag-puebla"],"jetpack_featured_media_url":"https:\/\/latribunera.com\/apuntes\/wp-content\/uploads\/2021\/08\/WhatsApp-Image-2021-08-17-at-07.51.46.jpeg","jetpack-related-posts":[{"id":45421,"url":"https:\/\/latribunera.com\/apuntes\/index.php\/2026\/04\/16\/todo-listo-para-la-14va-edicion-de-la-copa-internacional-santos-penoles\/","url_meta":{"origin":21074,"position":0},"title":"Todo listo para la 14va edici\u00f3n de la Copa Internacional Santos Pe\u00f1oles","author":"Jacob Alarcon","date":"16 abril, 2026","format":false,"excerpt":"Este jueves, en el Auditorio Orlegi de Territorio Santos Modelo, se llev\u00f3 a cabo la presentaci\u00f3noficial de la edici\u00f3n 2026 de la Copa Internacional Santos Pe\u00f1oles, torneo que se ha consolidadocomo uno de los m\u00e1s importantes a nivel infantil y juvenil en M\u00e9xico. Adem\u00e1s de brindar una competencia deportiva de\u2026","rel":"","context":"In &quot;Sin categor\u00eda&quot;","block_context":{"text":"Sin categor\u00eda","link":"https:\/\/latribunera.com\/apuntes\/index.php\/category\/sin-categoria\/"},"img":{"alt_text":"","src":"https:\/\/i0.wp.com\/latribunera.com\/apuntes\/wp-content\/uploads\/2026\/04\/Presentacion-Copa-Santos-Penoles.jpg?resize=350%2C200&ssl=1","width":350,"height":200,"srcset":"https:\/\/i0.wp.com\/latribunera.com\/apuntes\/wp-content\/uploads\/2026\/04\/Presentacion-Copa-Santos-Penoles.jpg?resize=350%2C200&ssl=1 1x, https:\/\/i0.wp.com\/latribunera.com\/apuntes\/wp-content\/uploads\/2026\/04\/Presentacion-Copa-Santos-Penoles.jpg?resize=525%2C300&ssl=1 1.5x, https:\/\/i0.wp.com\/latribunera.com\/apuntes\/wp-content\/uploads\/2026\/04\/Presentacion-Copa-Santos-Penoles.jpg?resize=700%2C400&ssl=1 2x, https:\/\/i0.wp.com\/latribunera.com\/apuntes\/wp-content\/uploads\/2026\/04\/Presentacion-Copa-Santos-Penoles.jpg?resize=1050%2C600&ssl=1 3x, https:\/\/i0.wp.com\/latribunera.com\/apuntes\/wp-content\/uploads\/2026\/04\/Presentacion-Copa-Santos-Penoles.jpg?resize=1400%2C800&ssl=1 4x"},"classes":[]}],"jetpack_sharing_enabled":true,"_links":{"self":[{"href":"https:\/\/latribunera.com\/apuntes\/index.php\/wp-json\/wp\/v2\/posts\/21074","targetHints":{"allow":["GET"]}}],"collection":[{"href":"https:\/\/latribunera.com\/apuntes\/index.php\/wp-json\/wp\/v2\/posts"}],"about":[{"href":"https:\/\/latribunera.com\/apuntes\/index.php\/wp-json\/wp\/v2\/types\/post"}],"author":[{"embeddable":true,"href":"https:\/\/latribunera.com\/apuntes\/index.php\/wp-json\/wp\/v2\/users\/11"}],"replies":[{"embeddable":true,"href":"https:\/\/latribunera.com\/apuntes\/index.php\/wp-json\/wp\/v2\/comments?post=21074"}],"version-history":[{"count":2,"href":"https:\/\/latribunera.com\/apuntes\/index.php\/wp-json\/wp\/v2\/posts\/21074\/revisions"}],"predecessor-version":[{"id":21077,"href":"https:\/\/latribunera.com\/apuntes\/index.php\/wp-json\/wp\/v2\/posts\/21074\/revisions\/21077"}],"wp:featuredmedia":[{"embeddable":true,"href":"https:\/\/latribunera.com\/apuntes\/index.php\/wp-json\/wp\/v2\/media\/21075"}],"wp:attachment":[{"href":"https:\/\/latribunera.com\/apuntes\/index.php\/wp-json\/wp\/v2\/media?parent=21074"}],"wp:term":[{"taxonomy":"category","embeddable":true,"href":"https:\/\/latribunera.com\/apuntes\/index.php\/wp-json\/wp\/v2\/categories?post=21074"},{"taxonomy":"post_tag","embeddable":true,"href":"https:\/\/latribunera.com\/apuntes\/index.php\/wp-json\/wp\/v2\/tags?post=21074"}],"curies":[{"name":"wp","href":"https:\/\/api.w.org\/{rel}","templated":true}]}}