{"id":21091,"date":"2021-08-17T15:59:56","date_gmt":"2021-08-17T15:59:56","guid":{"rendered":"https:\/\/latribunera.com\/apuntes\/?p=21091"},"modified":"2021-08-17T16:02:46","modified_gmt":"2021-08-17T16:02:46","slug":"el-dia-de-funes-mori","status":"publish","type":"post","link":"https:\/\/latribunera.com\/apuntes\/index.php\/2021\/08\/17\/el-dia-de-funes-mori\/","title":{"rendered":"FUNES MORI DAY"},"content":{"rendered":"\n<p><\/p>\n\n\n\n<p><\/p>\n\n\n<p><script async=\"\" src=\"https:\/\/pagead2.googlesyndication.com\/pagead\/js\/adsbygoogle.js\"><\/script><br \/>\n<!-- PC 728x90 --><br \/>\n<ins class=\"adsbygoogle\" style=\"display:inline-block;width:728px;height:90px\" data-ad-client=\"ca-pub-9427576701762839\" data-ad-slot=\"1011393878\"><\/ins><br \/>\n<script>\n(adsbygoogle = window.adsbygoogle || []).push({});\n<\/script><\/p>\n\n\n\n<p><\/p>\n\n\n\n<p><\/p>\n\n\n\n<p>Por\nVenustiano Carranza<\/p>\n\n\n\n<p>Dicen que despu\u00e9s\nde la tormenta viene la calma y s\u00ed\u2026 as\u00ed le sucedi\u00f3 a Rogelio Funes Mori, quien\ntard\u00f3 cuatro meses en brincar del gol 121 al 122, esa peque\u00f1a distancia que lo\ndistanciaba a ser el m\u00e1ximo goleador del Club del Futbol Monterrey.<\/p>\n\n\n\n<p>Fueron d\u00edas dif\u00edciles reconoci\u00f3 el delantero, pero es\ntema del pasado, ahora a disfrutar y seguir marcando, as\u00ed lo dijo una y otra\nvez en las diversas charlas que brind\u00f3 a los medios de comunicaci\u00f3n.<\/p>\n\n\n\n<p>Tras dar un paseo por el estadio albiazul, el Mellizo\natendi\u00f3 a medios y fot\u00f3grafos.<\/p>\n\n\n\n<p>Era su momento, la gloria anhelada por todo\ndeportista.<\/p>\n\n\n\n<p>\u00bfTe las perdiste?<\/p>\n\n\n\n<p><strong>Ac\u00e1 muchas\nde ellas\u2026<\/strong><\/p>\n\n\n\n<figure class=\"wp-block-embed-twitter wp-block-embed is-type-rich is-provider-twitter\"><div class=\"wp-block-embed__wrapper\">\n<blockquote class=\"twitter-tweet\" data-width=\"550\" data-dnt=\"true\"><p lang=\"es\" dir=\"ltr\">Le pregunt\u00e9 a Funes Mori cuando est\u00e1bamos parados sobre el punto penal donde consigui\u00f3 el 122 \u00bfSi te pudieras llevar esta porter\u00eda a tu casa te la llevabas?\u2026 Me respondi\u00f3: \u201cYo prefiero mil veces llevarme a casa a nuestra gente. Es lo que vale la pena\u201d <a href=\"https:\/\/t.co\/U6pC1k7XbA\">pic.twitter.com\/U6pC1k7XbA<\/a><\/p>&mdash; JAVI ALONSO (@javialonsordz) <a href=\"https:\/\/twitter.com\/javialonsordz\/status\/1427508290238525447?ref_src=twsrc%5Etfw\">August 17, 2021<\/a><\/blockquote><script async src=\"https:\/\/platform.twitter.com\/widgets.js\" charset=\"utf-8\"><\/script>\n<\/div><\/figure>\n\n\n\n<p><\/p>\n\n\n\n<figure class=\"wp-block-embed-twitter wp-block-embed is-type-rich is-provider-twitter\"><div class=\"wp-block-embed__wrapper\">\n<blockquote class=\"twitter-tweet\" data-width=\"550\" data-dnt=\"true\"><p lang=\"es\" dir=\"ltr\">Hoy en <a href=\"https:\/\/twitter.com\/monterrey_aldia?ref_src=twsrc%5Etfw\">@monterrey_aldia<\/a>&#8211;<a href=\"https:\/\/twitter.com\/pasionfutbolera?ref_src=twsrc%5Etfw\">@pasionfutbolera<\/a> la charla con <a href=\"https:\/\/twitter.com\/rogelio7funes?ref_src=twsrc%5Etfw\">@rogelio7funes<\/a><br><br>\u201cFue un momento inolvidable, que va a quedar marcado de por vida (gol 122)\u201d<br><br>\u201cGracias a Dios, no nos pas\u00f3 nada, un acto donde no se lo deseo a nadie (robo a su casa)\u201d<br><br>&quot;He podido ganarme el cari\u00f1o de la gente&quot; <a href=\"https:\/\/t.co\/mL3Eg7pWFA\">pic.twitter.com\/mL3Eg7pWFA<\/a><\/p>&mdash; Carlos Morales Serrato (@C_Morales86) <a href=\"https:\/\/twitter.com\/C_Morales86\/status\/1427653139868622858?ref_src=twsrc%5Etfw\">August 17, 2021<\/a><\/blockquote><script async src=\"https:\/\/platform.twitter.com\/widgets.js\" charset=\"utf-8\"><\/script>\n<\/div><\/figure>\n\n\n\n<p><\/p>\n\n\n\n<figure class=\"wp-block-embed-twitter wp-block-embed is-type-rich is-provider-twitter\"><div class=\"wp-block-embed__wrapper\">\n<blockquote class=\"twitter-tweet\" data-width=\"550\" data-dnt=\"true\"><p lang=\"es\" dir=\"ltr\">Rogelio Funes Mori destaca el talento que hay en la Selecci\u00f3n Mexicana y se ve llegando al famoso quinto partido en Qatar 2022 \u26bd\ufe0f\ud83d\udde3\ufe0f\ud83c\uddf2\ud83c\uddfd\ud83d\udd25 <a href=\"https:\/\/t.co\/GWLSGl4Jso\">pic.twitter.com\/GWLSGl4Jso<\/a><\/p>&mdash; AS M\u00e9xico (@ASMexico) <a href=\"https:\/\/twitter.com\/ASMexico\/status\/1427639018389442566?ref_src=twsrc%5Etfw\">August 17, 2021<\/a><\/blockquote><script async src=\"https:\/\/platform.twitter.com\/widgets.js\" charset=\"utf-8\"><\/script>\n<\/div><\/figure>\n\n\n\n<p><\/p>\n\n\n\n<figure class=\"wp-block-embed-twitter wp-block-embed is-type-rich is-provider-twitter\"><div class=\"wp-block-embed__wrapper\">\n<blockquote class=\"twitter-tweet\" data-width=\"550\" data-dnt=\"true\"><p lang=\"es\" dir=\"ltr\">Checa en edici\u00f3n impresa y digital de <a href=\"https:\/\/twitter.com\/elnorte?ref_src=twsrc%5Etfw\">@elnorte<\/a> y <a href=\"https:\/\/twitter.com\/CANCHAELNORTE?ref_src=twsrc%5Etfw\">@CANCHAELNORTE<\/a> todo lo que pas\u00f3 <a href=\"https:\/\/twitter.com\/rogelio7funes?ref_src=twsrc%5Etfw\">@rogelio7funes<\/a> para convertirse en el m\u00e1ximo goleador de <a href=\"https:\/\/twitter.com\/Rayados?ref_src=twsrc%5Etfw\">@Rayados<\/a> <br>\ud83d\udcf9<br>\ud83d\udc47\ud83c\udffb<a href=\"https:\/\/t.co\/mMqyNAgI9N\">https:\/\/t.co\/mMqyNAgI9N<\/a> <a href=\"https:\/\/t.co\/Syq1mFK3xm\">pic.twitter.com\/Syq1mFK3xm<\/a><\/p>&mdash; Jes\u00fas Carvajal (@JCarvajalCANCHA) <a href=\"https:\/\/twitter.com\/JCarvajalCANCHA\/status\/1427625693299580945?ref_src=twsrc%5Etfw\">August 17, 2021<\/a><\/blockquote><script async src=\"https:\/\/platform.twitter.com\/widgets.js\" charset=\"utf-8\"><\/script>\n<\/div><\/figure>\n\n\n\n<figure class=\"wp-block-embed-twitter wp-block-embed is-type-rich is-provider-twitter\"><div class=\"wp-block-embed__wrapper\">\n<blockquote class=\"twitter-tweet\" data-width=\"550\" data-dnt=\"true\"><p lang=\"es\" dir=\"ltr\">FUNES MORI CONFIESA QUE LE GUSTAR\u00cdA JUGAR CON CHICHARITO HERN\u00c1NDEZ \ud83e\udd29<br><br>\u00bfTe imaginas esa dupla en la Selecci\u00f3n Mexicana? \ud83d\udd25<br><br>\ud83d\udc47 SUS PALABRAS \ud83d\udc47<a href=\"https:\/\/t.co\/fhVQfJBXUc\">https:\/\/t.co\/fhVQfJBXUc<\/a><\/p>&mdash; ESPN.com.mx (@ESPNmx) <a href=\"https:\/\/twitter.com\/ESPNmx\/status\/1427491702218977280?ref_src=twsrc%5Etfw\">August 17, 2021<\/a><\/blockquote><script async src=\"https:\/\/platform.twitter.com\/widgets.js\" charset=\"utf-8\"><\/script>\n<\/div><\/figure>\n\n\n\n<p><\/p>\n\n\n\n<figure class=\"wp-block-embed-twitter wp-block-embed is-type-rich is-provider-twitter\"><div class=\"wp-block-embed__wrapper\">\n<blockquote class=\"twitter-tweet\" data-width=\"550\" data-dnt=\"true\"><p lang=\"es\" dir=\"ltr\">Rogelio Funes Mori: En la Pandilla hasta colgar los tachones \ud83e\udd20 <br><br>\u27a1 <a href=\"https:\/\/t.co\/LSHSFj63lc\">https:\/\/t.co\/LSHSFj63lc<\/a> <a href=\"https:\/\/t.co\/byfqc3D7tp\">pic.twitter.com\/byfqc3D7tp<\/a><\/p>&mdash; Multimedios Deportes (@mmdeportesmx) <a href=\"https:\/\/twitter.com\/mmdeportesmx\/status\/1427466534797053952?ref_src=twsrc%5Etfw\">August 17, 2021<\/a><\/blockquote><script async src=\"https:\/\/platform.twitter.com\/widgets.js\" charset=\"utf-8\"><\/script>\n<\/div><\/figure>\n\n\n\n<p><\/p>\n\n\n\n<figure class=\"wp-block-embed-twitter wp-block-embed is-type-rich is-provider-twitter\"><div class=\"wp-block-embed__wrapper\">\n<blockquote class=\"twitter-tweet\" data-width=\"550\" data-dnt=\"true\"><p lang=\"es\" dir=\"ltr\">La charla mano a mano con el goleador de <a href=\"https:\/\/twitter.com\/Rayados?ref_src=twsrc%5Etfw\">@Rayados<\/a>, <a href=\"https:\/\/twitter.com\/rogelio7funes?ref_src=twsrc%5Etfw\">@rogelio7funes<\/a>, s\u00edguela en:<a href=\"https:\/\/twitter.com\/TUDNMEX?ref_src=twsrc%5Etfw\">@TUDNMEX<\/a>, <a href=\"https:\/\/twitter.com\/TUDNUSA?ref_src=twsrc%5Etfw\">@TUDNUSA<\/a> y <a href=\"https:\/\/twitter.com\/TUDNLive?ref_src=twsrc%5Etfw\">@TUDNLive<\/a> <a href=\"https:\/\/t.co\/SgWmzfNcgf\">pic.twitter.com\/SgWmzfNcgf<\/a><\/p>&mdash; Diego Armando Medina \u270b (@DiegoArmaMedina) <a href=\"https:\/\/twitter.com\/DiegoArmaMedina\/status\/1427462768299585539?ref_src=twsrc%5Etfw\">August 17, 2021<\/a><\/blockquote><script async src=\"https:\/\/platform.twitter.com\/widgets.js\" charset=\"utf-8\"><\/script>\n<\/div><\/figure>\n\n\n\n<p><\/p>\n\n\n\n<figure class=\"wp-block-embed-twitter wp-block-embed is-type-rich is-provider-twitter\"><div class=\"wp-block-embed__wrapper\">\n<blockquote class=\"twitter-tweet\" data-width=\"550\" data-dnt=\"true\"><p lang=\"es\" dir=\"ltr\"><a href=\"https:\/\/twitter.com\/hashtag\/ExclusivaTUDN?src=hash&amp;ref_src=twsrc%5Etfw\">#ExclusivaTUDN<\/a> <br><br>\ud83c\uddf2\ud83c\uddfd\u26bd<a href=\"https:\/\/twitter.com\/rogelio7funes?ref_src=twsrc%5Etfw\">@rogelio7funes<\/a> dice que es mexicano m\u00e1s: &quot;Quiero hacer historia con la selecci\u00f3n&quot;<a href=\"https:\/\/t.co\/jvWx6deHdj\">https:\/\/t.co\/jvWx6deHdj<\/a><a href=\"https:\/\/twitter.com\/hashtag\/Pasi%C3%B3nyOrgullo?src=hash&amp;ref_src=twsrc%5Etfw\">#Pasi\u00f3nyOrgullo<\/a> | <a href=\"https:\/\/twitter.com\/hashtag\/M%C3%A9xico?src=hash&amp;ref_src=twsrc%5Etfw\">#M\u00e9xico<\/a> | <a href=\"https:\/\/twitter.com\/hashtag\/Tri?src=hash&amp;ref_src=twsrc%5Etfw\">#Tri<\/a> <a href=\"https:\/\/t.co\/DqCNJ0Gna8\">pic.twitter.com\/DqCNJ0Gna8<\/a><\/p>&mdash; TUDN MEX (@TUDNMEX) <a href=\"https:\/\/twitter.com\/TUDNMEX\/status\/1427608018536091650?ref_src=twsrc%5Etfw\">August 17, 2021<\/a><\/blockquote><script async src=\"https:\/\/platform.twitter.com\/widgets.js\" charset=\"utf-8\"><\/script>\n<\/div><\/figure>\n\n\n\n<p><\/p>\n\n\n\n<figure class=\"wp-block-embed-twitter wp-block-embed is-type-rich is-provider-twitter\"><div class=\"wp-block-embed__wrapper\">\n<blockquote class=\"twitter-tweet\" data-width=\"550\" data-dnt=\"true\"><p lang=\"es\" dir=\"ltr\">\ud83c\uddf2\ud83c\uddfd&quot;SIN DUDA ME VEO (EN CATAR)&quot;<br><br>Rogelio Funes Mori se ve en el Mundial con la Selecci\u00f3n Mexicana<br><br>\ud83d\udde3&quot;SI NOS LA CREEMOS, PODEMOS LLEGAR A ESE QUINTO PARTIDO&quot;<a href=\"https:\/\/twitter.com\/hashtag\/LUPenCasa?src=hash&amp;ref_src=twsrc%5Etfw\">#LUPenCasa<\/a> <a href=\"https:\/\/t.co\/pD4CMtbb1N\">pic.twitter.com\/pD4CMtbb1N<\/a><\/p>&mdash; FOX Sports MX (@FOXSportsMX) <a href=\"https:\/\/twitter.com\/FOXSportsMX\/status\/1427492102901010433?ref_src=twsrc%5Etfw\">August 17, 2021<\/a><\/blockquote><script async src=\"https:\/\/platform.twitter.com\/widgets.js\" charset=\"utf-8\"><\/script>\n<\/div><\/figure>\n\n\n\n<p><\/p>\n\n\n\n<p><\/p>\n\n\n<p><script async=\"\" src=\"https:\/\/pagead2.googlesyndication.com\/pagead\/js\/adsbygoogle.js\"><\/script><br \/>\n<!-- PC 728x90 --><br \/>\n<ins class=\"adsbygoogle\" style=\"display:inline-block;width:728px;height:90px\" data-ad-client=\"ca-pub-9427576701762839\" data-ad-slot=\"1011393878\"><\/ins><br \/>\n<script>\n(adsbygoogle = window.adsbygoogle || []).push({});\n<\/script><\/p>\n","protected":false},"excerpt":{"rendered":"<p>Por Venustiano Carranza Dicen que despu\u00e9s de la tormenta viene la calma y s\u00ed\u2026 as\u00ed le sucedi\u00f3 a Rogelio Funes Mori, quien tard\u00f3 cuatro meses en brincar del gol 121 al 122, esa peque\u00f1a distancia que lo distanciaba a ser el m\u00e1ximo goleador del Club del Futbol Monterrey. Fueron d\u00edas dif\u00edciles reconoci\u00f3 el delantero, pero&#8230; <\/p>\n<div class=\"clear\"><\/div>\n<p><a href=\"https:\/\/latribunera.com\/apuntes\/index.php\/2021\/08\/17\/el-dia-de-funes-mori\/\" class=\"excerpt-read-more\">Read More<i class=\"fa fa-caret-right icon-caret-right\"><\/i><\/a><\/p>\n","protected":false},"author":7,"featured_media":21092,"comment_status":"open","ping_status":"open","sticky":false,"template":"","format":"standard","meta":{"_jetpack_memberships_contains_paid_content":false,"footnotes":""},"categories":[231,2,277],"tags":[74,6,171],"class_list":["post-21091","post","type-post","status-publish","format-standard","has-post-thumbnail","hentry","category-apuntes","category-futbol-mexicano","category-zonarayada","tag-liga-mx","tag-rayados","tag-rogelio-funes-mori"],"jetpack_featured_media_url":"https:\/\/latribunera.com\/apuntes\/wp-content\/uploads\/2021\/08\/28433_xIMG_4336.jpg","jetpack-related-posts":[{"id":45392,"url":"https:\/\/latribunera.com\/apuntes\/index.php\/2026\/04\/09\/se-presento-la-13va-edicion-del-guerreton\/","url_meta":{"origin":21091,"position":0},"title":"Se presento la 13va edici\u00f3n del Guerret\u00f3n.","author":"Staff","date":"9 abril, 2026","format":false,"excerpt":"A lo largo de sus primeras 12 ediciones, Guerret\u00f3n ha logrado recolectar m\u00e1s de 121,500juguetes, peluches y balones, beneficiando a diversas asociaciones e instituciones de laregi\u00f3n lagunera, entre ellas CRIT Durango, los sistemas DIF de distintos municipios, as\u00edcomo organizaciones educativas y asistenciales. A la fecha, se han instalado cuatro ludotecas\u2026","rel":"","context":"In &quot;Ganar Sirviendo&quot;","block_context":{"text":"Ganar Sirviendo","link":"https:\/\/latribunera.com\/apuntes\/index.php\/category\/futbol\/futbol-mexicano\/ganar-sirviendo\/"},"img":{"alt_text":"","src":"https:\/\/i0.wp.com\/latribunera.com\/apuntes\/wp-content\/uploads\/2026\/04\/9Guerreton-2026-2.jpg.jpeg?resize=350%2C200&ssl=1","width":350,"height":200,"srcset":"https:\/\/i0.wp.com\/latribunera.com\/apuntes\/wp-content\/uploads\/2026\/04\/9Guerreton-2026-2.jpg.jpeg?resize=350%2C200&ssl=1 1x, https:\/\/i0.wp.com\/latribunera.com\/apuntes\/wp-content\/uploads\/2026\/04\/9Guerreton-2026-2.jpg.jpeg?resize=525%2C300&ssl=1 1.5x, https:\/\/i0.wp.com\/latribunera.com\/apuntes\/wp-content\/uploads\/2026\/04\/9Guerreton-2026-2.jpg.jpeg?resize=700%2C400&ssl=1 2x, https:\/\/i0.wp.com\/latribunera.com\/apuntes\/wp-content\/uploads\/2026\/04\/9Guerreton-2026-2.jpg.jpeg?resize=1050%2C600&ssl=1 3x, https:\/\/i0.wp.com\/latribunera.com\/apuntes\/wp-content\/uploads\/2026\/04\/9Guerreton-2026-2.jpg.jpeg?resize=1400%2C800&ssl=1 4x"},"classes":[]}],"jetpack_sharing_enabled":true,"_links":{"self":[{"href":"https:\/\/latribunera.com\/apuntes\/index.php\/wp-json\/wp\/v2\/posts\/21091","targetHints":{"allow":["GET"]}}],"collection":[{"href":"https:\/\/latribunera.com\/apuntes\/index.php\/wp-json\/wp\/v2\/posts"}],"about":[{"href":"https:\/\/latribunera.com\/apuntes\/index.php\/wp-json\/wp\/v2\/types\/post"}],"author":[{"embeddable":true,"href":"https:\/\/latribunera.com\/apuntes\/index.php\/wp-json\/wp\/v2\/users\/7"}],"replies":[{"embeddable":true,"href":"https:\/\/latribunera.com\/apuntes\/index.php\/wp-json\/wp\/v2\/comments?post=21091"}],"version-history":[{"count":4,"href":"https:\/\/latribunera.com\/apuntes\/index.php\/wp-json\/wp\/v2\/posts\/21091\/revisions"}],"predecessor-version":[{"id":21096,"href":"https:\/\/latribunera.com\/apuntes\/index.php\/wp-json\/wp\/v2\/posts\/21091\/revisions\/21096"}],"wp:featuredmedia":[{"embeddable":true,"href":"https:\/\/latribunera.com\/apuntes\/index.php\/wp-json\/wp\/v2\/media\/21092"}],"wp:attachment":[{"href":"https:\/\/latribunera.com\/apuntes\/index.php\/wp-json\/wp\/v2\/media?parent=21091"}],"wp:term":[{"taxonomy":"category","embeddable":true,"href":"https:\/\/latribunera.com\/apuntes\/index.php\/wp-json\/wp\/v2\/categories?post=21091"},{"taxonomy":"post_tag","embeddable":true,"href":"https:\/\/latribunera.com\/apuntes\/index.php\/wp-json\/wp\/v2\/tags?post=21091"}],"curies":[{"name":"wp","href":"https:\/\/api.w.org\/{rel}","templated":true}]}}