{"id":21238,"date":"2021-08-20T18:47:02","date_gmt":"2021-08-20T18:47:02","guid":{"rendered":"https:\/\/latribunera.com\/apuntes\/?p=21238"},"modified":"2021-08-20T18:49:09","modified_gmt":"2021-08-20T18:49:09","slug":"duvan-vergara-y-sus-sensaciones-en-esta-primera-parte-del-torneo","status":"publish","type":"post","link":"https:\/\/latribunera.com\/apuntes\/index.php\/2021\/08\/20\/duvan-vergara-y-sus-sensaciones-en-esta-primera-parte-del-torneo\/","title":{"rendered":"Duv\u00e1n Vergara y sus sensaciones en esta primera parte del torneo"},"content":{"rendered":"\n<p><\/p>\n\n\n\n<p><\/p>\n\n\n<p><script async=\"\" src=\"https:\/\/pagead2.googlesyndication.com\/pagead\/js\/adsbygoogle.js\"><\/script><br \/>\n<!-- PC 728x90 --><br \/>\n<ins class=\"adsbygoogle\" style=\"display:inline-block;width:728px;height:90px\" data-ad-client=\"ca-pub-9427576701762839\" data-ad-slot=\"1011393878\"><\/ins><br \/>\n<script>\n(adsbygoogle = window.adsbygoogle || []).push({});\n<\/script><\/p>\n\n\n\n<p><\/p>\n\n\n\n<p><\/p>\n\n\n\n<p><strong>Por David Flores | Twitter @davidfloores<\/strong><\/p>\n\n\n\n<p>El colombiano\nha dejado buen sabor de boca en la afici\u00f3n de Rayada luego de mostrar buenas\nactuaciones. Duv\u00e1n ha expresado que una de las claves para trabajar de la mejor\nmanera y responder a la directiva por haberse fijado en \u00e9l, es la humildad.<\/p>\n\n\n\n<p>El equipo\nha tenido que sufrir bajas por lesiones y parte del plantel de Raya2 Expansi\u00f3n,\nha tenido que entrar al quite cuando se ha requerido.<\/p>\n\n\n\n<p>\u201cJugando\ntan seguido pienso no te da tiempo de casi entrenar, ajustar cosas, recuperar\nlos que m\u00e1s hemos jugado, es un plantel con mucha calidad, amplio esperando se\nrecuperen Aguirre y Moreno para que se terminen de sumar. Gracias a Dios\ntenemos a los muchachos de la expansi\u00f3n y sub 20 aportando y tienen mucha\ncalidad\u201d<\/p>\n\n\n\n<p><strong>&#8211; \u00bfTuvo COVID? &#8211;<\/strong><\/p>\n\n\n\n<p>Javier\nAguirre provoc\u00f3 una gran confusi\u00f3n luego de dar a entender que Duv\u00e1n hab\u00eda\ntenido COVID. Sin embargo, el colombiano lo aclar\u00f3.<\/p>\n\n\n\n<p>\u201cGracias a Dios no era Covid, me hicieron tres pruebas salieron negativas, fue por cuidar a mis compa\u00f1eros, a los compa\u00f1eros rivales, estaba enfermo, pero gracias al se\u00f1or no ten\u00eda Covid\u201d<\/p>\n\n\n\n<p><\/p>\n\n\n\n<figure class=\"wp-block-embed-youtube wp-block-embed is-type-video is-provider-youtube wp-embed-aspect-16-9 wp-has-aspect-ratio\"><div class=\"wp-block-embed__wrapper\">\n<iframe loading=\"lazy\" title=\"TENGO QUE RESPONDER: DUVAN VERGARA \ud83d\udc4a\u26bd\ufe0f\ud83c\udde8\ud83c\uddf4\" width=\"960\" height=\"540\" src=\"https:\/\/www.youtube.com\/embed\/2Sv_KClbA64?feature=oembed\" frameborder=\"0\" allow=\"accelerometer; autoplay; clipboard-write; encrypted-media; gyroscope; picture-in-picture\" allowfullscreen><\/iframe>\n<\/div><\/figure>\n\n\n\n<p><\/p>\n\n\n\n<p><\/p>\n\n\n\n<p><strong>&#8211; Sobre Chivas &#8211;<\/strong><\/p>\n\n\n\n<p>Para Duv\u00e1n\nVergara, es importante que Rayados se mantenga enfocado en lo suyo, sin pensar\nen que tan mal o bien est\u00e1 el rival. Pues mientras se dediquen a hacer bien las\ncosas y salir con hambre de triunfo, est\u00e1n del otro lado.<\/p>\n\n\n\n<p>\u201cNosotros vamos a hacer lo que nos caracteriza que es jugar bien al f\u00fatbol, el equipo viene bien, estamos marcando gol que es lo importante, hay que tener el cero nosotros y hacer goles, lo m\u00e1s importante es hacer nuestro trabajo y sumar de a tres puntos porque queremos estar en los primeros lugares\u201d<\/p>\n\n\n\n<p><\/p>\n\n\n\n<p><\/p>\n\n\n<p><script async=\"\" src=\"https:\/\/pagead2.googlesyndication.com\/pagead\/js\/adsbygoogle.js\"><\/script><br \/>\n<!-- PC 728x90 --><br \/>\n<ins class=\"adsbygoogle\" style=\"display:inline-block;width:728px;height:90px\" data-ad-client=\"ca-pub-9427576701762839\" data-ad-slot=\"1011393878\"><\/ins><br \/>\n<script>\n(adsbygoogle = window.adsbygoogle || []).push({});\n<\/script><\/p>\n\n\n\n<p><\/p>\n\n\n\n<p><\/p>\n","protected":false},"excerpt":{"rendered":"<p>Por David Flores | Twitter @davidfloores El colombiano ha dejado buen sabor de boca en la afici\u00f3n de Rayada luego de mostrar buenas actuaciones. Duv\u00e1n ha expresado que una de las claves para trabajar de la mejor manera y responder a la directiva por haberse fijado en \u00e9l, es la humildad. El equipo ha tenido&#8230; <\/p>\n<div class=\"clear\"><\/div>\n<p><a href=\"https:\/\/latribunera.com\/apuntes\/index.php\/2021\/08\/20\/duvan-vergara-y-sus-sensaciones-en-esta-primera-parte-del-torneo\/\" class=\"excerpt-read-more\">Read More<i class=\"fa fa-caret-right icon-caret-right\"><\/i><\/a><\/p>\n","protected":false},"author":21,"featured_media":21240,"comment_status":"open","ping_status":"open","sticky":false,"template":"","format":"standard","meta":{"_jetpack_memberships_contains_paid_content":false,"footnotes":""},"categories":[231,2,277],"tags":[],"class_list":["post-21238","post","type-post","status-publish","format-standard","has-post-thumbnail","hentry","category-apuntes","category-futbol-mexicano","category-zonarayada"],"jetpack_featured_media_url":"https:\/\/latribunera.com\/apuntes\/wp-content\/uploads\/2021\/08\/WhatsApp-Image-2021-07-08-at-18.12.58-1.jpeg","jetpack-related-posts":[{"id":45392,"url":"https:\/\/latribunera.com\/apuntes\/index.php\/2026\/04\/09\/se-presento-la-13va-edicion-del-guerreton\/","url_meta":{"origin":21238,"position":0},"title":"Se presento la 13va edici\u00f3n del Guerret\u00f3n.","author":"Staff","date":"9 abril, 2026","format":false,"excerpt":"A lo largo de sus primeras 12 ediciones, Guerret\u00f3n ha logrado recolectar m\u00e1s de 121,500juguetes, peluches y balones, beneficiando a diversas asociaciones e instituciones de laregi\u00f3n lagunera, entre ellas CRIT Durango, los sistemas DIF de distintos municipios, as\u00edcomo organizaciones educativas y asistenciales. A la fecha, se han instalado cuatro ludotecas\u2026","rel":"","context":"In &quot;Ganar Sirviendo&quot;","block_context":{"text":"Ganar Sirviendo","link":"https:\/\/latribunera.com\/apuntes\/index.php\/category\/futbol\/futbol-mexicano\/ganar-sirviendo\/"},"img":{"alt_text":"","src":"https:\/\/i0.wp.com\/latribunera.com\/apuntes\/wp-content\/uploads\/2026\/04\/9Guerreton-2026-2.jpg.jpeg?resize=350%2C200&ssl=1","width":350,"height":200,"srcset":"https:\/\/i0.wp.com\/latribunera.com\/apuntes\/wp-content\/uploads\/2026\/04\/9Guerreton-2026-2.jpg.jpeg?resize=350%2C200&ssl=1 1x, https:\/\/i0.wp.com\/latribunera.com\/apuntes\/wp-content\/uploads\/2026\/04\/9Guerreton-2026-2.jpg.jpeg?resize=525%2C300&ssl=1 1.5x, https:\/\/i0.wp.com\/latribunera.com\/apuntes\/wp-content\/uploads\/2026\/04\/9Guerreton-2026-2.jpg.jpeg?resize=700%2C400&ssl=1 2x, https:\/\/i0.wp.com\/latribunera.com\/apuntes\/wp-content\/uploads\/2026\/04\/9Guerreton-2026-2.jpg.jpeg?resize=1050%2C600&ssl=1 3x, https:\/\/i0.wp.com\/latribunera.com\/apuntes\/wp-content\/uploads\/2026\/04\/9Guerreton-2026-2.jpg.jpeg?resize=1400%2C800&ssl=1 4x"},"classes":[]}],"jetpack_sharing_enabled":true,"_links":{"self":[{"href":"https:\/\/latribunera.com\/apuntes\/index.php\/wp-json\/wp\/v2\/posts\/21238","targetHints":{"allow":["GET"]}}],"collection":[{"href":"https:\/\/latribunera.com\/apuntes\/index.php\/wp-json\/wp\/v2\/posts"}],"about":[{"href":"https:\/\/latribunera.com\/apuntes\/index.php\/wp-json\/wp\/v2\/types\/post"}],"author":[{"embeddable":true,"href":"https:\/\/latribunera.com\/apuntes\/index.php\/wp-json\/wp\/v2\/users\/21"}],"replies":[{"embeddable":true,"href":"https:\/\/latribunera.com\/apuntes\/index.php\/wp-json\/wp\/v2\/comments?post=21238"}],"version-history":[{"count":3,"href":"https:\/\/latribunera.com\/apuntes\/index.php\/wp-json\/wp\/v2\/posts\/21238\/revisions"}],"predecessor-version":[{"id":21243,"href":"https:\/\/latribunera.com\/apuntes\/index.php\/wp-json\/wp\/v2\/posts\/21238\/revisions\/21243"}],"wp:featuredmedia":[{"embeddable":true,"href":"https:\/\/latribunera.com\/apuntes\/index.php\/wp-json\/wp\/v2\/media\/21240"}],"wp:attachment":[{"href":"https:\/\/latribunera.com\/apuntes\/index.php\/wp-json\/wp\/v2\/media?parent=21238"}],"wp:term":[{"taxonomy":"category","embeddable":true,"href":"https:\/\/latribunera.com\/apuntes\/index.php\/wp-json\/wp\/v2\/categories?post=21238"},{"taxonomy":"post_tag","embeddable":true,"href":"https:\/\/latribunera.com\/apuntes\/index.php\/wp-json\/wp\/v2\/tags?post=21238"}],"curies":[{"name":"wp","href":"https:\/\/api.w.org\/{rel}","templated":true}]}}