{"id":21439,"date":"2021-08-25T15:38:47","date_gmt":"2021-08-25T15:38:47","guid":{"rendered":"https:\/\/latribunera.com\/apuntes\/?p=21439"},"modified":"2021-08-25T15:38:56","modified_gmt":"2021-08-25T15:38:56","slug":"raya2-en-busca-de-regularidad","status":"publish","type":"post","link":"https:\/\/latribunera.com\/apuntes\/index.php\/2021\/08\/25\/raya2-en-busca-de-regularidad\/","title":{"rendered":"Raya2 en busca de regularidad"},"content":{"rendered":"\n<p><\/p>\n\n\n\n<p><\/p>\n\n\n<p><script async src=\"https:\/\/pagead2.googlesyndication.com\/pagead\/js\/adsbygoogle.js\"><\/script><br \/>\n<!-- PC 728x90 --><br \/>\n<ins class=\"adsbygoogle\"\nstyle=\"display:inline-block;width:728px;height:90px\"\ndata-ad-client=\"ca-pub-9427576701762839\"\ndata-ad-slot=\"1011393878\"><\/ins><br \/>\n<script>\n(adsbygoogle = window.adsbygoogle || []).push({});\n<\/script><\/p>\n\n\n\n<p><\/p>\n\n\n\n<p><\/p>\n\n\n\n<p><strong>Por David Flores | Twitter @davidfloores<\/strong><\/p>\n\n\n\n<p>Hoy es mi\u00e9rcoles de f\u00fatbol y no, no precisamente por el MLS-ALL STAR GAME. Raya2 disputar\u00e1 su duelo correspondiente a la Jornada 5 frente al Celaya en el BBVA.<\/p>\n\n\n\n<p>La Pandilla\nllega a este partido con cuatro puntos de 12 posibles, producto de un empate,\nuna victoria y dos derrotas. <\/p>\n\n\n\n<p>En el BBVA,\nMonterrey perdi\u00f3 2-1 ante Canc\u00fan y venci\u00f3 2-0 a Tepatitl\u00e1n. As\u00ed que, el equipo\ntiene que mostrar un nivel regular y competitivo en el torneo y a la par,\nhacerse fuertes en casa. <\/p>\n\n\n\n<p><strong>De menos a m\u00e1s<\/strong><\/p>\n\n\n\n<p>En\nconferencia de prensa, Michell Rodr\u00edguez cit\u00f3 la pl\u00e1tica que han tenido con\nAldo y pese a que los resultados no han sido favorables, el entrenador conf\u00eda\nen que han mostrado un buen funcionamiento y han ido mejorando con el paso de\nlos partidos.&nbsp; <\/p>\n\n\n\n<p><strong>La experiencia en la Liga de Expansi\u00f3n<\/strong><\/p>\n\n\n\n<p>\u201cEs un rose\nmuy diferente y nos ha servido en estos 4 partidos para estar m\u00e1s preparados\u201d <\/p>\n\n\n\n<p>Para\nMichell, el rose que han tenido en la liga de Expansi\u00f3n ha sido distinto al que\nacostumbraban en la Sub-20, por lo cual, deber\u00e1n adaptarse r\u00e1pido para mostrar\nun buen rendimiento. <\/p>\n\n\n\n<p><strong>Horario y donde ver el partido <\/strong><\/p>\n\n\n\n<p>El duelo se jugar\u00e1 a las 21:05 horas en el BBVA y ser\u00e1 transmitido por ESPN.<\/p>\n\n\n\n<p><\/p>\n\n\n\n<p><\/p>\n\n\n<p><script async src=\"https:\/\/pagead2.googlesyndication.com\/pagead\/js\/adsbygoogle.js\"><\/script><br \/>\n<!-- PC 728x90 --><br \/>\n<ins class=\"adsbygoogle\"\nstyle=\"display:inline-block;width:728px;height:90px\"\ndata-ad-client=\"ca-pub-9427576701762839\"\ndata-ad-slot=\"1011393878\"><\/ins><br \/>\n<script>\n(adsbygoogle = window.adsbygoogle || []).push({});\n<\/script><\/p>\n\n\n\n<p><\/p>\n\n\n\n<p><\/p>\n\n\n\n<figure class=\"wp-block-embed-youtube wp-block-embed is-type-video is-provider-youtube wp-embed-aspect-16-9 wp-has-aspect-ratio\"><div class=\"wp-block-embed__wrapper\">\n<iframe loading=\"lazy\" title=\"DE MENOS A M\u00c1S: RAYA2 EXPANSI\u00d3N\" width=\"960\" height=\"540\" src=\"https:\/\/www.youtube.com\/embed\/IeVPwCj8e4U?feature=oembed\" frameborder=\"0\" allow=\"accelerometer; autoplay; clipboard-write; encrypted-media; gyroscope; picture-in-picture\" allowfullscreen><\/iframe>\n<\/div><\/figure>\n\n\n\n<p><\/p>\n\n\n\n<p><\/p>\n\n\n","protected":false},"excerpt":{"rendered":"<p>Por David Flores | Twitter @davidfloores Hoy es mi\u00e9rcoles de f\u00fatbol y no, no precisamente por el MLS-ALL STAR GAME. Raya2 disputar\u00e1 su duelo correspondiente a la Jornada 5 frente al Celaya en el BBVA. La Pandilla llega a este partido con cuatro puntos de 12 posibles, producto de un empate, una victoria y dos&#8230; <\/p>\n<div class=\"clear\"><\/div>\n<p><a href=\"https:\/\/latribunera.com\/apuntes\/index.php\/2021\/08\/25\/raya2-en-busca-de-regularidad\/\" class=\"excerpt-read-more\">Read More<i class=\"fa fa-caret-right icon-caret-right\"><\/i><\/a><\/p>\n","protected":false},"author":21,"featured_media":21441,"comment_status":"open","ping_status":"open","sticky":false,"template":"","format":"standard","meta":{"_jetpack_memberships_contains_paid_content":false,"footnotes":""},"categories":[231,277],"tags":[555],"class_list":["post-21439","post","type-post","status-publish","format-standard","has-post-thumbnail","hentry","category-apuntes","category-zonarayada","tag-liga-expansion"],"jetpack_featured_media_url":"https:\/\/latribunera.com\/apuntes\/wp-content\/uploads\/2021\/08\/20210729_020158000_iOS-scaled.jpg","jetpack-related-posts":[],"jetpack_sharing_enabled":true,"_links":{"self":[{"href":"https:\/\/latribunera.com\/apuntes\/index.php\/wp-json\/wp\/v2\/posts\/21439","targetHints":{"allow":["GET"]}}],"collection":[{"href":"https:\/\/latribunera.com\/apuntes\/index.php\/wp-json\/wp\/v2\/posts"}],"about":[{"href":"https:\/\/latribunera.com\/apuntes\/index.php\/wp-json\/wp\/v2\/types\/post"}],"author":[{"embeddable":true,"href":"https:\/\/latribunera.com\/apuntes\/index.php\/wp-json\/wp\/v2\/users\/21"}],"replies":[{"embeddable":true,"href":"https:\/\/latribunera.com\/apuntes\/index.php\/wp-json\/wp\/v2\/comments?post=21439"}],"version-history":[{"count":2,"href":"https:\/\/latribunera.com\/apuntes\/index.php\/wp-json\/wp\/v2\/posts\/21439\/revisions"}],"predecessor-version":[{"id":21443,"href":"https:\/\/latribunera.com\/apuntes\/index.php\/wp-json\/wp\/v2\/posts\/21439\/revisions\/21443"}],"wp:featuredmedia":[{"embeddable":true,"href":"https:\/\/latribunera.com\/apuntes\/index.php\/wp-json\/wp\/v2\/media\/21441"}],"wp:attachment":[{"href":"https:\/\/latribunera.com\/apuntes\/index.php\/wp-json\/wp\/v2\/media?parent=21439"}],"wp:term":[{"taxonomy":"category","embeddable":true,"href":"https:\/\/latribunera.com\/apuntes\/index.php\/wp-json\/wp\/v2\/categories?post=21439"},{"taxonomy":"post_tag","embeddable":true,"href":"https:\/\/latribunera.com\/apuntes\/index.php\/wp-json\/wp\/v2\/tags?post=21439"}],"curies":[{"name":"wp","href":"https:\/\/api.w.org\/{rel}","templated":true}]}}