{"id":22111,"date":"2021-09-11T15:16:01","date_gmt":"2021-09-11T15:16:01","guid":{"rendered":"https:\/\/latribunera.com\/apuntes\/?p=22111"},"modified":"2021-09-11T15:24:26","modified_gmt":"2021-09-11T15:24:26","slug":"necaxa-despues-de-la-fecha-fifa","status":"publish","type":"post","link":"https:\/\/latribunera.com\/apuntes\/index.php\/2021\/09\/11\/necaxa-despues-de-la-fecha-fifa\/","title":{"rendered":"Necaxa despu\u00e9s de la Fecha FIFA"},"content":{"rendered":"\n<p><\/p>\n\n\n\n<p><\/p>\n\n\n<p><script async=\"\" src=\"https:\/\/pagead2.googlesyndication.com\/pagead\/js\/adsbygoogle.js\"><\/script><br \/>\n<!-- PC 728x90 --><br \/>\n<ins class=\"adsbygoogle\" style=\"display:inline-block;width:728px;height:90px\" data-ad-client=\"ca-pub-9427576701762839\" data-ad-slot=\"1011393878\"><\/ins><br \/>\n<script>\n(adsbygoogle = window.adsbygoogle || []).push({});\n<\/script><\/p>\n\n\n\n<p><\/p>\n\n\n\n<p><\/p>\n\n\n\n<p><strong>Por Diana Najera | Twitter @dianajera_<\/strong><\/p>\n\n\n\n<p>El equipo\nde Memo V\u00e1zquez, pese a lograr tres victorias al hilo, se ha mostrado muy\nirregular pues cuenta con cuatro partidos perdidos, coloc\u00e1ndose actualmente en\nla posici\u00f3n n\u00famero diez de la Tabla General.<\/p>\n\n\n\n<p>Necaxa\ntiene que afinar detalles para la segunda mitad del torneo si quiere calificar\na Liguilla. Principalmente porque en la jornada 7, a\u00fan no se tiene un 11\ninmovible y se sigue experimentando con la alineaci\u00f3n.<\/p>\n\n\n\n<p>Mucho que mejorar en el ataque, ya que se sigue buscando al \u201cComandante\u201d Quiroga que se qued\u00f3 en el 2019 y a un delantero letal que termine las jugadas.<\/p>\n\n\n\n<p><\/p>\n\n\n<p><script async=\"\" src=\"https:\/\/pagead2.googlesyndication.com\/pagead\/js\/adsbygoogle.js\"><\/script><br \/>\n<!-- PC 728x90 --><br \/>\n<ins class=\"adsbygoogle\" style=\"display:inline-block;width:728px;height:90px\" data-ad-client=\"ca-pub-9427576701762839\" data-ad-slot=\"1011393878\"><\/ins><br \/>\n<script>\n(adsbygoogle = window.adsbygoogle || []).push({});\n<\/script><\/p>\n\n\n\n<p><\/p>\n\n\n\n<p><\/p>\n\n\n\n<p>En el\n\u00faltimo partido, antes de fecha FIFA, Chivas se llev\u00f3 la victoria de forma\npol\u00e9mica, cuando Necaxa jug\u00f3 mucho mejor. Se sabe que los partidos se ganan con\ngoles, pero, la actitud despu\u00e9s del penal errado por parte de los de\nAguascalientes, fue clave para la p\u00e9rdida de esos tres puntos.<\/p>\n\n\n\n<p>Aun as\u00ed,\nhay cosas que destacar de los Rayos, pues el potencial existe. Por primera vez\nen la historia, un jugador de Necaxa logr\u00f3 obtener una medalla ol\u00edmpica, logro\nconseguido por el portero \u00c1ngel Malag\u00f3n en Tokio 2020. Alejandro Zendejas\npeleando los primeros lugares de la tabla de goleo y una defensa presentando\nmejor\u00edas y solidez. El medio campo, impecable. Rub\u00e9n Gonz\u00e1lez ha sido el regreso\nm\u00e1s electrizante para los rayos, capitan\u00eda y liderazgo dentro de la cancha con\nbuena conducci\u00f3n de la pelota, les ha dado luz a los rayos. Finalmente, un Luis\nArcadio Garc\u00eda, que est\u00e1 inspirado con dos partidos seguidos anotando, merece\nuna oportunidad de mostrarse con el equipo titular.<\/p>\n\n\n\n<p>Si bien, a\u00fan falta m\u00e1s de la mitad del Grita M\u00e9xico 2021, mejorar el trabajo en conjunto y sumar puntos ser\u00e1 fundamental para los Rayos, si quieren tener posibilidades de ganar el t\u00edtulo.<\/p>\n\n\n\n<p><\/p>\n\n\n\n<p><\/p>\n\n\n<p><script async=\"\" src=\"https:\/\/pagead2.googlesyndication.com\/pagead\/js\/adsbygoogle.js\"><\/script><br \/>\n<!-- PC 728x90 --><br \/>\n<ins class=\"adsbygoogle\" style=\"display:inline-block;width:728px;height:90px\" data-ad-client=\"ca-pub-9427576701762839\" data-ad-slot=\"1011393878\"><\/ins><br \/>\n<script>\n(adsbygoogle = window.adsbygoogle || []).push({});\n<\/script><\/p>\n","protected":false},"excerpt":{"rendered":"<p>Por Diana Najera | Twitter @dianajera_ El equipo de Memo V\u00e1zquez, pese a lograr tres victorias al hilo, se ha mostrado muy irregular pues cuenta con cuatro partidos perdidos, coloc\u00e1ndose actualmente en la posici\u00f3n n\u00famero diez de la Tabla General. Necaxa tiene que afinar detalles para la segunda mitad del torneo si quiere calificar a&#8230; <\/p>\n<div class=\"clear\"><\/div>\n<p><a href=\"https:\/\/latribunera.com\/apuntes\/index.php\/2021\/09\/11\/necaxa-despues-de-la-fecha-fifa\/\" class=\"excerpt-read-more\">Read More<i class=\"fa fa-caret-right icon-caret-right\"><\/i><\/a><\/p>\n","protected":false},"author":4,"featured_media":22112,"comment_status":"open","ping_status":"open","sticky":false,"template":"","format":"standard","meta":{"_jetpack_memberships_contains_paid_content":false,"footnotes":""},"categories":[231,2],"tags":[74,115,252],"class_list":["post-22111","post","type-post","status-publish","format-standard","has-post-thumbnail","hentry","category-apuntes","category-futbol-mexicano","tag-liga-mx","tag-necaxa","tag-rayos"],"jetpack_featured_media_url":"https:\/\/latribunera.com\/apuntes\/wp-content\/uploads\/2021\/09\/E-zBR6FWQAgouik.jpg","jetpack-related-posts":[],"jetpack_sharing_enabled":true,"_links":{"self":[{"href":"https:\/\/latribunera.com\/apuntes\/index.php\/wp-json\/wp\/v2\/posts\/22111","targetHints":{"allow":["GET"]}}],"collection":[{"href":"https:\/\/latribunera.com\/apuntes\/index.php\/wp-json\/wp\/v2\/posts"}],"about":[{"href":"https:\/\/latribunera.com\/apuntes\/index.php\/wp-json\/wp\/v2\/types\/post"}],"author":[{"embeddable":true,"href":"https:\/\/latribunera.com\/apuntes\/index.php\/wp-json\/wp\/v2\/users\/4"}],"replies":[{"embeddable":true,"href":"https:\/\/latribunera.com\/apuntes\/index.php\/wp-json\/wp\/v2\/comments?post=22111"}],"version-history":[{"count":3,"href":"https:\/\/latribunera.com\/apuntes\/index.php\/wp-json\/wp\/v2\/posts\/22111\/revisions"}],"predecessor-version":[{"id":22116,"href":"https:\/\/latribunera.com\/apuntes\/index.php\/wp-json\/wp\/v2\/posts\/22111\/revisions\/22116"}],"wp:featuredmedia":[{"embeddable":true,"href":"https:\/\/latribunera.com\/apuntes\/index.php\/wp-json\/wp\/v2\/media\/22112"}],"wp:attachment":[{"href":"https:\/\/latribunera.com\/apuntes\/index.php\/wp-json\/wp\/v2\/media?parent=22111"}],"wp:term":[{"taxonomy":"category","embeddable":true,"href":"https:\/\/latribunera.com\/apuntes\/index.php\/wp-json\/wp\/v2\/categories?post=22111"},{"taxonomy":"post_tag","embeddable":true,"href":"https:\/\/latribunera.com\/apuntes\/index.php\/wp-json\/wp\/v2\/tags?post=22111"}],"curies":[{"name":"wp","href":"https:\/\/api.w.org\/{rel}","templated":true}]}}