{"id":22851,"date":"2021-09-24T19:09:45","date_gmt":"2021-09-24T19:09:45","guid":{"rendered":"https:\/\/latribunera.com\/apuntes\/?p=22851"},"modified":"2021-09-24T19:09:55","modified_gmt":"2021-09-24T19:09:55","slug":"reventar-al-vasco","status":"publish","type":"post","link":"https:\/\/latribunera.com\/apuntes\/index.php\/2021\/09\/24\/reventar-al-vasco\/","title":{"rendered":"Reventar al Vasco"},"content":{"rendered":"\n<p><\/p>\n\n\n\n<p><\/p>\n\n\n<p><script async src=\"https:\/\/pagead2.googlesyndication.com\/pagead\/js\/adsbygoogle.js\"><\/script><br \/>\n<!-- PC 728x90 --><br \/>\n<ins class=\"adsbygoogle\"\nstyle=\"display:inline-block;width:728px;height:90px\"\ndata-ad-client=\"ca-pub-9427576701762839\"\ndata-ad-slot=\"1011393878\"><\/ins><br \/>\n<script>\n(adsbygoogle = window.adsbygoogle || []).push({});\n<\/script><\/p>\n\n\n\n<p><\/p>\n\n\n\n<p><\/p>\n\n\n\n<p><strong>\u00c1ngel L\u00f3pez | Twitter @Al_rayado<\/strong><\/p>\n\n\n\n<p>En los\n\u00faltimos meses un sector de la afici\u00f3n rayada se ha radicalizado e incluso, se\nha ganado el t\u00e9rmino de voraz.<\/p>\n\n\n\n<p>Al primer\nerror, declaraci\u00f3n controvertida o publicaci\u00f3n en redes, crucificamos a un\nmiembro del equipo o cuerpo t\u00e9cnico.<\/p>\n\n\n\n<p>Hasta antes\ndel juego de vuelta contra Cruz Azul, el turno le toc\u00f3 a Javier Aguirre.<\/p>\n\n\n\n<p>Fustigados\npor la prensa local, varios aficionados tronaron contra el Vasco tras la\nderrota contra el Atlas.<\/p>\n\n\n\n<p>&#8220;Ratonero&#8221;,\n&#8220;Este no es el Levante&#8221; y los m\u00e1s aventurados hasta exigieron su\nsalida por no &#8216;estar a la altura&#8217; del equipo.<\/p>\n\n\n\n<p>Si bien el\ninicio de temporada no fue el \u00f3ptimo, el decir que el equipo de Aguirre &#8216;no\njugaba a nada&#8217;, era una exageraci\u00f3n.<\/p>\n\n\n\n<p>El mismo\nAguirre explic\u00f3 las dificultades para armar un plantel competitivo cada jornada\nentre llamados a selecci\u00f3n, lesiones y suspensiones.<\/p>\n\n\n\n<p>Sin\nembargo, la declaraci\u00f3n fue catalogada como una excusa.<\/p>\n\n\n\n<p>Tras las exhibiciones de esta semana, ahora todo es miel sobre hojuelas. \u00bfCu\u00e1l ha sido la diferencia entre los Rayados de inicio de temporada y los de esta semana de triunfos?<\/p>\n\n\n\n<p><\/p>\n\n\n<p><script async src=\"https:\/\/pagead2.googlesyndication.com\/pagead\/js\/adsbygoogle.js\"><\/script><br \/>\n<!-- PC 728x90 --><br \/>\n<ins class=\"adsbygoogle\"\nstyle=\"display:inline-block;width:728px;height:90px\"\ndata-ad-client=\"ca-pub-9427576701762839\"\ndata-ad-slot=\"1011393878\"><\/ins><br \/>\n<script>\n(adsbygoogle = window.adsbygoogle || []).push({});\n<\/script><\/p>\n\n\n\n<p><\/p>\n\n\n\n<p>La contundencia.<\/p>\n\n\n\n<p>Contra\nPuebla, Mazatl\u00e1n, Chivas y Xolos, el equipo tuvo varios fallos de frente a la\nporter\u00eda, incluso hasta penales fallados que pudieron convertirse en tres puntos.<\/p>\n\n\n\n<p>El equipo\nno jugaba mal, pero para resolver los encuentros ten\u00eda que echar mano de\njugadores de la filial y a veces las cosas no sal\u00edan.<\/p>\n\n\n\n<p>Ahora, en\nestos tres juegos, con un 11 s\u00f3lido y banca de lujo, el equipo ha sido otro. Se\nve m\u00e1s vertical, mucho m\u00e1s ordenado atr\u00e1s (no recibi\u00f3 gol en la semana) y la\ngente pas\u00f3 del &#8220;Fuera Vasco&#8221; al &#8216;Perd\u00f3n Vasco Perd\u00f3n&#8217;<\/p>\n\n\n\n<p>Si bien el\nequipo a\u00fan no est\u00e1 al 100. El trabajo de Aguirre ha sido muy bueno.<\/p>\n\n\n\n<p>Para\nempezar, logr\u00f3 la limpia que desde hace varios a\u00f1os ped\u00eda la afici\u00f3n. Le ha\ndado personalidad al equipo y presencia, hoy por hoy el Monterrey es un equipo\ndif\u00edcil de vencer, inc\u00f3modo de local o de visitante.<\/p>\n\n\n\n<p>Rayados es\ntercero general, con la segunda mejor ofensiva y la cuarta mejor defensiva del\ntorneo y se acomoda desde hoy como uno de los contendientes serios al t\u00edtulo.<\/p>\n\n\n\n<p>Esperemos\nque este domingo contra Santos se refrende este buen paso y que los \u00faltimos\ninconformes se suban al carrito de Aguirre, que cada vez quedan menos lugares.<\/p>\n\n\n\n<p><\/p>\n\n\n\n<p><\/p>\n\n\n<p><script async src=\"https:\/\/pagead2.googlesyndication.com\/pagead\/js\/adsbygoogle.js\"><\/script><br \/>\n<!-- PC 728x90 --><br \/>\n<ins class=\"adsbygoogle\"\nstyle=\"display:inline-block;width:728px;height:90px\"\ndata-ad-client=\"ca-pub-9427576701762839\"\ndata-ad-slot=\"1011393878\"><\/ins><br \/>\n<script>\n(adsbygoogle = window.adsbygoogle || []).push({});\n<\/script><\/p>\n","protected":false},"excerpt":{"rendered":"<p>\u00c1ngel L\u00f3pez | Twitter @Al_rayado En los \u00faltimos meses un sector de la afici\u00f3n rayada se ha radicalizado e incluso, se ha ganado el t\u00e9rmino de voraz. Al primer error, declaraci\u00f3n controvertida o publicaci\u00f3n en redes, crucificamos a un miembro del equipo o cuerpo t\u00e9cnico. Hasta antes del juego de vuelta contra Cruz Azul, el&#8230; <\/p>\n<div class=\"clear\"><\/div>\n<p><a href=\"https:\/\/latribunera.com\/apuntes\/index.php\/2021\/09\/24\/reventar-al-vasco\/\" class=\"excerpt-read-more\">Read More<i class=\"fa fa-caret-right icon-caret-right\"><\/i><\/a><\/p>\n","protected":false},"author":4,"featured_media":22852,"comment_status":"open","ping_status":"open","sticky":false,"template":"","format":"standard","meta":{"_jetpack_memberships_contains_paid_content":false,"footnotes":""},"categories":[231,2,277],"tags":[],"class_list":["post-22851","post","type-post","status-publish","format-standard","has-post-thumbnail","hentry","category-apuntes","category-futbol-mexicano","category-zonarayada"],"jetpack_featured_media_url":"https:\/\/latribunera.com\/apuntes\/wp-content\/uploads\/2021\/09\/EtaKDXGXAAIIs9g.jpg","jetpack-related-posts":[{"id":45392,"url":"https:\/\/latribunera.com\/apuntes\/index.php\/2026\/04\/09\/se-presento-la-13va-edicion-del-guerreton\/","url_meta":{"origin":22851,"position":0},"title":"Se presento la 13va edici\u00f3n del Guerret\u00f3n.","author":"Staff","date":"9 abril, 2026","format":false,"excerpt":"A lo largo de sus primeras 12 ediciones, Guerret\u00f3n ha logrado recolectar m\u00e1s de 121,500juguetes, peluches y balones, beneficiando a diversas asociaciones e instituciones de laregi\u00f3n lagunera, entre ellas CRIT Durango, los sistemas DIF de distintos municipios, as\u00edcomo organizaciones educativas y asistenciales. A la fecha, se han instalado cuatro ludotecas\u2026","rel":"","context":"In &quot;Ganar Sirviendo&quot;","block_context":{"text":"Ganar Sirviendo","link":"https:\/\/latribunera.com\/apuntes\/index.php\/category\/futbol\/futbol-mexicano\/ganar-sirviendo\/"},"img":{"alt_text":"","src":"https:\/\/i0.wp.com\/latribunera.com\/apuntes\/wp-content\/uploads\/2026\/04\/9Guerreton-2026-2.jpg.jpeg?resize=350%2C200&ssl=1","width":350,"height":200,"srcset":"https:\/\/i0.wp.com\/latribunera.com\/apuntes\/wp-content\/uploads\/2026\/04\/9Guerreton-2026-2.jpg.jpeg?resize=350%2C200&ssl=1 1x, https:\/\/i0.wp.com\/latribunera.com\/apuntes\/wp-content\/uploads\/2026\/04\/9Guerreton-2026-2.jpg.jpeg?resize=525%2C300&ssl=1 1.5x, https:\/\/i0.wp.com\/latribunera.com\/apuntes\/wp-content\/uploads\/2026\/04\/9Guerreton-2026-2.jpg.jpeg?resize=700%2C400&ssl=1 2x, https:\/\/i0.wp.com\/latribunera.com\/apuntes\/wp-content\/uploads\/2026\/04\/9Guerreton-2026-2.jpg.jpeg?resize=1050%2C600&ssl=1 3x, https:\/\/i0.wp.com\/latribunera.com\/apuntes\/wp-content\/uploads\/2026\/04\/9Guerreton-2026-2.jpg.jpeg?resize=1400%2C800&ssl=1 4x"},"classes":[]}],"jetpack_sharing_enabled":true,"_links":{"self":[{"href":"https:\/\/latribunera.com\/apuntes\/index.php\/wp-json\/wp\/v2\/posts\/22851","targetHints":{"allow":["GET"]}}],"collection":[{"href":"https:\/\/latribunera.com\/apuntes\/index.php\/wp-json\/wp\/v2\/posts"}],"about":[{"href":"https:\/\/latribunera.com\/apuntes\/index.php\/wp-json\/wp\/v2\/types\/post"}],"author":[{"embeddable":true,"href":"https:\/\/latribunera.com\/apuntes\/index.php\/wp-json\/wp\/v2\/users\/4"}],"replies":[{"embeddable":true,"href":"https:\/\/latribunera.com\/apuntes\/index.php\/wp-json\/wp\/v2\/comments?post=22851"}],"version-history":[{"count":2,"href":"https:\/\/latribunera.com\/apuntes\/index.php\/wp-json\/wp\/v2\/posts\/22851\/revisions"}],"predecessor-version":[{"id":22854,"href":"https:\/\/latribunera.com\/apuntes\/index.php\/wp-json\/wp\/v2\/posts\/22851\/revisions\/22854"}],"wp:featuredmedia":[{"embeddable":true,"href":"https:\/\/latribunera.com\/apuntes\/index.php\/wp-json\/wp\/v2\/media\/22852"}],"wp:attachment":[{"href":"https:\/\/latribunera.com\/apuntes\/index.php\/wp-json\/wp\/v2\/media?parent=22851"}],"wp:term":[{"taxonomy":"category","embeddable":true,"href":"https:\/\/latribunera.com\/apuntes\/index.php\/wp-json\/wp\/v2\/categories?post=22851"},{"taxonomy":"post_tag","embeddable":true,"href":"https:\/\/latribunera.com\/apuntes\/index.php\/wp-json\/wp\/v2\/tags?post=22851"}],"curies":[{"name":"wp","href":"https:\/\/api.w.org\/{rel}","templated":true}]}}