{"id":23120,"date":"2021-09-29T17:11:35","date_gmt":"2021-09-29T17:11:35","guid":{"rendered":"https:\/\/latribunera.com\/apuntes\/?p=23120"},"modified":"2021-09-29T17:34:04","modified_gmt":"2021-09-29T17:34:04","slug":"nahuel-nunca-me-intimido-nico-sanchez","status":"publish","type":"post","link":"https:\/\/latribunera.com\/apuntes\/index.php\/2021\/09\/29\/nahuel-nunca-me-intimido-nico-sanchez\/","title":{"rendered":"\u201cNahuel nunca me intimid\u00f3\u201d.- Nico S\u00e1nchez"},"content":{"rendered":"\n<p><\/p>\n\n\n\n<p><\/p>\n\n\n<p><script async=\"\" src=\"https:\/\/pagead2.googlesyndication.com\/pagead\/js\/adsbygoogle.js\"><\/script><br \/>\n<!-- PC 728x90 --><br \/>\n<ins class=\"adsbygoogle\" style=\"display:inline-block;width:728px;height:90px\" data-ad-client=\"ca-pub-9427576701762839\" data-ad-slot=\"1011393878\"><\/ins><br \/>\n<script>\n(adsbygoogle = window.adsbygoogle || []).push({});\n<\/script><\/p>\n\n\n\n<p><\/p>\n\n\n\n<p><\/p>\n\n\n\n<p><strong>Por Daniel Cavazos | Twitter @danielcavazosr<\/strong><\/p>\n\n\n\n<p>El defensa\nargentino, Nicol\u00e1s S\u00e1nchez, reapareci\u00f3 como invitado en un podcast despu\u00e9s de\nla traves\u00eda al salir de los Rayados del Monterrey y ser fichado por el Godoy\nCruz, donde fue cuestionado sobre su habilidad por cobrar penales y su\nenfrentamiento con su m\u00e1ximo rival, el arquero Nahuel Guzm\u00e1n. <\/p>\n\n\n\n<p>Fue a trav\u00e9s\ndel podcast \u201cLa Secta\u201d donde Nico habl\u00f3 acerca de su presente en el f\u00fatbol y\nrecuerdos que vivi\u00f3 con el Monterrey, hasta cuando se mencion\u00f3 el nombre del\n\u2018Pat\u00f3n\u2019 y si sobre en verdad era un arquero dif\u00edcil.<\/p>\n\n\n\n<p>\u201cBueno, para m\u00ed no. Yo con el no tuve problemas, pero nunca me pudo hacer entrar en su juego. Entiendo que \u00e9l es un personaje, pero yo nunca entre en su show, por eso nunca me pudo intimidar\u201d declar\u00f3 S\u00e1nchez al periodista Santiago Fourcade.<\/p>\n\n\n\n<p><\/p>\n\n\n<p><script async=\"\" src=\"https:\/\/pagead2.googlesyndication.com\/pagead\/js\/adsbygoogle.js\"><\/script><br \/>\n<!-- PC 728x90 --><br \/>\n<ins class=\"adsbygoogle\" style=\"display:inline-block;width:728px;height:90px\" data-ad-client=\"ca-pub-9427576701762839\" data-ad-slot=\"1011393878\"><\/ins><br \/>\n<script>\n(adsbygoogle = window.adsbygoogle || []).push({});\n<\/script><\/p>\n\n\n\n<p><\/p>\n\n\n\n<p><\/p>\n\n\n\n<p>Durante la\npl\u00e1tica, Nico record\u00f3 a arqueros de la talla de Alfredo Talavera, conmemorando\npartidos dif\u00edciles con el club y los buenos momentos que vivi\u00f3 en la Sultana\ndel Norte, donde tambi\u00e9n los conductores le plantearon si regresar\u00eda a la\nciudad en un futuro.<\/p>\n\n\n\n<p>\u201cNuestra\ncasa est\u00e1 en Monterrey, el tiempo lo dir\u00e1. Hoy soy futbolista, estoy dando un\npaso importante, no tenemos nada planeado ni realizado, solo sabemos que\nMonterrey es una casa para nosotros\u201d, mencion\u00f3 Nico para concluir su\nentrevista.<\/p>\n\n\n\n<p>Actualmente Nicol\u00e1s S\u00e1nchez milita en la Liga Profesional de F\u00fatbol (Primera Divisi\u00f3n de Argentina) con el Godoy Cruz, equipo donde tambi\u00e9n jug\u00f3 desde el 2010 al 2014. Este es el segundo equipo donde tuvo m\u00e1s \u00e9xito en su carrera, ya que su marca de goles no se iguala para nada con la de los Rayados, es por ello que el defensa es muy querido por la afici\u00f3n y no ven con malos ojos su regreso a la Liga MX.<\/p>\n\n\n\n<p><\/p>\n\n\n\n<p><\/p>\n\n\n<p><script async=\"\" src=\"https:\/\/pagead2.googlesyndication.com\/pagead\/js\/adsbygoogle.js\"><\/script><br \/>\n<!-- PC 728x90 --><br \/>\n<ins class=\"adsbygoogle\" style=\"display:inline-block;width:728px;height:90px\" data-ad-client=\"ca-pub-9427576701762839\" data-ad-slot=\"1011393878\"><\/ins><br \/>\n<script>\n(adsbygoogle = window.adsbygoogle || []).push({});\n<\/script><\/p>\n","protected":false},"excerpt":{"rendered":"<p>Por Daniel Cavazos | Twitter @danielcavazosr El defensa argentino, Nicol\u00e1s S\u00e1nchez, reapareci\u00f3 como invitado en un podcast despu\u00e9s de la traves\u00eda al salir de los Rayados del Monterrey y ser fichado por el Godoy Cruz, donde fue cuestionado sobre su habilidad por cobrar penales y su enfrentamiento con su m\u00e1ximo rival, el arquero Nahuel Guzm\u00e1n&#8230;. <\/p>\n<div class=\"clear\"><\/div>\n<p><a href=\"https:\/\/latribunera.com\/apuntes\/index.php\/2021\/09\/29\/nahuel-nunca-me-intimido-nico-sanchez\/\" class=\"excerpt-read-more\">Read More<i class=\"fa fa-caret-right icon-caret-right\"><\/i><\/a><\/p>\n","protected":false},"author":39,"featured_media":23121,"comment_status":"open","ping_status":"open","sticky":false,"template":"","format":"standard","meta":{"_jetpack_memberships_contains_paid_content":false,"footnotes":""},"categories":[231,277],"tags":[234,735],"class_list":["post-23120","post","type-post","status-publish","format-standard","has-post-thumbnail","hentry","category-apuntes","category-zonarayada","tag-clasico-regio","tag-nico-sanchez"],"jetpack_featured_media_url":"https:\/\/latribunera.com\/apuntes\/wp-content\/uploads\/2021\/09\/EvQGPzEXIAAgiGy.jpg","jetpack-related-posts":[{"id":45392,"url":"https:\/\/latribunera.com\/apuntes\/index.php\/2026\/04\/09\/se-presento-la-13va-edicion-del-guerreton\/","url_meta":{"origin":23120,"position":0},"title":"Se presento la 13va edici\u00f3n del Guerret\u00f3n.","author":"Staff","date":"9 abril, 2026","format":false,"excerpt":"A lo largo de sus primeras 12 ediciones, Guerret\u00f3n ha logrado recolectar m\u00e1s de 121,500juguetes, peluches y balones, beneficiando a diversas asociaciones e instituciones de laregi\u00f3n lagunera, entre ellas CRIT Durango, los sistemas DIF de distintos municipios, as\u00edcomo organizaciones educativas y asistenciales. A la fecha, se han instalado cuatro ludotecas\u2026","rel":"","context":"In &quot;Ganar Sirviendo&quot;","block_context":{"text":"Ganar Sirviendo","link":"https:\/\/latribunera.com\/apuntes\/index.php\/category\/futbol\/futbol-mexicano\/ganar-sirviendo\/"},"img":{"alt_text":"","src":"https:\/\/i0.wp.com\/latribunera.com\/apuntes\/wp-content\/uploads\/2026\/04\/9Guerreton-2026-2.jpg.jpeg?resize=350%2C200&ssl=1","width":350,"height":200,"srcset":"https:\/\/i0.wp.com\/latribunera.com\/apuntes\/wp-content\/uploads\/2026\/04\/9Guerreton-2026-2.jpg.jpeg?resize=350%2C200&ssl=1 1x, https:\/\/i0.wp.com\/latribunera.com\/apuntes\/wp-content\/uploads\/2026\/04\/9Guerreton-2026-2.jpg.jpeg?resize=525%2C300&ssl=1 1.5x, https:\/\/i0.wp.com\/latribunera.com\/apuntes\/wp-content\/uploads\/2026\/04\/9Guerreton-2026-2.jpg.jpeg?resize=700%2C400&ssl=1 2x, https:\/\/i0.wp.com\/latribunera.com\/apuntes\/wp-content\/uploads\/2026\/04\/9Guerreton-2026-2.jpg.jpeg?resize=1050%2C600&ssl=1 3x, https:\/\/i0.wp.com\/latribunera.com\/apuntes\/wp-content\/uploads\/2026\/04\/9Guerreton-2026-2.jpg.jpeg?resize=1400%2C800&ssl=1 4x"},"classes":[]}],"jetpack_sharing_enabled":true,"_links":{"self":[{"href":"https:\/\/latribunera.com\/apuntes\/index.php\/wp-json\/wp\/v2\/posts\/23120","targetHints":{"allow":["GET"]}}],"collection":[{"href":"https:\/\/latribunera.com\/apuntes\/index.php\/wp-json\/wp\/v2\/posts"}],"about":[{"href":"https:\/\/latribunera.com\/apuntes\/index.php\/wp-json\/wp\/v2\/types\/post"}],"author":[{"embeddable":true,"href":"https:\/\/latribunera.com\/apuntes\/index.php\/wp-json\/wp\/v2\/users\/39"}],"replies":[{"embeddable":true,"href":"https:\/\/latribunera.com\/apuntes\/index.php\/wp-json\/wp\/v2\/comments?post=23120"}],"version-history":[{"count":3,"href":"https:\/\/latribunera.com\/apuntes\/index.php\/wp-json\/wp\/v2\/posts\/23120\/revisions"}],"predecessor-version":[{"id":23124,"href":"https:\/\/latribunera.com\/apuntes\/index.php\/wp-json\/wp\/v2\/posts\/23120\/revisions\/23124"}],"wp:featuredmedia":[{"embeddable":true,"href":"https:\/\/latribunera.com\/apuntes\/index.php\/wp-json\/wp\/v2\/media\/23121"}],"wp:attachment":[{"href":"https:\/\/latribunera.com\/apuntes\/index.php\/wp-json\/wp\/v2\/media?parent=23120"}],"wp:term":[{"taxonomy":"category","embeddable":true,"href":"https:\/\/latribunera.com\/apuntes\/index.php\/wp-json\/wp\/v2\/categories?post=23120"},{"taxonomy":"post_tag","embeddable":true,"href":"https:\/\/latribunera.com\/apuntes\/index.php\/wp-json\/wp\/v2\/tags?post=23120"}],"curies":[{"name":"wp","href":"https:\/\/api.w.org\/{rel}","templated":true}]}}