{"id":23326,"date":"2021-10-04T03:49:42","date_gmt":"2021-10-04T03:49:42","guid":{"rendered":"https:\/\/latribunera.com\/apuntes\/?p=23326"},"modified":"2021-10-04T04:02:22","modified_gmt":"2021-10-04T04:02:22","slug":"el-abucheo-es-para-todos-miguel-herrera","status":"publish","type":"post","link":"https:\/\/latribunera.com\/apuntes\/index.php\/2021\/10\/04\/el-abucheo-es-para-todos-miguel-herrera\/","title":{"rendered":"El abucheo es para todos: Miguel Herrera"},"content":{"rendered":"\n<p><\/p>\n\n\n<p><script async=\"\" src=\"https:\/\/pagead2.googlesyndication.com\/pagead\/js\/adsbygoogle.js\"><\/script><br \/>\n<!-- PC 728x90 --><br \/>\n<ins class=\"adsbygoogle\" style=\"display:inline-block;width:728px;height:90px\" data-ad-client=\"ca-pub-9427576701762839\" data-ad-slot=\"1011393878\"><\/ins><br \/>\n<script>\n(adsbygoogle = window.adsbygoogle || []).push({});\n<\/script><\/p>\n\n\n\n<p><\/p>\n\n\n\n<p><\/p>\n\n\n\n<p><strong>Por Daniel Reyna<\/strong><\/p>\n\n\n\n<p>Luego del\nquinto empate en casa para Tigres UANL, Miguel Herrera habl\u00f3 en conferencia de\nprensa sobre lo ocurrido en este 0-0 contra Necaxa y toc\u00f3 distintos temas como\nlos abucheos del p\u00fablico, los factores para este marcador y el partido de Leo\nFern\u00e1ndez.<\/p>\n\n\n\n<p>\u201cEl abucheo\nes para todos. Una jugada que falla el delantero, la gente se molesta y en ese\nmomento es para Carlos Gonz\u00e1lez. No logramos darle la satisfacci\u00f3n a la\ngente&#8221;, coment\u00f3 Herrera tras la reacci\u00f3n del p\u00fablico en el Universitario.<\/p>\n\n\n\n<p>Tras\npreguntarle los motivos que generaron este resultado, Miguel explic\u00f3: &#8220;No\nla metimos, llegada tuvimos, oportunidades generamos. El portero de ellos y\nnuestras fallas nos siguen dejando sin meter gol de local\u201d.<\/p>\n\n\n\n<p>Sobre el accionar del charr\u00faa Leo Fern\u00e1ndez, el &#8216;Piojo&#8217; mencion\u00f3: &#8220;Gener\u00f3 un par de disparos, un par de centros que no le salen, parece que se siente presionado, como todos, no tuvo lo que ven\u00eda haciendo&#8221;<\/p>\n\n\n\n<p><\/p>\n\n\n<p><script async=\"\" src=\"https:\/\/pagead2.googlesyndication.com\/pagead\/js\/adsbygoogle.js\"><\/script><br \/>\n<!-- PC 728x90 --><br \/>\n<ins class=\"adsbygoogle\" style=\"display:inline-block;width:728px;height:90px\" data-ad-client=\"ca-pub-9427576701762839\" data-ad-slot=\"1011393878\"><\/ins><br \/>\n<script>\n(adsbygoogle = window.adsbygoogle || []).push({});\n<\/script><\/p>\n\n\n\n<p><\/p>\n\n\n\n<p><\/p>\n\n\n\n\n\n<p><\/p>\n\n\n\n<p><\/p>\n\n\n\n<figure class=\"wp-block-embed-youtube wp-block-embed is-type-video is-provider-youtube wp-embed-aspect-16-9 wp-has-aspect-ratio\"><div class=\"wp-block-embed__wrapper\">\n<iframe loading=\"lazy\" title=\"&quot;El abucheo es para todos&quot;. Miguel Herrera | Tigres 0-0 Necaxa. Jornada 12 Apertura 2021\" width=\"960\" height=\"540\" src=\"https:\/\/www.youtube.com\/embed\/6Fg-zOiUHOc?feature=oembed\" frameborder=\"0\" allow=\"accelerometer; autoplay; clipboard-write; encrypted-media; gyroscope; picture-in-picture\" allowfullscreen><\/iframe>\n<\/div><\/figure>\n\n\n\n<p><\/p>\n\n\n\n<p><\/p>\n\n\n<p><script async=\"\" src=\"https:\/\/pagead2.googlesyndication.com\/pagead\/js\/adsbygoogle.js\"><\/script><br \/>\n<!-- PC 728x90 --><br \/>\n<ins class=\"adsbygoogle\" style=\"display:inline-block;width:728px;height:90px\" data-ad-client=\"ca-pub-9427576701762839\" data-ad-slot=\"1011393878\"><\/ins><br \/>\n<script>\n(adsbygoogle = window.adsbygoogle || []).push({});\n<\/script><\/p>\n","protected":false},"excerpt":{"rendered":"<p>Por Daniel Reyna Luego del quinto empate en casa para Tigres UANL, Miguel Herrera habl\u00f3 en conferencia de prensa sobre lo ocurrido en este 0-0 contra Necaxa y toc\u00f3 distintos temas como los abucheos del p\u00fablico, los factores para este marcador y el partido de Leo Fern\u00e1ndez. \u201cEl abucheo es para todos. Una jugada que&#8230; <\/p>\n<div class=\"clear\"><\/div>\n<p><a href=\"https:\/\/latribunera.com\/apuntes\/index.php\/2021\/10\/04\/el-abucheo-es-para-todos-miguel-herrera\/\" class=\"excerpt-read-more\">Read More<i class=\"fa fa-caret-right icon-caret-right\"><\/i><\/a><\/p>\n","protected":false},"author":37,"featured_media":23327,"comment_status":"open","ping_status":"open","sticky":false,"template":"","format":"standard","meta":{"_jetpack_memberships_contains_paid_content":false,"footnotes":""},"categories":[231,2,278],"tags":[74,102],"class_list":["post-23326","post","type-post","status-publish","format-standard","has-post-thumbnail","hentry","category-apuntes","category-futbol-mexicano","category-solotigres","tag-liga-mx","tag-tigres"],"jetpack_featured_media_url":"https:\/\/latribunera.com\/apuntes\/wp-content\/uploads\/2021\/10\/WhatsApp-Image-2021-10-02-at-12.29.03.jpeg","jetpack-related-posts":[],"jetpack_sharing_enabled":true,"_links":{"self":[{"href":"https:\/\/latribunera.com\/apuntes\/index.php\/wp-json\/wp\/v2\/posts\/23326","targetHints":{"allow":["GET"]}}],"collection":[{"href":"https:\/\/latribunera.com\/apuntes\/index.php\/wp-json\/wp\/v2\/posts"}],"about":[{"href":"https:\/\/latribunera.com\/apuntes\/index.php\/wp-json\/wp\/v2\/types\/post"}],"author":[{"embeddable":true,"href":"https:\/\/latribunera.com\/apuntes\/index.php\/wp-json\/wp\/v2\/users\/37"}],"replies":[{"embeddable":true,"href":"https:\/\/latribunera.com\/apuntes\/index.php\/wp-json\/wp\/v2\/comments?post=23326"}],"version-history":[{"count":3,"href":"https:\/\/latribunera.com\/apuntes\/index.php\/wp-json\/wp\/v2\/posts\/23326\/revisions"}],"predecessor-version":[{"id":23330,"href":"https:\/\/latribunera.com\/apuntes\/index.php\/wp-json\/wp\/v2\/posts\/23326\/revisions\/23330"}],"wp:featuredmedia":[{"embeddable":true,"href":"https:\/\/latribunera.com\/apuntes\/index.php\/wp-json\/wp\/v2\/media\/23327"}],"wp:attachment":[{"href":"https:\/\/latribunera.com\/apuntes\/index.php\/wp-json\/wp\/v2\/media?parent=23326"}],"wp:term":[{"taxonomy":"category","embeddable":true,"href":"https:\/\/latribunera.com\/apuntes\/index.php\/wp-json\/wp\/v2\/categories?post=23326"},{"taxonomy":"post_tag","embeddable":true,"href":"https:\/\/latribunera.com\/apuntes\/index.php\/wp-json\/wp\/v2\/tags?post=23326"}],"curies":[{"name":"wp","href":"https:\/\/api.w.org\/{rel}","templated":true}]}}