{"id":23442,"date":"2021-10-06T18:05:14","date_gmt":"2021-10-06T18:05:14","guid":{"rendered":"https:\/\/latribunera.com\/apuntes\/?p=23442"},"modified":"2021-10-06T18:05:24","modified_gmt":"2021-10-06T18:05:24","slug":"tigres-volvio-a-la-chamba-con-siete-ausencias","status":"publish","type":"post","link":"https:\/\/latribunera.com\/apuntes\/index.php\/2021\/10\/06\/tigres-volvio-a-la-chamba-con-siete-ausencias\/","title":{"rendered":"Tigres volvi\u00f3 a la chamba con siete ausencias"},"content":{"rendered":"\n<p><\/p>\n\n\n<p><script async src=\"https:\/\/pagead2.googlesyndication.com\/pagead\/js\/adsbygoogle.js\"><\/script><br \/>\n<!-- PC 728x90 --><br \/>\n<ins class=\"adsbygoogle\"\nstyle=\"display:inline-block;width:728px;height:90px\"\ndata-ad-client=\"ca-pub-9427576701762839\"\ndata-ad-slot=\"1011393878\"><\/ins><br \/>\n<script>\n(adsbygoogle = window.adsbygoogle || []).push({});\n<\/script><\/p>\n\n\n\n<p><\/p>\n\n\n\n<p><\/p>\n\n\n\n<p><strong>Por Jair L\u00f3pez | Twitter @JairLpez01 <\/strong><\/p>\n\n\n\n<p>Luego de 2\nd\u00edas de receso, Tigres regres\u00f3 \u00e9ste mi\u00e9rcoles a los entrenamientos. Los felinos\niniciaron su d\u00eda con pruebas de Covid, sesi\u00f3n de gimnasio, y espacios reducidos\nen la cancha del volc\u00e1n. <\/p>\n\n\n\n<p>Miguel\nHerrera, el famoso Piojo no dispuso de su plantel completo debido a las bajas\npor lesi\u00f3n y Seleccionados Nacionales (Luis Rodr\u00edguez y Carlos Gonz\u00e1lez). <\/p>\n\n\n\n<p>Andr\u00e9-Pierre\nGignac, Florian Thauvin, Nico L\u00f3pez, Hugo Ayala, y Javier Aquino, trabajaron\npor separado con los fisioterapeutas del club, donde en un extenso lapso de la\npr\u00e1ctica, se vio a Herrera charlar con Giber Becerra, preparador f\u00edsico\nauriazul. <\/p>\n\n\n\n<p>La escuadra\nfelina estar\u00e1 viajando durante la tarde del jueves hac\u00eda Houston, ya que\ndisputar\u00e1n un encuentro amistoso ante Toluca el pr\u00f3ximo s\u00e1bado. <\/p>\n\n\n\n<p>Gignac, Aquino y Ayala, est\u00e1n en duda para el viaje, mientras que, Nico y Thauvin est\u00e1n completamente descartados para el cotejo.<\/p>\n\n\n\n<p><\/p>\n\n\n\n<p><\/p>\n\n\n<p><script async src=\"https:\/\/pagead2.googlesyndication.com\/pagead\/js\/adsbygoogle.js\"><\/script><br \/>\n<!-- PC 728x90 --><br \/>\n<ins class=\"adsbygoogle\"\nstyle=\"display:inline-block;width:728px;height:90px\"\ndata-ad-client=\"ca-pub-9427576701762839\"\ndata-ad-slot=\"1011393878\"><\/ins><br \/>\n<script>\n(adsbygoogle = window.adsbygoogle || []).push({});\n<\/script><\/p>\n\n\n\n<p><\/p>\n\n\n\n<p><\/p>\n\n\n\n<figure class=\"wp-block-embed-youtube wp-block-embed is-type-video is-provider-youtube wp-embed-aspect-16-9 wp-has-aspect-ratio\"><div class=\"wp-block-embed__wrapper\">\n<iframe loading=\"lazy\" title=\"&quot;HAY QUE AYUDAR A SANAR AL MUNDO&quot; .- ROBERTO MEDINA\" width=\"960\" height=\"540\" src=\"https:\/\/www.youtube.com\/embed\/LuZzANY9Nn0?feature=oembed\" frameborder=\"0\" allow=\"accelerometer; autoplay; clipboard-write; encrypted-media; gyroscope; picture-in-picture\" allowfullscreen><\/iframe>\n<\/div><\/figure>\n\n\n\n<p><\/p>\n\n\n\n<p><\/p>\n\n\n\n\n\n<p><\/p>\n\n\n\n<p><\/p>\n\n\n<p><script async src=\"https:\/\/pagead2.googlesyndication.com\/pagead\/js\/adsbygoogle.js\"><\/script><br \/>\n<!-- PC 728x90 --><br \/>\n<ins class=\"adsbygoogle\"\nstyle=\"display:inline-block;width:728px;height:90px\"\ndata-ad-client=\"ca-pub-9427576701762839\"\ndata-ad-slot=\"1011393878\"><\/ins><br \/>\n<script>\n(adsbygoogle = window.adsbygoogle || []).push({});\n<\/script><\/p>\n","protected":false},"excerpt":{"rendered":"<p>Por Jair L\u00f3pez | Twitter @JairLpez01 Luego de 2 d\u00edas de receso, Tigres regres\u00f3 \u00e9ste mi\u00e9rcoles a los entrenamientos. Los felinos iniciaron su d\u00eda con pruebas de Covid, sesi\u00f3n de gimnasio, y espacios reducidos en la cancha del volc\u00e1n. Miguel Herrera, el famoso Piojo no dispuso de su plantel completo debido a las bajas por&#8230; <\/p>\n<div class=\"clear\"><\/div>\n<p><a href=\"https:\/\/latribunera.com\/apuntes\/index.php\/2021\/10\/06\/tigres-volvio-a-la-chamba-con-siete-ausencias\/\" class=\"excerpt-read-more\">Read More<i class=\"fa fa-caret-right icon-caret-right\"><\/i><\/a><\/p>\n","protected":false},"author":41,"featured_media":23444,"comment_status":"open","ping_status":"open","sticky":false,"template":"","format":"standard","meta":{"_jetpack_memberships_contains_paid_content":false,"footnotes":""},"categories":[231,2,278],"tags":[],"class_list":["post-23442","post","type-post","status-publish","format-standard","has-post-thumbnail","hentry","category-apuntes","category-futbol-mexicano","category-solotigres"],"jetpack_featured_media_url":"https:\/\/latribunera.com\/apuntes\/wp-content\/uploads\/2021\/10\/2323232.jpeg","jetpack-related-posts":[],"jetpack_sharing_enabled":true,"_links":{"self":[{"href":"https:\/\/latribunera.com\/apuntes\/index.php\/wp-json\/wp\/v2\/posts\/23442","targetHints":{"allow":["GET"]}}],"collection":[{"href":"https:\/\/latribunera.com\/apuntes\/index.php\/wp-json\/wp\/v2\/posts"}],"about":[{"href":"https:\/\/latribunera.com\/apuntes\/index.php\/wp-json\/wp\/v2\/types\/post"}],"author":[{"embeddable":true,"href":"https:\/\/latribunera.com\/apuntes\/index.php\/wp-json\/wp\/v2\/users\/41"}],"replies":[{"embeddable":true,"href":"https:\/\/latribunera.com\/apuntes\/index.php\/wp-json\/wp\/v2\/comments?post=23442"}],"version-history":[{"count":2,"href":"https:\/\/latribunera.com\/apuntes\/index.php\/wp-json\/wp\/v2\/posts\/23442\/revisions"}],"predecessor-version":[{"id":23446,"href":"https:\/\/latribunera.com\/apuntes\/index.php\/wp-json\/wp\/v2\/posts\/23442\/revisions\/23446"}],"wp:featuredmedia":[{"embeddable":true,"href":"https:\/\/latribunera.com\/apuntes\/index.php\/wp-json\/wp\/v2\/media\/23444"}],"wp:attachment":[{"href":"https:\/\/latribunera.com\/apuntes\/index.php\/wp-json\/wp\/v2\/media?parent=23442"}],"wp:term":[{"taxonomy":"category","embeddable":true,"href":"https:\/\/latribunera.com\/apuntes\/index.php\/wp-json\/wp\/v2\/categories?post=23442"},{"taxonomy":"post_tag","embeddable":true,"href":"https:\/\/latribunera.com\/apuntes\/index.php\/wp-json\/wp\/v2\/tags?post=23442"}],"curies":[{"name":"wp","href":"https:\/\/api.w.org\/{rel}","templated":true}]}}