{"id":23448,"date":"2021-10-06T19:00:50","date_gmt":"2021-10-06T19:00:50","guid":{"rendered":"https:\/\/latribunera.com\/apuntes\/?p=23448"},"modified":"2021-10-06T19:05:48","modified_gmt":"2021-10-06T19:05:48","slug":"celso-listo","status":"publish","type":"post","link":"https:\/\/latribunera.com\/apuntes\/index.php\/2021\/10\/06\/celso-listo\/","title":{"rendered":"CELSO LISTO"},"content":{"rendered":"\n<p><\/p>\n\n\n\n<p><\/p>\n\n\n<p><script async src=\"https:\/\/pagead2.googlesyndication.com\/pagead\/js\/adsbygoogle.js\"><\/script><br \/>\n<!-- PC 728x90 --><br \/>\n<ins class=\"adsbygoogle\"\nstyle=\"display:inline-block;width:728px;height:90px\"\ndata-ad-client=\"ca-pub-9427576701762839\"\ndata-ad-slot=\"1011393878\"><\/ins><br \/>\n<script>\n(adsbygoogle = window.adsbygoogle || []).push({});\n<\/script><\/p>\n\n\n\n<p><\/p>\n\n\n\n<p><\/p>\n\n\n\n<p><strong>Por Jair L\u00f3pez | Twitter @JairLpez01 <\/strong><\/p>\n\n\n\n<p>Durante el entrenamiento de \u00e9ste mi\u00e9rcoles en las instalaciones del Barrial, las buenas noticias no se hicieron esperar para Javier Aguirre y sus dirigidos, ya que tras 2 semanas inactivo, Celso Ortiz pudo entrenar al parejo de sus compa\u00f1eros. <\/p>\n\n\n\n<p>El futbolista paraguayo regresa en el momento m\u00e1s oportuno para &#8216;La Pandilla&#8217;, y podr\u00e1 ser considerado en la convocatoria del Vasco para encarar el compromiso ante Le\u00f3n el pr\u00f3ximo 16 de octubre en el Estadio BBVA. <\/p>\n\n\n\n<p>Una noticia que alegra a toda la fanaticada rayada, ya que el pilar del medio campo albiazul estar\u00e1 disponible en el mes m\u00e1s relevante para el equipo de momento, puesto que al finalizar el mismo, disputar\u00e1n la Final de CONCACAF ante las \u00c1guilas del Am\u00e9rica.<\/p>\n\n\n\n<p><\/p>\n\n\n\n<p><\/p>\n\n\n\n\n\n<p><\/p>\n\n\n\n<p><\/p>\n\n\n<p><script async src=\"https:\/\/pagead2.googlesyndication.com\/pagead\/js\/adsbygoogle.js\"><\/script><br \/>\n<!-- PC 728x90 --><br \/>\n<ins class=\"adsbygoogle\"\nstyle=\"display:inline-block;width:728px;height:90px\"\ndata-ad-client=\"ca-pub-9427576701762839\"\ndata-ad-slot=\"1011393878\"><\/ins><br \/>\n<script>\n(adsbygoogle = window.adsbygoogle || []).push({});\n<\/script><\/p>\n\n\n\n<p><\/p>\n\n\n\n<p><\/p>\n\n\n\n<p><strong>TE PUEDE INTERESAR&#8230;<\/strong><\/p>\n\n\n\n<figure class=\"wp-block-embed-youtube wp-block-embed is-type-video is-provider-youtube wp-embed-aspect-16-9 wp-has-aspect-ratio\"><div class=\"wp-block-embed__wrapper\">\n<iframe loading=\"lazy\" title=\"EL PRIMER GOL DE CHUPETE CON LA PLAYERA DE RAYA2 EXPANSI\u00d3N\" width=\"960\" height=\"540\" src=\"https:\/\/www.youtube.com\/embed\/Tw_6ZBVV1p8?feature=oembed\" frameborder=\"0\" allow=\"accelerometer; autoplay; clipboard-write; encrypted-media; gyroscope; picture-in-picture\" allowfullscreen><\/iframe>\n<\/div><\/figure>\n","protected":false},"excerpt":{"rendered":"<p>Por Jair L\u00f3pez | Twitter @JairLpez01 Durante el entrenamiento de \u00e9ste mi\u00e9rcoles en las instalaciones del Barrial, las buenas noticias no se hicieron esperar para Javier Aguirre y sus dirigidos, ya que tras 2 semanas inactivo, Celso Ortiz pudo entrenar al parejo de sus compa\u00f1eros. El futbolista paraguayo regresa en el momento m\u00e1s oportuno para&#8230; <\/p>\n<div class=\"clear\"><\/div>\n<p><a href=\"https:\/\/latribunera.com\/apuntes\/index.php\/2021\/10\/06\/celso-listo\/\" class=\"excerpt-read-more\">Read More<i class=\"fa fa-caret-right icon-caret-right\"><\/i><\/a><\/p>\n","protected":false},"author":41,"featured_media":23451,"comment_status":"open","ping_status":"open","sticky":false,"template":"","format":"standard","meta":{"_jetpack_memberships_contains_paid_content":false,"footnotes":""},"categories":[231,2,277],"tags":[483,596],"class_list":["post-23448","post","type-post","status-publish","format-standard","has-post-thumbnail","hentry","category-apuntes","category-futbol-mexicano","category-zonarayada","tag-celso-ortiz","tag-paraguay"],"jetpack_featured_media_url":"https:\/\/latribunera.com\/apuntes\/wp-content\/uploads\/2021\/10\/IMG_0570-scaled.jpg","jetpack-related-posts":[],"jetpack_sharing_enabled":true,"_links":{"self":[{"href":"https:\/\/latribunera.com\/apuntes\/index.php\/wp-json\/wp\/v2\/posts\/23448","targetHints":{"allow":["GET"]}}],"collection":[{"href":"https:\/\/latribunera.com\/apuntes\/index.php\/wp-json\/wp\/v2\/posts"}],"about":[{"href":"https:\/\/latribunera.com\/apuntes\/index.php\/wp-json\/wp\/v2\/types\/post"}],"author":[{"embeddable":true,"href":"https:\/\/latribunera.com\/apuntes\/index.php\/wp-json\/wp\/v2\/users\/41"}],"replies":[{"embeddable":true,"href":"https:\/\/latribunera.com\/apuntes\/index.php\/wp-json\/wp\/v2\/comments?post=23448"}],"version-history":[{"count":2,"href":"https:\/\/latribunera.com\/apuntes\/index.php\/wp-json\/wp\/v2\/posts\/23448\/revisions"}],"predecessor-version":[{"id":23450,"href":"https:\/\/latribunera.com\/apuntes\/index.php\/wp-json\/wp\/v2\/posts\/23448\/revisions\/23450"}],"wp:featuredmedia":[{"embeddable":true,"href":"https:\/\/latribunera.com\/apuntes\/index.php\/wp-json\/wp\/v2\/media\/23451"}],"wp:attachment":[{"href":"https:\/\/latribunera.com\/apuntes\/index.php\/wp-json\/wp\/v2\/media?parent=23448"}],"wp:term":[{"taxonomy":"category","embeddable":true,"href":"https:\/\/latribunera.com\/apuntes\/index.php\/wp-json\/wp\/v2\/categories?post=23448"},{"taxonomy":"post_tag","embeddable":true,"href":"https:\/\/latribunera.com\/apuntes\/index.php\/wp-json\/wp\/v2\/tags?post=23448"}],"curies":[{"name":"wp","href":"https:\/\/api.w.org\/{rel}","templated":true}]}}