{"id":23523,"date":"2021-10-08T02:37:28","date_gmt":"2021-10-08T02:37:28","guid":{"rendered":"https:\/\/latribunera.com\/apuntes\/?p=23523"},"modified":"2021-10-08T02:40:18","modified_gmt":"2021-10-08T02:40:18","slug":"carlos-hermosillo-pide-a-gignac-en-lugar-de-fallas-mori","status":"publish","type":"post","link":"https:\/\/latribunera.com\/apuntes\/index.php\/2021\/10\/08\/carlos-hermosillo-pide-a-gignac-en-lugar-de-fallas-mori\/","title":{"rendered":"Carlos Hermosillo pide a Gignac en lugar de \u2018Fallas Mori\u2019"},"content":{"rendered":"\n<p><\/p>\n\n\n<p><script async=\"\" src=\"https:\/\/pagead2.googlesyndication.com\/pagead\/js\/adsbygoogle.js\"><\/script><br \/>\n<!-- PC 728x90 --><br \/>\n<ins class=\"adsbygoogle\" style=\"display:inline-block;width:728px;height:90px\" data-ad-client=\"ca-pub-9427576701762839\" data-ad-slot=\"1011393878\"><\/ins><br \/>\n<script>\n(adsbygoogle = window.adsbygoogle || []).push({});\n<\/script><\/p>\n\n\n\n<p><\/p>\n\n\n\n<p><strong>Por Francisco Ochoa | Comunidad Azul<\/strong><\/p>\n\n\n\n<p>Carlos Hermosillo, hist\u00f3rico de Cruz\nAzul, platic\u00f3 con Diario R\u00e9cord, tuvo palabras para notar su informidad en la\ndelantera de la Selecci\u00f3n Mexicana, asegurando que hay delanteros j\u00f3venes y\ntalentosos que est\u00e1n destacando, ya que no le convence al naturalizado mexicano\nRogelio Funes Mori sus llamados al TRI.<\/p>\n\n\n\n<p>\u201cYo digo, \u00bfpor qu\u00e9 Funes Mori, por qu\u00e9 &#8216;FALLAS&#8217; Mori? si tenemos a Santiago Gim\u00e9nez, al &#8216;Mudo&#8217; (Eduardo Aguirre) de Santos, tenemos muchos j\u00f3venes, \u00bfpor qu\u00e9 no les dan oportunidad, por qu\u00e9 no?&#8221;, dijo el ahora comentarista.&nbsp;<\/p>\n\n\n\n<p>Declar\u00f3 que, si de jugadores\nnaturalizados se trata, le gustar\u00eda que llegar\u00e1 uno como Andr\u00e9-Pierre Gignac.<\/p>\n\n\n\n<p>\u201cEso a lo mejor la gente no lo entiende\ny dice que a lo mejor me puede cuestionar, pero yo me muero con los m\u00edos y ojo\ntambi\u00e9n si me dijeran vamos a nacionalizar (sic) a Gignac, bueno pues aplaudo,\npero necesitamos un jugador de esos para que se nacionalice y vaya a selecci\u00f3n\nnecesitamos un jugador de esos, cosa que no entiendo\u201d, finaliz\u00f3.&nbsp;<\/p>\n\n\n\n<p>\u00bfPor Que &#8220;Fallas Mori&#8221;?&nbsp;<\/p>\n\n\n\n<p>\u201cYo le puse &#8216;fallas Mori&#8217; a mi &#8216;fallas\nMori&#8217; no me gusta nada nada, me parece que es un gran jugador para la Liga MX.\nQu\u00e9 bueno que se nacionaliz\u00f3 (sic), qu\u00e9 bueno que le interesa nuestro pa\u00eds,\npero es como con los extranjeros que llegan a tu equipo, tiene que hacer m\u00e1s de\nlo que t\u00fa haces para que puedan jugar y Funes Mori no hace m\u00e1s, es uno m\u00e1s\u201d<\/p>\n\n\n\n<p><\/p>\n\n\n\n<p><\/p>\n\n\n<p><script async=\"\" src=\"https:\/\/pagead2.googlesyndication.com\/pagead\/js\/adsbygoogle.js\"><\/script><br \/>\n<!-- PC 728x90 --><br \/>\n<ins class=\"adsbygoogle\" style=\"display:inline-block;width:728px;height:90px\" data-ad-client=\"ca-pub-9427576701762839\" data-ad-slot=\"1011393878\"><\/ins><br \/>\n<script>\n(adsbygoogle = window.adsbygoogle || []).push({});\n<\/script><\/p>\n","protected":false},"excerpt":{"rendered":"<p>Por Francisco Ochoa | Comunidad Azul Carlos Hermosillo, hist\u00f3rico de Cruz Azul, platic\u00f3 con Diario R\u00e9cord, tuvo palabras para notar su informidad en la delantera de la Selecci\u00f3n Mexicana, asegurando que hay delanteros j\u00f3venes y talentosos que est\u00e1n destacando, ya que no le convence al naturalizado mexicano Rogelio Funes Mori sus llamados al TRI. \u201cYo&#8230; <\/p>\n<div class=\"clear\"><\/div>\n<p><a href=\"https:\/\/latribunera.com\/apuntes\/index.php\/2021\/10\/08\/carlos-hermosillo-pide-a-gignac-en-lugar-de-fallas-mori\/\" class=\"excerpt-read-more\">Read More<i class=\"fa fa-caret-right icon-caret-right\"><\/i><\/a><\/p>\n","protected":false},"author":34,"featured_media":23527,"comment_status":"open","ping_status":"open","sticky":false,"template":"","format":"standard","meta":{"_jetpack_memberships_contains_paid_content":false,"footnotes":""},"categories":[231,228,278],"tags":[],"class_list":["post-23523","post","type-post","status-publish","format-standard","has-post-thumbnail","hentry","category-apuntes","category-selecciones-nacionales","category-solotigres"],"jetpack_featured_media_url":"https:\/\/latribunera.com\/apuntes\/wp-content\/uploads\/2021\/10\/Dise\u00f1o-sin-t\u00edtulo-1-3.jpg","jetpack-related-posts":[{"id":45386,"url":"https:\/\/latribunera.com\/apuntes\/index.php\/2026\/03\/11\/santos-launa-impulsa-mejoras-en-la-infraestructura-de-tsm-y-estadio-corona\/","url_meta":{"origin":23523,"position":0},"title":"Santos Laguna impulsa mejoras en la infraestructura de TSM y Estadio Corona","author":"Jacob Alarcon","date":"11 marzo, 2026","format":false,"excerpt":"Club Santos Laguna lleva a cabo una serie de reformas y mejoras en la infraestructura de TerritorioSantos Modelo y del Estadio Corona, con el objetivo de impulsar la innovaci\u00f3n tecnol\u00f3gica, lasostenibilidad y la modernizaci\u00f3n de sus espacios.Con estas acciones, el club contin\u00faa fortaleciendo la experiencia de sus aficionados yactualizando sus\u2026","rel":"","context":"In &quot;Pasi\u00f3n Guerrera&quot;","block_context":{"text":"Pasi\u00f3n Guerrera","link":"https:\/\/latribunera.com\/apuntes\/index.php\/category\/tribus\/pasionguerrera\/"},"img":{"alt_text":"","src":"https:\/\/i0.wp.com\/latribunera.com\/apuntes\/wp-content\/uploads\/2026\/03\/Renovacion-TSM.jpg?resize=350%2C200&ssl=1","width":350,"height":200,"srcset":"https:\/\/i0.wp.com\/latribunera.com\/apuntes\/wp-content\/uploads\/2026\/03\/Renovacion-TSM.jpg?resize=350%2C200&ssl=1 1x, https:\/\/i0.wp.com\/latribunera.com\/apuntes\/wp-content\/uploads\/2026\/03\/Renovacion-TSM.jpg?resize=525%2C300&ssl=1 1.5x, https:\/\/i0.wp.com\/latribunera.com\/apuntes\/wp-content\/uploads\/2026\/03\/Renovacion-TSM.jpg?resize=700%2C400&ssl=1 2x, https:\/\/i0.wp.com\/latribunera.com\/apuntes\/wp-content\/uploads\/2026\/03\/Renovacion-TSM.jpg?resize=1050%2C600&ssl=1 3x, https:\/\/i0.wp.com\/latribunera.com\/apuntes\/wp-content\/uploads\/2026\/03\/Renovacion-TSM.jpg?resize=1400%2C800&ssl=1 4x"},"classes":[]}],"jetpack_sharing_enabled":true,"_links":{"self":[{"href":"https:\/\/latribunera.com\/apuntes\/index.php\/wp-json\/wp\/v2\/posts\/23523","targetHints":{"allow":["GET"]}}],"collection":[{"href":"https:\/\/latribunera.com\/apuntes\/index.php\/wp-json\/wp\/v2\/posts"}],"about":[{"href":"https:\/\/latribunera.com\/apuntes\/index.php\/wp-json\/wp\/v2\/types\/post"}],"author":[{"embeddable":true,"href":"https:\/\/latribunera.com\/apuntes\/index.php\/wp-json\/wp\/v2\/users\/34"}],"replies":[{"embeddable":true,"href":"https:\/\/latribunera.com\/apuntes\/index.php\/wp-json\/wp\/v2\/comments?post=23523"}],"version-history":[{"count":3,"href":"https:\/\/latribunera.com\/apuntes\/index.php\/wp-json\/wp\/v2\/posts\/23523\/revisions"}],"predecessor-version":[{"id":23528,"href":"https:\/\/latribunera.com\/apuntes\/index.php\/wp-json\/wp\/v2\/posts\/23523\/revisions\/23528"}],"wp:featuredmedia":[{"embeddable":true,"href":"https:\/\/latribunera.com\/apuntes\/index.php\/wp-json\/wp\/v2\/media\/23527"}],"wp:attachment":[{"href":"https:\/\/latribunera.com\/apuntes\/index.php\/wp-json\/wp\/v2\/media?parent=23523"}],"wp:term":[{"taxonomy":"category","embeddable":true,"href":"https:\/\/latribunera.com\/apuntes\/index.php\/wp-json\/wp\/v2\/categories?post=23523"},{"taxonomy":"post_tag","embeddable":true,"href":"https:\/\/latribunera.com\/apuntes\/index.php\/wp-json\/wp\/v2\/tags?post=23523"}],"curies":[{"name":"wp","href":"https:\/\/api.w.org\/{rel}","templated":true}]}}