{"id":24986,"date":"2021-11-14T23:31:25","date_gmt":"2021-11-14T23:31:25","guid":{"rendered":"https:\/\/latribunera.com\/apuntes\/?p=24986"},"modified":"2021-11-15T00:07:03","modified_gmt":"2021-11-15T00:07:03","slug":"juan-pablo-vigon-el-fichaje-discreto","status":"publish","type":"post","link":"https:\/\/latribunera.com\/apuntes\/index.php\/2021\/11\/14\/juan-pablo-vigon-el-fichaje-discreto\/","title":{"rendered":"JUAN PABLO VIG\u00d3N, \u00a1EL FICHAJE DISCRETO!"},"content":{"rendered":"\n<p><\/p>\n\n\n\n<p><\/p>\n\n\n<p><script async=\"\" src=\"https:\/\/pagead2.googlesyndication.com\/pagead\/js\/adsbygoogle.js\"><\/script><br \/>\n<!-- PC 728x90 --><br \/>\n<ins class=\"adsbygoogle\" style=\"display:inline-block;width:728px;height:90px\" data-ad-client=\"ca-pub-9427576701762839\" data-ad-slot=\"1011393878\"><\/ins><br \/>\n<script>\n(adsbygoogle = window.adsbygoogle || []).push({});\n<\/script><\/p>\n\n\n\n<p><\/p>\n\n\n\n<p><\/p>\n\n\n\n<p><strong>Por Jair L\u00f3pez | Twitter: @JairLpez01 <\/strong><\/p>\n\n\n\n<p>El pasado\nmercado de verano, Tigres sum\u00f3 un refuerzo de \u00faltimo momento en el famoso Draft,\nun fichaje que ilusion\u00f3 poco a la afici\u00f3n y que no acapar\u00f3 tantos reflectores\ncomo Florian Thauvin, jugador que tambi\u00e9n se sum\u00f3 al plantel en aquellos meses.\nS\u00ed, hablamos de Juan Pablo Vig\u00f3n, mediocampista que migr\u00f3 a San Nicol\u00e1s\nproveniente de Pumas como una \u00faltima alternativa de Miguel Herrera, quien\napenas comenzaba su etapa como estratega felino. <\/p>\n\n\n\n<p>Debido a\nausencias notables por lesi\u00f3n, Vig\u00f3n vio su debut con los auriazules en la primera\njornada del torneo, ante los Xolos de Tijuana, donde desde un inicio mostr\u00f3 su\n\u00edmpetu y calidad en la media cancha, siendo clave en el triunfo tigre,\ncontribuyendo incluso con un tanto en el marcador. <\/p>\n\n\n\n<p>Desde ese cotejo Juan Pablo ha sido una pieza importante en el esquema planteado por el &#8216;Piojo&#8217;, ya sea como titular o entrando de cambio, el canterano rojinegro ha participado en todos los encuentros de Liga MX con Tigres, teniendo unos n\u00fameros bastante buenos en apenas su primera campa\u00f1a. De momento, Vig\u00f3n registra 4 goles y 1 asistencia en \u00e9ste Grita M\u00e9xico A21, adem\u00e1s de tener una precisi\u00f3n del 87% en pases intentados, con un total de 507 pases conectados. <\/p>\n\n\n\n<p><\/p>\n\n\n\n<p><\/p>\n\n\n<p><script async=\"\" src=\"https:\/\/pagead2.googlesyndication.com\/pagead\/js\/adsbygoogle.js\"><\/script><br \/>\n<!-- PC 728x90 --><br \/>\n<ins class=\"adsbygoogle\" style=\"display:inline-block;width:728px;height:90px\" data-ad-client=\"ca-pub-9427576701762839\" data-ad-slot=\"1011393878\"><\/ins><br \/>\n<script>\n(adsbygoogle = window.adsbygoogle || []).push({});\n<\/script><\/p>\n\n\n\n<p><\/p>\n\n\n\n<p><\/p>\n\n\n\n<p>La afici\u00f3n\nfelina ha quedado m\u00e1s que satisfecha por el gran rendimiento del centrocampista\nmexicano, quien hace poco declar\u00f3 para un medio local el c\u00f3mo&nbsp;ha sido su\nsentir en la instituci\u00f3n regia, adem\u00e1s de definirse como un jugador entregado,\nuna caracter\u00edstica que ha establecido la fanaticada auriazul para poseer el\nllamado &#8216;perfil tigre&#8217;. <\/p>\n\n\n\n<p>&#8220;Algo\nque me ha llamado mucho la atenci\u00f3n es el ambiente, ya hab\u00eda venido de\nvisitante, pero ahora tenerlos de mi lado (afici\u00f3n) es algo muy bonito, los\npartidos de local los disfruto much\u00edsimo&#8221;. <\/p>\n\n\n\n<p>&#8220;Soy\nuna persona que nunca se conforma, que intento agradecer todos detalles dela\nvida para no estar pensando en el futuro &#8216;todav\u00eda puedes m\u00e1s&#8217;, mejor disfruta\nlo que tienes, pero si lucha por algo m\u00e1s, y si se da bienvenido, t\u00fa has todo\nlo que est\u00e9 en tus manos&#8221;, afirm\u00f3 Juan Pablo en entrevista con Multimedios.<\/p>\n\n\n\n<p>Un fichaje\nque rond\u00f3 cerca de los 5 Millones de d\u00f3lares y que, con s\u00f3lo 17 jornadas\nmostrando su f\u00fatbol, apunta para ser una de las mejores contrataciones felinas\nde los \u00faltimos a\u00f1os. <\/p>\n\n\n\n<p>Y t\u00fa, \u00bfc\u00f3mo calificar\u00edas la compra y el rendimiento de &#8216;JuanPi&#8217; Vig\u00f3n?<\/p>\n\n\n\n<p><\/p>\n\n\n\n<p><\/p>\n\n\n<p><script async=\"\" src=\"https:\/\/pagead2.googlesyndication.com\/pagead\/js\/adsbygoogle.js\"><\/script><br \/>\n<!-- PC 728x90 --><br \/>\n<ins class=\"adsbygoogle\" style=\"display:inline-block;width:728px;height:90px\" data-ad-client=\"ca-pub-9427576701762839\" data-ad-slot=\"1011393878\"><\/ins><br \/>\n<script>\n(adsbygoogle = window.adsbygoogle || []).push({});\n<\/script><\/p>\n\n\n\n<p><\/p>\n\n\n\n<p><\/p>\n\n\n\n\n\n<p><\/p>\n\n\n\n<p><\/p>\n\n\n<p><script async=\"\" src=\"https:\/\/pagead2.googlesyndication.com\/pagead\/js\/adsbygoogle.js\"><\/script><br \/>\n<!-- PC 728x90 --><br \/>\n<ins class=\"adsbygoogle\" style=\"display:inline-block;width:728px;height:90px\" data-ad-client=\"ca-pub-9427576701762839\" data-ad-slot=\"1011393878\"><\/ins><br \/>\n<script>\n(adsbygoogle = window.adsbygoogle || []).push({});\n<\/script><\/p>\n","protected":false},"excerpt":{"rendered":"<p>Por Jair L\u00f3pez | Twitter: @JairLpez01 El pasado mercado de verano, Tigres sum\u00f3 un refuerzo de \u00faltimo momento en el famoso Draft, un fichaje que ilusion\u00f3 poco a la afici\u00f3n y que no acapar\u00f3 tantos reflectores como Florian Thauvin, jugador que tambi\u00e9n se sum\u00f3 al plantel en aquellos meses. S\u00ed, hablamos de Juan Pablo Vig\u00f3n,&#8230; <\/p>\n<div class=\"clear\"><\/div>\n<p><a href=\"https:\/\/latribunera.com\/apuntes\/index.php\/2021\/11\/14\/juan-pablo-vigon-el-fichaje-discreto\/\" class=\"excerpt-read-more\">Read More<i class=\"fa fa-caret-right icon-caret-right\"><\/i><\/a><\/p>\n","protected":false},"author":41,"featured_media":24987,"comment_status":"open","ping_status":"open","sticky":false,"template":"","format":"standard","meta":{"_jetpack_memberships_contains_paid_content":false,"footnotes":""},"categories":[231,278],"tags":[74,102],"class_list":["post-24986","post","type-post","status-publish","format-standard","has-post-thumbnail","hentry","category-apuntes","category-solotigres","tag-liga-mx","tag-tigres"],"jetpack_featured_media_url":"https:\/\/latribunera.com\/apuntes\/wp-content\/uploads\/2021\/11\/image00011.jpeg","jetpack-related-posts":[],"jetpack_sharing_enabled":true,"_links":{"self":[{"href":"https:\/\/latribunera.com\/apuntes\/index.php\/wp-json\/wp\/v2\/posts\/24986","targetHints":{"allow":["GET"]}}],"collection":[{"href":"https:\/\/latribunera.com\/apuntes\/index.php\/wp-json\/wp\/v2\/posts"}],"about":[{"href":"https:\/\/latribunera.com\/apuntes\/index.php\/wp-json\/wp\/v2\/types\/post"}],"author":[{"embeddable":true,"href":"https:\/\/latribunera.com\/apuntes\/index.php\/wp-json\/wp\/v2\/users\/41"}],"replies":[{"embeddable":true,"href":"https:\/\/latribunera.com\/apuntes\/index.php\/wp-json\/wp\/v2\/comments?post=24986"}],"version-history":[{"count":3,"href":"https:\/\/latribunera.com\/apuntes\/index.php\/wp-json\/wp\/v2\/posts\/24986\/revisions"}],"predecessor-version":[{"id":24990,"href":"https:\/\/latribunera.com\/apuntes\/index.php\/wp-json\/wp\/v2\/posts\/24986\/revisions\/24990"}],"wp:featuredmedia":[{"embeddable":true,"href":"https:\/\/latribunera.com\/apuntes\/index.php\/wp-json\/wp\/v2\/media\/24987"}],"wp:attachment":[{"href":"https:\/\/latribunera.com\/apuntes\/index.php\/wp-json\/wp\/v2\/media?parent=24986"}],"wp:term":[{"taxonomy":"category","embeddable":true,"href":"https:\/\/latribunera.com\/apuntes\/index.php\/wp-json\/wp\/v2\/categories?post=24986"},{"taxonomy":"post_tag","embeddable":true,"href":"https:\/\/latribunera.com\/apuntes\/index.php\/wp-json\/wp\/v2\/tags?post=24986"}],"curies":[{"name":"wp","href":"https:\/\/api.w.org\/{rel}","templated":true}]}}