{"id":25228,"date":"2021-11-22T18:59:24","date_gmt":"2021-11-22T18:59:24","guid":{"rendered":"http:\/\/latribunera.com\/apuntes\/?p=25228"},"modified":"2021-11-22T18:59:26","modified_gmt":"2021-11-22T18:59:26","slug":"el-pecado-mortal-del-kikin","status":"publish","type":"post","link":"https:\/\/latribunera.com\/apuntes\/index.php\/2021\/11\/22\/el-pecado-mortal-del-kikin\/","title":{"rendered":"El pecado mortal del Kikin"},"content":{"rendered":"\n<p><\/p>\n\n\n\n<p><\/p>\n\n\n<p><script async src=\"https:\/\/pagead2.googlesyndication.com\/pagead\/js\/adsbygoogle.js\"><\/script><br \/>\n<!-- PC 728x90 --><br \/>\n<ins class=\"adsbygoogle\"\nstyle=\"display:inline-block;width:728px;height:90px\"\ndata-ad-client=\"ca-pub-9427576701762839\"\ndata-ad-slot=\"1011393878\"><\/ins><br \/>\n<script>\n(adsbygoogle = window.adsbygoogle || []).push({});\n<\/script><\/p>\n\n\n\n<p><\/p>\n\n\n\n<p><\/p>\n\n\n\n<p>Por\nVenustiano Carranza<\/p>\n\n\n\n<p>Entre el\na\u00f1o 2007 y el 2011, Francisco Fonseca visti\u00f3 la casaca de Tigres.<\/p>\n\n\n\n<p>En la\ncancha, el Kikin sol\u00eda entregarse, pero su rendimiento no fue tan bueno al\nsolamente lograr 16 goles en 116 partidos, cifras que, no terminaron de\nconvencer a la hinchada, quien lo podr\u00e1n recordar, pero no de forma muy grata.<\/p>\n\n\n\n<p>Adem\u00e1s, el\ndelantero cometi\u00f3 un pecado en plena Liguilla del Clausura 2007, as\u00ed lo record\u00f3\nFernando Su\u00e1rez Serna, el apodado Bandido, en el Podcast de Tigres, hecho que\nle quit\u00f3 mucha m\u00e1s credibilidad.<\/p>\n\n\n\n<p>\u201cCometi\u00f3 el pecado mortal de festejar como Thriller aquel penal en donde est\u00e1bamos eliminados y son momento y a lo mejor dices: si se la part\u00eda, meti\u00f3 muchos goles, pero de alguna forma toda historia est\u00e1 marcada por momentos y ese fue desgraciadamente para \u00e9l\u201d, dijo el escritor.<\/p>\n\n\n\n<p><\/p>\n\n\n\n<p><\/p>\n\n\n<p><script async src=\"https:\/\/pagead2.googlesyndication.com\/pagead\/js\/adsbygoogle.js\"><\/script><br \/>\n<!-- PC 728x90 --><br \/>\n<ins class=\"adsbygoogle\"\nstyle=\"display:inline-block;width:728px;height:90px\"\ndata-ad-client=\"ca-pub-9427576701762839\"\ndata-ad-slot=\"1011393878\"><\/ins><br \/>\n<script>\n(adsbygoogle = window.adsbygoogle || []).push({});\n<\/script><\/p>\n\n\n\n<p><\/p>\n\n\n\n<p><\/p>\n\n\n\n<figure class=\"wp-block-embed-youtube wp-block-embed is-type-video is-provider-youtube wp-embed-aspect-16-9 wp-has-aspect-ratio\"><div class=\"wp-block-embed__wrapper\">\n<iframe loading=\"lazy\" title=\"Fernando Suarezserna \u201cBandido Diamante\u201d | SoloTigres #9 | Entrevista\" width=\"960\" height=\"540\" src=\"https:\/\/www.youtube.com\/embed\/E45C48YKsqs?feature=oembed\" frameborder=\"0\" allow=\"accelerometer; autoplay; clipboard-write; encrypted-media; gyroscope; picture-in-picture\" allowfullscreen><\/iframe>\n<\/div><\/figure>\n\n\n\n<p><\/p>\n\n\n\n<p><\/p>\n\n\n<p><script async src=\"https:\/\/pagead2.googlesyndication.com\/pagead\/js\/adsbygoogle.js\"><\/script><br \/>\n<!-- PC 728x90 --><br \/>\n<ins class=\"adsbygoogle\"\nstyle=\"display:inline-block;width:728px;height:90px\"\ndata-ad-client=\"ca-pub-9427576701762839\"\ndata-ad-slot=\"1011393878\"><\/ins><br \/>\n<script>\n(adsbygoogle = window.adsbygoogle || []).push({});\n<\/script><\/p>\n","protected":false},"excerpt":{"rendered":"<p>Por Venustiano Carranza Entre el a\u00f1o 2007 y el 2011, Francisco Fonseca visti\u00f3 la casaca de Tigres. En la cancha, el Kikin sol\u00eda entregarse, pero su rendimiento no fue tan bueno al solamente lograr 16 goles en 116 partidos, cifras que, no terminaron de convencer a la hinchada, quien lo podr\u00e1n recordar, pero no de&#8230; <\/p>\n<div class=\"clear\"><\/div>\n<p><a href=\"https:\/\/latribunera.com\/apuntes\/index.php\/2021\/11\/22\/el-pecado-mortal-del-kikin\/\" class=\"excerpt-read-more\">Read More<i class=\"fa fa-caret-right icon-caret-right\"><\/i><\/a><\/p>\n","protected":false},"author":7,"featured_media":25229,"comment_status":"open","ping_status":"open","sticky":false,"template":"","format":"standard","meta":{"_jetpack_memberships_contains_paid_content":false,"footnotes":""},"categories":[231,233,314,743],"tags":[802,74,102],"class_list":["post-25228","post","type-post","status-publish","format-standard","has-post-thumbnail","hentry","category-apuntes","category-podcast","category-shows","category-solo-tigres-podcast","tag-francisco-fonseca","tag-liga-mx","tag-tigres"],"jetpack_featured_media_url":"https:\/\/latribunera.com\/apuntes\/wp-content\/uploads\/2021\/11\/Dise\u00f1o-sin-t\u00edtulo-3-1.jpg","jetpack-related-posts":[{"id":45478,"url":"https:\/\/latribunera.com\/apuntes\/index.php\/2026\/08\/11\/club-santos-laguna-ofrece-a-su-aficion-el-pack-vs-chivas-tigres\/","url_meta":{"origin":25228,"position":0},"title":"Club Santos Laguna ofrece a su afici\u00f3n el pack vs Chivas + Tigres","author":"Staff","date":"11 agosto, 2026","format":false,"excerpt":"\u2022 El paquete asegura dos de los tres partidos de mayor demanda del semestre y da acceso preferente a la venta ante Tigres. Club Santos Laguna ofrece a su afici\u00f3n el Pack Santos vs Chivas + Tigres, un paquete especial que permite asegurar el lugar en dos de los duelos\u2026","rel":"","context":"In &quot;Pasi\u00f3n Guerrera&quot;","block_context":{"text":"Pasi\u00f3n Guerrera","link":"https:\/\/latribunera.com\/apuntes\/index.php\/category\/tribus\/pasionguerrera\/"},"img":{"alt_text":"","src":"https:\/\/i0.wp.com\/latribunera.com\/apuntes\/wp-content\/uploads\/2026\/08\/IMG-20260810-WA0178.jpg?resize=350%2C200&ssl=1","width":350,"height":200,"srcset":"https:\/\/i0.wp.com\/latribunera.com\/apuntes\/wp-content\/uploads\/2026\/08\/IMG-20260810-WA0178.jpg?resize=350%2C200&ssl=1 1x, https:\/\/i0.wp.com\/latribunera.com\/apuntes\/wp-content\/uploads\/2026\/08\/IMG-20260810-WA0178.jpg?resize=525%2C300&ssl=1 1.5x, https:\/\/i0.wp.com\/latribunera.com\/apuntes\/wp-content\/uploads\/2026\/08\/IMG-20260810-WA0178.jpg?resize=700%2C400&ssl=1 2x, https:\/\/i0.wp.com\/latribunera.com\/apuntes\/wp-content\/uploads\/2026\/08\/IMG-20260810-WA0178.jpg?resize=1050%2C600&ssl=1 3x, https:\/\/i0.wp.com\/latribunera.com\/apuntes\/wp-content\/uploads\/2026\/08\/IMG-20260810-WA0178.jpg?resize=1400%2C800&ssl=1 4x"},"classes":[]},{"id":45502,"url":"https:\/\/latribunera.com\/apuntes\/index.php\/2026\/08\/25\/el-corona-se-prepara-para-una-noche-especial-ante-tigres\/","url_meta":{"origin":25228,"position":1},"title":"El Corona se prepara para una noche especial ante Tigres","author":"Staff","date":"25 agosto, 2026","format":false,"excerpt":"Un nuevo duelo en el Estadio Corona est\u00e1 cada vez m\u00e1s cerca y la afici\u00f3n santista se prepara para vivir una noche llena de emociones. Los Guerreros recibir\u00e1n a Tigres este s\u00e1bado 29 de agosto a las 21:10 horas, en partido correspondiente a la jornada 6 del Torneo Apertura 2026.\u2026","rel":"","context":"In &quot;Pasi\u00f3n Guerrera&quot;","block_context":{"text":"Pasi\u00f3n Guerrera","link":"https:\/\/latribunera.com\/apuntes\/index.php\/category\/tribus\/pasionguerrera\/"},"img":{"alt_text":"","src":"https:\/\/i0.wp.com\/latribunera.com\/apuntes\/wp-content\/uploads\/2026\/08\/Drones-TSM.jpg?resize=350%2C200&ssl=1","width":350,"height":200,"srcset":"https:\/\/i0.wp.com\/latribunera.com\/apuntes\/wp-content\/uploads\/2026\/08\/Drones-TSM.jpg?resize=350%2C200&ssl=1 1x, https:\/\/i0.wp.com\/latribunera.com\/apuntes\/wp-content\/uploads\/2026\/08\/Drones-TSM.jpg?resize=525%2C300&ssl=1 1.5x, https:\/\/i0.wp.com\/latribunera.com\/apuntes\/wp-content\/uploads\/2026\/08\/Drones-TSM.jpg?resize=700%2C400&ssl=1 2x, https:\/\/i0.wp.com\/latribunera.com\/apuntes\/wp-content\/uploads\/2026\/08\/Drones-TSM.jpg?resize=1050%2C600&ssl=1 3x, https:\/\/i0.wp.com\/latribunera.com\/apuntes\/wp-content\/uploads\/2026\/08\/Drones-TSM.jpg?resize=1400%2C800&ssl=1 4x"},"classes":[]},{"id":45513,"url":"https:\/\/latribunera.com\/apuntes\/index.php\/2026\/08\/26\/exguerreros-mandan-mensajes-de-apoyo-a-santos-laguna\/","url_meta":{"origin":25228,"position":2},"title":"Exguerreros mandan mensajes de apoyo a Santos Laguna","author":"Staff","date":"26 agosto, 2026","format":false,"excerpt":"Exjugadores santistas comenzaron a manifestar su apoyo al Club Santos Laguna a trav\u00e9s de sus redes sociales, destacando la participaci\u00f3n de futbolistas de diferentes etapas en la historia de la instituci\u00f3n, recordados con mucho cari\u00f1o por la afici\u00f3n Guerrera y varios de ellos campeones con Santos Laguna. Entre quienes han\u2026","rel":"","context":"In &quot;Pasi\u00f3n Guerrera&quot;","block_context":{"text":"Pasi\u00f3n Guerrera","link":"https:\/\/latribunera.com\/apuntes\/index.php\/category\/tribus\/pasionguerrera\/"},"img":{"alt_text":"","src":"https:\/\/i0.wp.com\/latribunera.com\/apuntes\/wp-content\/uploads\/2026\/08\/Redes-Ex-Guerreros.jpg?resize=350%2C200&ssl=1","width":350,"height":200,"srcset":"https:\/\/i0.wp.com\/latribunera.com\/apuntes\/wp-content\/uploads\/2026\/08\/Redes-Ex-Guerreros.jpg?resize=350%2C200&ssl=1 1x, https:\/\/i0.wp.com\/latribunera.com\/apuntes\/wp-content\/uploads\/2026\/08\/Redes-Ex-Guerreros.jpg?resize=525%2C300&ssl=1 1.5x, https:\/\/i0.wp.com\/latribunera.com\/apuntes\/wp-content\/uploads\/2026\/08\/Redes-Ex-Guerreros.jpg?resize=700%2C400&ssl=1 2x, https:\/\/i0.wp.com\/latribunera.com\/apuntes\/wp-content\/uploads\/2026\/08\/Redes-Ex-Guerreros.jpg?resize=1050%2C600&ssl=1 3x, https:\/\/i0.wp.com\/latribunera.com\/apuntes\/wp-content\/uploads\/2026\/08\/Redes-Ex-Guerreros.jpg?resize=1400%2C800&ssl=1 4x"},"classes":[]},{"id":45489,"url":"https:\/\/latribunera.com\/apuntes\/index.php\/2026\/08\/14\/santos-laguna-invita-a-su-aficion-a-pintar-de-verde-el-corona-ante-chivas\/","url_meta":{"origin":25228,"position":3},"title":"Santos Laguna invita a su afici\u00f3n a pintar de verde el Corona ante Chivas.","author":"Staff","date":"14 agosto, 2026","format":false,"excerpt":"\u2022 Los Guerreros regresan a casa con el envi\u00f3n an\u00edmico de su triunfo ante Philadelphia Union y buscar\u00e1n, junto a su afici\u00f3n, su primera victoria del Apertura 2026. Luego de cerrar su participaci\u00f3n en la Leagues Cup 2026 con una victoria de 2 a 0 sobre Philadelphia Union en el\u2026","rel":"","context":"In &quot;Liga MX&quot;","block_context":{"text":"Liga MX","link":"https:\/\/latribunera.com\/apuntes\/index.php\/category\/futbol\/futbol-mexicano\/"},"img":{"alt_text":"","src":"https:\/\/i0.wp.com\/latribunera.com\/apuntes\/wp-content\/uploads\/2026\/08\/IMG-20260814-WA0041.jpg?resize=350%2C200&ssl=1","width":350,"height":200,"srcset":"https:\/\/i0.wp.com\/latribunera.com\/apuntes\/wp-content\/uploads\/2026\/08\/IMG-20260814-WA0041.jpg?resize=350%2C200&ssl=1 1x, https:\/\/i0.wp.com\/latribunera.com\/apuntes\/wp-content\/uploads\/2026\/08\/IMG-20260814-WA0041.jpg?resize=525%2C300&ssl=1 1.5x, https:\/\/i0.wp.com\/latribunera.com\/apuntes\/wp-content\/uploads\/2026\/08\/IMG-20260814-WA0041.jpg?resize=700%2C400&ssl=1 2x, https:\/\/i0.wp.com\/latribunera.com\/apuntes\/wp-content\/uploads\/2026\/08\/IMG-20260814-WA0041.jpg?resize=1050%2C600&ssl=1 3x, https:\/\/i0.wp.com\/latribunera.com\/apuntes\/wp-content\/uploads\/2026\/08\/IMG-20260814-WA0041.jpg?resize=1400%2C800&ssl=1 4x"},"classes":[]},{"id":45455,"url":"https:\/\/latribunera.com\/apuntes\/index.php\/2026\/07\/20\/club-santos-laguna-impulsa-el-futuro-de-la-laguna-con-inversion-en-infraestructura\/","url_meta":{"origin":25228,"position":4},"title":"Club Santos Laguna impulsa el futuro de la laguna con inversi\u00f3n en infraestructura","author":"Staff","date":"20 julio, 2026","format":false,"excerpt":"En los \u00faltimos ocho meses, el Club ha destinado 75 millones de pesos a la modernizaci\u00f3n de Territorio Santos Modelo y el Estadio Corona. Los proyectos fortalecen la experiencia de aficionados, jugadores, colaboradores y socios comerciales, adem\u00e1s de generar un importante impacto econ\u00f3mico en la regi\u00f3n. Club Santos Laguna contin\u00faa\u2026","rel":"","context":"In &quot;Liga MX&quot;","block_context":{"text":"Liga MX","link":"https:\/\/latribunera.com\/apuntes\/index.php\/category\/futbol\/futbol-mexicano\/"},"img":{"alt_text":"","src":"https:\/\/i0.wp.com\/latribunera.com\/apuntes\/wp-content\/uploads\/2026\/07\/e60fc472-db6f-4c99-80aa-c65e7754feb1.jpg?resize=350%2C200&ssl=1","width":350,"height":200,"srcset":"https:\/\/i0.wp.com\/latribunera.com\/apuntes\/wp-content\/uploads\/2026\/07\/e60fc472-db6f-4c99-80aa-c65e7754feb1.jpg?resize=350%2C200&ssl=1 1x, https:\/\/i0.wp.com\/latribunera.com\/apuntes\/wp-content\/uploads\/2026\/07\/e60fc472-db6f-4c99-80aa-c65e7754feb1.jpg?resize=525%2C300&ssl=1 1.5x, https:\/\/i0.wp.com\/latribunera.com\/apuntes\/wp-content\/uploads\/2026\/07\/e60fc472-db6f-4c99-80aa-c65e7754feb1.jpg?resize=700%2C400&ssl=1 2x, https:\/\/i0.wp.com\/latribunera.com\/apuntes\/wp-content\/uploads\/2026\/07\/e60fc472-db6f-4c99-80aa-c65e7754feb1.jpg?resize=1050%2C600&ssl=1 3x, https:\/\/i0.wp.com\/latribunera.com\/apuntes\/wp-content\/uploads\/2026\/07\/e60fc472-db6f-4c99-80aa-c65e7754feb1.jpg?resize=1400%2C800&ssl=1 4x"},"classes":[]},{"id":45386,"url":"https:\/\/latribunera.com\/apuntes\/index.php\/2026\/03\/11\/santos-launa-impulsa-mejoras-en-la-infraestructura-de-tsm-y-estadio-corona\/","url_meta":{"origin":25228,"position":5},"title":"Santos Laguna impulsa mejoras en la infraestructura de TSM y Estadio Corona","author":"Jacob Alarcon","date":"11 marzo, 2026","format":false,"excerpt":"Club Santos Laguna lleva a cabo una serie de reformas y mejoras en la infraestructura de TerritorioSantos Modelo y del Estadio Corona, con el objetivo de impulsar la innovaci\u00f3n tecnol\u00f3gica, lasostenibilidad y la modernizaci\u00f3n de sus espacios.Con estas acciones, el club contin\u00faa fortaleciendo la experiencia de sus aficionados yactualizando sus\u2026","rel":"","context":"In &quot;Pasi\u00f3n Guerrera&quot;","block_context":{"text":"Pasi\u00f3n Guerrera","link":"https:\/\/latribunera.com\/apuntes\/index.php\/category\/tribus\/pasionguerrera\/"},"img":{"alt_text":"","src":"https:\/\/i0.wp.com\/latribunera.com\/apuntes\/wp-content\/uploads\/2026\/03\/Renovacion-TSM.jpg?resize=350%2C200&ssl=1","width":350,"height":200,"srcset":"https:\/\/i0.wp.com\/latribunera.com\/apuntes\/wp-content\/uploads\/2026\/03\/Renovacion-TSM.jpg?resize=350%2C200&ssl=1 1x, https:\/\/i0.wp.com\/latribunera.com\/apuntes\/wp-content\/uploads\/2026\/03\/Renovacion-TSM.jpg?resize=525%2C300&ssl=1 1.5x, https:\/\/i0.wp.com\/latribunera.com\/apuntes\/wp-content\/uploads\/2026\/03\/Renovacion-TSM.jpg?resize=700%2C400&ssl=1 2x, https:\/\/i0.wp.com\/latribunera.com\/apuntes\/wp-content\/uploads\/2026\/03\/Renovacion-TSM.jpg?resize=1050%2C600&ssl=1 3x, https:\/\/i0.wp.com\/latribunera.com\/apuntes\/wp-content\/uploads\/2026\/03\/Renovacion-TSM.jpg?resize=1400%2C800&ssl=1 4x"},"classes":[]}],"jetpack_sharing_enabled":true,"_links":{"self":[{"href":"https:\/\/latribunera.com\/apuntes\/index.php\/wp-json\/wp\/v2\/posts\/25228","targetHints":{"allow":["GET"]}}],"collection":[{"href":"https:\/\/latribunera.com\/apuntes\/index.php\/wp-json\/wp\/v2\/posts"}],"about":[{"href":"https:\/\/latribunera.com\/apuntes\/index.php\/wp-json\/wp\/v2\/types\/post"}],"author":[{"embeddable":true,"href":"https:\/\/latribunera.com\/apuntes\/index.php\/wp-json\/wp\/v2\/users\/7"}],"replies":[{"embeddable":true,"href":"https:\/\/latribunera.com\/apuntes\/index.php\/wp-json\/wp\/v2\/comments?post=25228"}],"version-history":[{"count":2,"href":"https:\/\/latribunera.com\/apuntes\/index.php\/wp-json\/wp\/v2\/posts\/25228\/revisions"}],"predecessor-version":[{"id":25231,"href":"https:\/\/latribunera.com\/apuntes\/index.php\/wp-json\/wp\/v2\/posts\/25228\/revisions\/25231"}],"wp:featuredmedia":[{"embeddable":true,"href":"https:\/\/latribunera.com\/apuntes\/index.php\/wp-json\/wp\/v2\/media\/25229"}],"wp:attachment":[{"href":"https:\/\/latribunera.com\/apuntes\/index.php\/wp-json\/wp\/v2\/media?parent=25228"}],"wp:term":[{"taxonomy":"category","embeddable":true,"href":"https:\/\/latribunera.com\/apuntes\/index.php\/wp-json\/wp\/v2\/categories?post=25228"},{"taxonomy":"post_tag","embeddable":true,"href":"https:\/\/latribunera.com\/apuntes\/index.php\/wp-json\/wp\/v2\/tags?post=25228"}],"curies":[{"name":"wp","href":"https:\/\/api.w.org\/{rel}","templated":true}]}}