{"id":25330,"date":"2021-11-24T02:36:00","date_gmt":"2021-11-24T02:36:00","guid":{"rendered":"http:\/\/latribunera.com\/apuntes\/?p=25330"},"modified":"2021-11-24T02:36:02","modified_gmt":"2021-11-24T02:36:02","slug":"rogelio-funes-mori-no-rehuye-a-la-responsabilidad-de-ser-protagonistas-de-la-liguilla","status":"publish","type":"post","link":"https:\/\/latribunera.com\/apuntes\/index.php\/2021\/11\/24\/rogelio-funes-mori-no-rehuye-a-la-responsabilidad-de-ser-protagonistas-de-la-liguilla\/","title":{"rendered":"Rogelio Funes Mori no reh\u00faye a la responsabilidad de ser protagonistas de la Liguilla"},"content":{"rendered":"\n<p><\/p>\n\n\n\n<p><\/p>\n\n\n<p><script async src=\"https:\/\/pagead2.googlesyndication.com\/pagead\/js\/adsbygoogle.js\"><\/script><br \/>\n<!-- PC 728x90 --><br \/>\n<ins class=\"adsbygoogle\"\nstyle=\"display:inline-block;width:728px;height:90px\"\ndata-ad-client=\"ca-pub-9427576701762839\"\ndata-ad-slot=\"1011393878\"><\/ins><br \/>\n<script>\n(adsbygoogle = window.adsbygoogle || []).push({});\n<\/script><\/p>\n\n\n\n<p><\/p>\n\n\n\n<p><\/p>\n\n\n\n<p><strong>Por Jair L\u00f3pez | Twitter: @JairLpez01 <\/strong><\/p>\n\n\n\n<p>Rayados y\nAtlas se enfrentar\u00e1n este mi\u00e9rcoles en la Ida por los Cuartos de Final, donde\nla escuadra regiomontana buscar\u00e1 sumar una ventaja importante en su cancha para\ncerrar sin tanta presi\u00f3n en el Estadio Jalisco. <\/p>\n\n\n\n<p>En la\nprevia al duelo, Rogelio Funes Mori, el hist\u00f3rico goleador de los Rayados,\ndeclar\u00f3 respecto a la dura serie que vivir\u00e1 su equipo.<\/p>\n\n\n\n<p>\u201cSabemos\nque somos un equipo competitivo, desde que me toc\u00f3 llegar a Monterrey esa es la\nidea del club, ser protagonista en todos los torneos. Sabemos que nos vamos a\nenfrentar a un Atlas que hizo un torneo muy bueno, donde hizo un gran f\u00fatbol,\nhicieron muchos puntos. <\/p>\n\n\n\n<p>\u201cSomos un\nequipo fuerte, un equipo que tiene muy buenos jugadores, y la exigencia es\nestar a la altura de los partidos importantes, ya estamos en la fiesta grande y\nahora nos toca Atlas que es un equipo que viene muy bien\u201d, dijo el Mellizo.<\/p>\n\n\n\n<p>Funes\nasegur\u00f3 que la local\u00eda en el cotejo de ida ser\u00e1 de vital importancia para el \u00e1nimo\ndel equipo. <\/p>\n\n\n\n<p>\u201cSiempre\naprovechar nuestra local\u00eda, nuestra cancha, nuestra gente, es importante.\nMa\u00f1ana vamos a salir a ganar, la verdad que no tenemos otra cosa en mente que\nsalir a ganar. Hemos venido de menos a m\u00e1s y eso es importante, que cada uno de\nlos muchachos nos vayamos sintiendo bien. El d\u00eda de ma\u00f1ana queremos ganar, y\nllevarnos un resultado muy importante\u201d, afirm\u00f3 el delantero. <\/p>\n\n\n\n<p>Por \u00faltimo,\nse le cuestion\u00f3 al naturalizado mexicano sobre si tiene en la mira el superar a\nHumberto Suazo como m\u00e1ximo anotador albiazul en liguillas, a lo que &#8216;El Melli&#8217;\ncoment\u00f3: <\/p>\n\n\n\n<p>\u201cSinceramente\nno sigo mucho las estad\u00edsticas, siempre quiero hacer lo mejor para el club,\npara mis compa\u00f1eros, para el cuerpo t\u00e9cnico, yo obviamente siempre quiero hacer\ngoles y siempre quiero hacer las cosas bien, para m\u00ed y para seguir exigi\u00e9ndome\nquerer estar ac\u00e1, y como siempre digo, las estad\u00edsticas no las veo mucho y\nsiempre quiero lo mejor para el equipo para m\u00ed\u201d, manifest\u00f3 Rogelio. <\/p>\n\n\n\n<p>\u00bfLograr\u00e1 Rayados una ventaja importante ante el conjunto tapat\u00edo?<\/p>\n\n\n\n<p><\/p>\n\n\n\n<p><\/p>\n\n\n<p><script async src=\"https:\/\/pagead2.googlesyndication.com\/pagead\/js\/adsbygoogle.js\"><\/script><br \/>\n<!-- PC 728x90 --><br \/>\n<ins class=\"adsbygoogle\"\nstyle=\"display:inline-block;width:728px;height:90px\"\ndata-ad-client=\"ca-pub-9427576701762839\"\ndata-ad-slot=\"1011393878\"><\/ins><br \/>\n<script>\n(adsbygoogle = window.adsbygoogle || []).push({});\n<\/script><\/p>\n","protected":false},"excerpt":{"rendered":"<p>Por Jair L\u00f3pez | Twitter: @JairLpez01 Rayados y Atlas se enfrentar\u00e1n este mi\u00e9rcoles en la Ida por los Cuartos de Final, donde la escuadra regiomontana buscar\u00e1 sumar una ventaja importante en su cancha para cerrar sin tanta presi\u00f3n en el Estadio Jalisco. En la previa al duelo, Rogelio Funes Mori, el hist\u00f3rico goleador de los&#8230; <\/p>\n<div class=\"clear\"><\/div>\n<p><a href=\"https:\/\/latribunera.com\/apuntes\/index.php\/2021\/11\/24\/rogelio-funes-mori-no-rehuye-a-la-responsabilidad-de-ser-protagonistas-de-la-liguilla\/\" class=\"excerpt-read-more\">Read More<i class=\"fa fa-caret-right icon-caret-right\"><\/i><\/a><\/p>\n","protected":false},"author":41,"featured_media":25331,"comment_status":"open","ping_status":"open","sticky":false,"template":"","format":"standard","meta":{"_jetpack_memberships_contains_paid_content":false,"footnotes":""},"categories":[231,277],"tags":[74,269,6],"class_list":["post-25330","post","type-post","status-publish","format-standard","has-post-thumbnail","hentry","category-apuntes","category-zonarayada","tag-liga-mx","tag-liguilla","tag-rayados"],"jetpack_featured_media_url":"https:\/\/latribunera.com\/apuntes\/wp-content\/uploads\/2021\/11\/Dise\u00f1o-sin-t\u00edtulo-3-3.jpg","jetpack-related-posts":[{"id":45392,"url":"https:\/\/latribunera.com\/apuntes\/index.php\/2026\/04\/09\/se-presento-la-13va-edicion-del-guerreton\/","url_meta":{"origin":25330,"position":0},"title":"Se presento la 13va edici\u00f3n del Guerret\u00f3n.","author":"Staff","date":"9 abril, 2026","format":false,"excerpt":"A lo largo de sus primeras 12 ediciones, Guerret\u00f3n ha logrado recolectar m\u00e1s de 121,500juguetes, peluches y balones, beneficiando a diversas asociaciones e instituciones de laregi\u00f3n lagunera, entre ellas CRIT Durango, los sistemas DIF de distintos municipios, as\u00edcomo organizaciones educativas y asistenciales. A la fecha, se han instalado cuatro ludotecas\u2026","rel":"","context":"In &quot;Ganar Sirviendo&quot;","block_context":{"text":"Ganar Sirviendo","link":"https:\/\/latribunera.com\/apuntes\/index.php\/category\/futbol\/futbol-mexicano\/ganar-sirviendo\/"},"img":{"alt_text":"","src":"https:\/\/i0.wp.com\/latribunera.com\/apuntes\/wp-content\/uploads\/2026\/04\/9Guerreton-2026-2.jpg.jpeg?resize=350%2C200&ssl=1","width":350,"height":200,"srcset":"https:\/\/i0.wp.com\/latribunera.com\/apuntes\/wp-content\/uploads\/2026\/04\/9Guerreton-2026-2.jpg.jpeg?resize=350%2C200&ssl=1 1x, https:\/\/i0.wp.com\/latribunera.com\/apuntes\/wp-content\/uploads\/2026\/04\/9Guerreton-2026-2.jpg.jpeg?resize=525%2C300&ssl=1 1.5x, https:\/\/i0.wp.com\/latribunera.com\/apuntes\/wp-content\/uploads\/2026\/04\/9Guerreton-2026-2.jpg.jpeg?resize=700%2C400&ssl=1 2x, https:\/\/i0.wp.com\/latribunera.com\/apuntes\/wp-content\/uploads\/2026\/04\/9Guerreton-2026-2.jpg.jpeg?resize=1050%2C600&ssl=1 3x, https:\/\/i0.wp.com\/latribunera.com\/apuntes\/wp-content\/uploads\/2026\/04\/9Guerreton-2026-2.jpg.jpeg?resize=1400%2C800&ssl=1 4x"},"classes":[]}],"jetpack_sharing_enabled":true,"_links":{"self":[{"href":"https:\/\/latribunera.com\/apuntes\/index.php\/wp-json\/wp\/v2\/posts\/25330","targetHints":{"allow":["GET"]}}],"collection":[{"href":"https:\/\/latribunera.com\/apuntes\/index.php\/wp-json\/wp\/v2\/posts"}],"about":[{"href":"https:\/\/latribunera.com\/apuntes\/index.php\/wp-json\/wp\/v2\/types\/post"}],"author":[{"embeddable":true,"href":"https:\/\/latribunera.com\/apuntes\/index.php\/wp-json\/wp\/v2\/users\/41"}],"replies":[{"embeddable":true,"href":"https:\/\/latribunera.com\/apuntes\/index.php\/wp-json\/wp\/v2\/comments?post=25330"}],"version-history":[{"count":2,"href":"https:\/\/latribunera.com\/apuntes\/index.php\/wp-json\/wp\/v2\/posts\/25330\/revisions"}],"predecessor-version":[{"id":25333,"href":"https:\/\/latribunera.com\/apuntes\/index.php\/wp-json\/wp\/v2\/posts\/25330\/revisions\/25333"}],"wp:featuredmedia":[{"embeddable":true,"href":"https:\/\/latribunera.com\/apuntes\/index.php\/wp-json\/wp\/v2\/media\/25331"}],"wp:attachment":[{"href":"https:\/\/latribunera.com\/apuntes\/index.php\/wp-json\/wp\/v2\/media?parent=25330"}],"wp:term":[{"taxonomy":"category","embeddable":true,"href":"https:\/\/latribunera.com\/apuntes\/index.php\/wp-json\/wp\/v2\/categories?post=25330"},{"taxonomy":"post_tag","embeddable":true,"href":"https:\/\/latribunera.com\/apuntes\/index.php\/wp-json\/wp\/v2\/tags?post=25330"}],"curies":[{"name":"wp","href":"https:\/\/api.w.org\/{rel}","templated":true}]}}