{"id":25354,"date":"2021-11-24T18:18:44","date_gmt":"2021-11-24T18:18:44","guid":{"rendered":"http:\/\/latribunera.com\/apuntes\/?p=25354"},"modified":"2021-11-24T18:22:26","modified_gmt":"2021-11-24T18:22:26","slug":"uno-si-el-otro-no","status":"publish","type":"post","link":"https:\/\/latribunera.com\/apuntes\/index.php\/2021\/11\/24\/uno-si-el-otro-no\/","title":{"rendered":"Uno si, el otro no"},"content":{"rendered":"\n<p><\/p>\n\n\n\n<p><\/p>\n\n\n<p><script async src=\"https:\/\/pagead2.googlesyndication.com\/pagead\/js\/adsbygoogle.js\"><\/script><br \/>\n<!-- PC 728x90 --><br \/>\n<ins class=\"adsbygoogle\"\nstyle=\"display:inline-block;width:728px;height:90px\"\ndata-ad-client=\"ca-pub-9427576701762839\"\ndata-ad-slot=\"1011393878\"><\/ins><br \/>\n<script>\n(adsbygoogle = window.adsbygoogle || []).push({});\n<\/script><\/p>\n\n\n\n<p><\/p>\n\n\n\n<p><\/p>\n\n\n\n<p>Las cosas van tomando rumbo para el duelo de Ida de los Cuartos de Final entre Club Santos y Tigres UANL.<\/p>\n\n\n\n<p>Hay una buena noticia y otra mal. Miguel Herrera ya dio las novedades previo a su viaje a Torre\u00f3n.<\/p>\n\n\n\n<p><\/p>\n\n\n\n<p><\/p>\n\n\n\n<figure class=\"wp-block-embed-twitter wp-block-embed is-type-rich is-provider-twitter\"><div class=\"wp-block-embed__wrapper\">\n<blockquote class=\"twitter-tweet\" data-width=\"550\" data-dnt=\"true\"><p lang=\"es\" dir=\"ltr\"><a href=\"https:\/\/twitter.com\/hashtag\/Tigres?src=hash&amp;ref_src=twsrc%5Etfw\">#Tigres<\/a> | REYES SI, PIZARRO NO<br><br>Miguel Herrera, DT felino, sobre los ajustes en la plantilla: <br><br>\u201cDiego (Reyes) viajar\u00e1, Guido (Pizarro) no, es muscular y lo vamos a dejar descansar para el domingo. Si no est\u00e1 uno, estar\u00e1 otro, as\u00ed fue en el torneo y hemos estado a la altura\u201d. <a href=\"https:\/\/t.co\/SKWXbR9pH3\">pic.twitter.com\/SKWXbR9pH3<\/a><\/p>&mdash; ONCE Diario (@oncediariomx) <a href=\"https:\/\/twitter.com\/oncediariomx\/status\/1463569554899144706?ref_src=twsrc%5Etfw\">November 24, 2021<\/a><\/blockquote><script async src=\"https:\/\/platform.twitter.com\/widgets.js\" charset=\"utf-8\"><\/script>\n<\/div><\/figure>\n\n\n\n<p><\/p>\n\n\n\n<p><\/p>\n\n\n\n<p>Si bien es cierto que la baja de Pizarro pegar\u00e1 y mucho en el equipo, tambi\u00e9n hay esperanza de poderlo ver el pr\u00f3ximo domingo en la cancha del Universitario.<\/p>\n\n\n\n<p><\/p>\n\n\n\n<p><\/p>\n\n\n<p><script async src=\"https:\/\/pagead2.googlesyndication.com\/pagead\/js\/adsbygoogle.js\"><\/script><br \/>\n<!-- PC 728x90 --><br \/>\n<ins class=\"adsbygoogle\"\nstyle=\"display:inline-block;width:728px;height:90px\"\ndata-ad-client=\"ca-pub-9427576701762839\"\ndata-ad-slot=\"1011393878\"><\/ins><br \/>\n<script>\n(adsbygoogle = window.adsbygoogle || []).push({});\n<\/script><\/p>\n","protected":false},"excerpt":{"rendered":"<p>Las cosas van tomando rumbo para el duelo de Ida de los Cuartos de Final entre Club Santos y Tigres UANL. Hay una buena noticia y otra mal. Miguel Herrera ya dio las novedades previo a su viaje a Torre\u00f3n. Si bien es cierto que la baja de Pizarro pegar\u00e1 y mucho en el equipo,&#8230; <\/p>\n<div class=\"clear\"><\/div>\n<p><a href=\"https:\/\/latribunera.com\/apuntes\/index.php\/2021\/11\/24\/uno-si-el-otro-no\/\" class=\"excerpt-read-more\">Read More<i class=\"fa fa-caret-right icon-caret-right\"><\/i><\/a><\/p>\n","protected":false},"author":22,"featured_media":25355,"comment_status":"open","ping_status":"open","sticky":false,"template":"","format":"standard","meta":{"_jetpack_memberships_contains_paid_content":false,"footnotes":""},"categories":[278],"tags":[616,365,389,298],"class_list":["post-25354","post","type-post","status-publish","format-standard","has-post-thumbnail","hentry","category-solotigres","tag-diego-reyes","tag-guido-pizarro","tag-miguel-herrera","tag-tigres-uanl"],"jetpack_featured_media_url":"https:\/\/latribunera.com\/apuntes\/wp-content\/uploads\/2021\/11\/noname-1.png","jetpack-related-posts":[],"jetpack_sharing_enabled":true,"_links":{"self":[{"href":"https:\/\/latribunera.com\/apuntes\/index.php\/wp-json\/wp\/v2\/posts\/25354","targetHints":{"allow":["GET"]}}],"collection":[{"href":"https:\/\/latribunera.com\/apuntes\/index.php\/wp-json\/wp\/v2\/posts"}],"about":[{"href":"https:\/\/latribunera.com\/apuntes\/index.php\/wp-json\/wp\/v2\/types\/post"}],"author":[{"embeddable":true,"href":"https:\/\/latribunera.com\/apuntes\/index.php\/wp-json\/wp\/v2\/users\/22"}],"replies":[{"embeddable":true,"href":"https:\/\/latribunera.com\/apuntes\/index.php\/wp-json\/wp\/v2\/comments?post=25354"}],"version-history":[{"count":3,"href":"https:\/\/latribunera.com\/apuntes\/index.php\/wp-json\/wp\/v2\/posts\/25354\/revisions"}],"predecessor-version":[{"id":25358,"href":"https:\/\/latribunera.com\/apuntes\/index.php\/wp-json\/wp\/v2\/posts\/25354\/revisions\/25358"}],"wp:featuredmedia":[{"embeddable":true,"href":"https:\/\/latribunera.com\/apuntes\/index.php\/wp-json\/wp\/v2\/media\/25355"}],"wp:attachment":[{"href":"https:\/\/latribunera.com\/apuntes\/index.php\/wp-json\/wp\/v2\/media?parent=25354"}],"wp:term":[{"taxonomy":"category","embeddable":true,"href":"https:\/\/latribunera.com\/apuntes\/index.php\/wp-json\/wp\/v2\/categories?post=25354"},{"taxonomy":"post_tag","embeddable":true,"href":"https:\/\/latribunera.com\/apuntes\/index.php\/wp-json\/wp\/v2\/tags?post=25354"}],"curies":[{"name":"wp","href":"https:\/\/api.w.org\/{rel}","templated":true}]}}