{"id":25481,"date":"2021-11-29T14:57:00","date_gmt":"2021-11-29T14:57:00","guid":{"rendered":"http:\/\/latribunera.com\/apuntes\/?p=25481"},"modified":"2021-12-01T14:13:20","modified_gmt":"2021-12-01T14:13:20","slug":"ser-eliminados-en-4tos-no-nos-tiene-nada-contentos-duilio-davino","status":"publish","type":"post","link":"https:\/\/latribunera.com\/apuntes\/index.php\/2021\/11\/29\/ser-eliminados-en-4tos-no-nos-tiene-nada-contentos-duilio-davino\/","title":{"rendered":"DUILIO DAVINO TRAS LA ELIMINACI\u00d3N RAYADA"},"content":{"rendered":"\n<p><\/p>\n\n\n\n<p><\/p>\n\n\n<p><script async=\"\" src=\"https:\/\/pagead2.googlesyndication.com\/pagead\/js\/adsbygoogle.js\"><\/script><br \/>\n<!-- PC 728x90 --><br \/>\n<ins class=\"adsbygoogle\" style=\"display:inline-block;width:728px;height:90px\" data-ad-client=\"ca-pub-9427576701762839\" data-ad-slot=\"1011393878\"><\/ins><br \/>\n<script>\n(adsbygoogle = window.adsbygoogle || []).push({});\n<\/script><\/p>\n\n\n\n<p><\/p>\n\n\n\n<p><\/p>\n\n\n\n<p><strong>Por Jair L\u00f3pez | Twitter: @JairLpez01<\/strong><\/p>\n\n\n\n<p>Tras lo ocurrido con los Rayados el pasado fin de semana donde fueron eliminados en 4tos de Final por el Atlas, Duilio Davino (Presidente Deportivo de la instituci\u00f3n) habl\u00f3 en conferencia de prensa para los medios de comunicaci\u00f3n y aficionados del club, realizando un an\u00e1lisis objetivo de lo que vivi\u00f3 su equipo a lo largo del semestre.<\/p>\n\n\n\n<p>Primero, el directivo Rayado meti\u00f3 las manos al fuego por su timonel Javier Aguirre, quien declar\u00f3 tener un plantel corto despu\u00e9s de ser eliminados de la Liguilla.<\/p>\n\n\n\n<p>&#8220;Platicando con Javier a lo que se refiere es que tuvimos muchas bajas por lesi\u00f3n y selecci\u00f3n, perdimos por muchos partidos a jugadores importantes, si quieren luego les compartir\u00e9 esa estad\u00edstica de la cantidad de partidos que se han perdido muchos jugadores, eso hizo que la competencia interna no fuera la planeada. Javier tambi\u00e9n est\u00e1 consciente de que la plantilla es suficiente, basta, y de las mejores de M\u00e9xico para competir e intentar ganar todos los torneos&#8221;, dijo Davino<\/p>\n\n\n\n<p>El dirigente tambi\u00e9n manifest\u00f3 su an\u00e1lisis de las diversas bajas por lesi\u00f3n que tuvo el plantel regio a lo largo del torneo.<\/p>\n\n\n\n<p>&#8220;Uno dif\u00edcilmente puede planear lesiones, por supuesto sab\u00edamos que perder\u00edamos jugadores por selecci\u00f3n que, para nosotros es un orgullo que jugadores nuestros est\u00e9n en selecci\u00f3n y siempre vamos a apoyar a la selecci\u00f3n, el tema es que tuvimos lesiones por carga de partidos que, eso dif\u00edcilmente se puede planear. En casi todos los momentos el equipo no pudo estar como se plane\u00f3, esto por supuesto que no es excusa. hoy, con la transformaci\u00f3n que ha tenido el club en los \u00faltimos a\u00f1os, salir campe\u00f3n de CONCACAF y ser eliminados en 4tos de Liga no nos tiene contentos, este club tiene mucha exigencia y por eso queremos ser cada vez mejores e intentar ganar todos los torneos&#8221;, declar\u00f3 Duilio.<\/p>\n\n\n\n<p>El alto mando de La Pandilla mostr\u00f3 e hizo evidente su descontento por la posici\u00f3n en la tabla en que result\u00f3 el equipo, aunque sigui\u00f3 resaltando la sobre carga de partidos que tuvieron muchos de sus futbolistas.<\/p>\n\n\n\n<p>&#8220;Al final nos dej\u00f3 fuera la posici\u00f3n en la tabla, este equipo no puede terminar en la posici\u00f3n que qued\u00f3 en la tabla, eso est\u00e1 clar\u00edsimo, el equipo tiene que quedar dentro de los primeros 4 y tiene que jugar mejor, eso se habl\u00f3 con Javier y el tambi\u00e9n est\u00e1 consciente de ello, y para eso ser\u00eda mejor tener a los jugadores m\u00e1s tiempo posible. Este a\u00f1o por el tema de la pandemia fue muy apretado, fechas FIFA triples, muchos partidos, muchos jugadores que no pudimos tener, pero no es excusa, no es excusa terminar en noveno y ser eliminados en 4tos de Final, es un fracaso para nosotros. Por otro lado, estamos muy contentos que hoy fue el sorteo (Mundial de Clubes) y que viene un lindo evento en febrero al cual aspiramos ilusionados para poderlo ganar&#8221;, afirm\u00f3.<\/p>\n\n\n\n<p>Davino realiz\u00f3 una autocr\u00edtica de lo que para \u00e9l fue el estilo de juego mostrado por el equipo, donde manifest\u00f3 no estar nada contento con la din\u00e1mica del conjunto Rayado en muchos partidos del campeonato.<\/p>\n\n\n\n<p>&#8220;Por momentos los Rayados nos sentimos bien representados, me parece que en todo el torneo de CONCACAF y en Liga por algunos momentos, tenemos que mejorar much\u00edsimo y seguir trabajando en eso. No podemos quedar en la posici\u00f3n que quedamos, dejamos muchos puntos en el camino, en alg\u00fan momento ven\u00edamos bastante bien y despu\u00e9s apostamos todo a la Conca porque era el momento, en ese descuido de la Liga terminamos en una posici\u00f3n que nos deja eliminados. Es importante seguir trabajando en quedar lo m\u00e1s alto posible en la tabla, darle importancia a cada partido ll\u00e1mese como se llame el rival y no s\u00f3lo contra los equipos importantes,  despu\u00e9s sin duda seguir contagiando y mejorando el f\u00fatbol que, tambi\u00e9n tenemos mucho trabajo por hacer&#8221;, concluy\u00f3 el Presidente.<\/p>\n\n\n\n<p>\u00bfEst\u00e1s de acuerdo con su an\u00e1lisis?<\/p>\n","protected":false},"excerpt":{"rendered":"<p>Por Jair L\u00f3pez | Twitter: @JairLpez01 Tras lo ocurrido con los Rayados el pasado fin de semana donde fueron eliminados en 4tos de Final por el Atlas, Duilio Davino (Presidente Deportivo de la instituci\u00f3n) habl\u00f3 en conferencia de prensa para los medios de comunicaci\u00f3n y aficionados del club, realizando un an\u00e1lisis objetivo de lo que&#8230; <\/p>\n<div class=\"clear\"><\/div>\n<p><a href=\"https:\/\/latribunera.com\/apuntes\/index.php\/2021\/11\/29\/ser-eliminados-en-4tos-no-nos-tiene-nada-contentos-duilio-davino\/\" class=\"excerpt-read-more\">Read More<i class=\"fa fa-caret-right icon-caret-right\"><\/i><\/a><\/p>\n","protected":false},"author":41,"featured_media":25495,"comment_status":"open","ping_status":"open","sticky":false,"template":"","format":"standard","meta":{"_jetpack_memberships_contains_paid_content":false,"footnotes":""},"categories":[231,277],"tags":[74,6],"class_list":["post-25481","post","type-post","status-publish","format-standard","has-post-thumbnail","hentry","category-apuntes","category-zonarayada","tag-liga-mx","tag-rayados"],"jetpack_featured_media_url":"https:\/\/latribunera.com\/apuntes\/wp-content\/uploads\/2021\/11\/Dise\u00f1o-sin-t\u00edtulo-36.jpg","jetpack-related-posts":[{"id":45392,"url":"https:\/\/latribunera.com\/apuntes\/index.php\/2026\/04\/09\/se-presento-la-13va-edicion-del-guerreton\/","url_meta":{"origin":25481,"position":0},"title":"Se presento la 13va edici\u00f3n del Guerret\u00f3n.","author":"Staff","date":"9 abril, 2026","format":false,"excerpt":"A lo largo de sus primeras 12 ediciones, Guerret\u00f3n ha logrado recolectar m\u00e1s de 121,500juguetes, peluches y balones, beneficiando a diversas asociaciones e instituciones de laregi\u00f3n lagunera, entre ellas CRIT Durango, los sistemas DIF de distintos municipios, as\u00edcomo organizaciones educativas y asistenciales. A la fecha, se han instalado cuatro ludotecas\u2026","rel":"","context":"In &quot;Ganar Sirviendo&quot;","block_context":{"text":"Ganar Sirviendo","link":"https:\/\/latribunera.com\/apuntes\/index.php\/category\/futbol\/futbol-mexicano\/ganar-sirviendo\/"},"img":{"alt_text":"","src":"https:\/\/i0.wp.com\/latribunera.com\/apuntes\/wp-content\/uploads\/2026\/04\/9Guerreton-2026-2.jpg.jpeg?resize=350%2C200&ssl=1","width":350,"height":200,"srcset":"https:\/\/i0.wp.com\/latribunera.com\/apuntes\/wp-content\/uploads\/2026\/04\/9Guerreton-2026-2.jpg.jpeg?resize=350%2C200&ssl=1 1x, https:\/\/i0.wp.com\/latribunera.com\/apuntes\/wp-content\/uploads\/2026\/04\/9Guerreton-2026-2.jpg.jpeg?resize=525%2C300&ssl=1 1.5x, https:\/\/i0.wp.com\/latribunera.com\/apuntes\/wp-content\/uploads\/2026\/04\/9Guerreton-2026-2.jpg.jpeg?resize=700%2C400&ssl=1 2x, https:\/\/i0.wp.com\/latribunera.com\/apuntes\/wp-content\/uploads\/2026\/04\/9Guerreton-2026-2.jpg.jpeg?resize=1050%2C600&ssl=1 3x, https:\/\/i0.wp.com\/latribunera.com\/apuntes\/wp-content\/uploads\/2026\/04\/9Guerreton-2026-2.jpg.jpeg?resize=1400%2C800&ssl=1 4x"},"classes":[]}],"jetpack_sharing_enabled":true,"_links":{"self":[{"href":"https:\/\/latribunera.com\/apuntes\/index.php\/wp-json\/wp\/v2\/posts\/25481","targetHints":{"allow":["GET"]}}],"collection":[{"href":"https:\/\/latribunera.com\/apuntes\/index.php\/wp-json\/wp\/v2\/posts"}],"about":[{"href":"https:\/\/latribunera.com\/apuntes\/index.php\/wp-json\/wp\/v2\/types\/post"}],"author":[{"embeddable":true,"href":"https:\/\/latribunera.com\/apuntes\/index.php\/wp-json\/wp\/v2\/users\/41"}],"replies":[{"embeddable":true,"href":"https:\/\/latribunera.com\/apuntes\/index.php\/wp-json\/wp\/v2\/comments?post=25481"}],"version-history":[{"count":5,"href":"https:\/\/latribunera.com\/apuntes\/index.php\/wp-json\/wp\/v2\/posts\/25481\/revisions"}],"predecessor-version":[{"id":25536,"href":"https:\/\/latribunera.com\/apuntes\/index.php\/wp-json\/wp\/v2\/posts\/25481\/revisions\/25536"}],"wp:featuredmedia":[{"embeddable":true,"href":"https:\/\/latribunera.com\/apuntes\/index.php\/wp-json\/wp\/v2\/media\/25495"}],"wp:attachment":[{"href":"https:\/\/latribunera.com\/apuntes\/index.php\/wp-json\/wp\/v2\/media?parent=25481"}],"wp:term":[{"taxonomy":"category","embeddable":true,"href":"https:\/\/latribunera.com\/apuntes\/index.php\/wp-json\/wp\/v2\/categories?post=25481"},{"taxonomy":"post_tag","embeddable":true,"href":"https:\/\/latribunera.com\/apuntes\/index.php\/wp-json\/wp\/v2\/tags?post=25481"}],"curies":[{"name":"wp","href":"https:\/\/api.w.org\/{rel}","templated":true}]}}