{"id":25723,"date":"2021-12-05T13:42:25","date_gmt":"2021-12-05T13:42:25","guid":{"rendered":"http:\/\/latribunera.com\/apuntes\/?p=25723"},"modified":"2021-12-05T13:57:11","modified_gmt":"2021-12-05T13:57:11","slug":"gignac-es-tendencia-y-no-por-su-cumpleanos","status":"publish","type":"post","link":"https:\/\/latribunera.com\/apuntes\/index.php\/2021\/12\/05\/gignac-es-tendencia-y-no-por-su-cumpleanos\/","title":{"rendered":"Gignac es tendencia y no por su cumplea\u00f1os"},"content":{"rendered":"\n<p><\/p>\n\n\n\n<p><\/p>\n\n\n<p><script async=\"\" src=\"https:\/\/pagead2.googlesyndication.com\/pagead\/js\/adsbygoogle.js\"><\/script><br \/>\n<!-- PC 728x90 --><br \/>\n<ins class=\"adsbygoogle\" style=\"display:inline-block;width:728px;height:90px\" data-ad-client=\"ca-pub-9427576701762839\" data-ad-slot=\"1011393878\"><\/ins><br \/>\n<script>\n(adsbygoogle = window.adsbygoogle || []).push({});\n<\/script><\/p>\n\n\n\n<p><\/p>\n\n\n\n<p><\/p>\n\n\n\n<p>Por\nVenustiano Carranza<\/p>\n\n\n\n<p>Este\ndomingo, Andr\u00e9-Pierre Gignac est\u00e1 cumpliendo 36 a\u00f1os <\/p>\n\n\n\n<p>Lamentablemente\npara el franc\u00e9s su aniversario lleg\u00f3 justo horas despu\u00e9s de la eliminaci\u00f3n de\nTigres del Apertura 2021.<\/p>\n\n\n\n<p>Hoy amanecimos con el Bomboro como tendencia en Redes Sociales, pero no por su aniversario sino por haberse visto en vuelto en una acalorada discusi\u00f3n con el m\u00e9dico de la Liga MX.<\/p>\n\n\n\n<p><\/p>\n\n\n\n<p><\/p>\n\n\n<p><script async=\"\" src=\"https:\/\/pagead2.googlesyndication.com\/pagead\/js\/adsbygoogle.js\"><\/script><br \/>\n<!-- PC 728x90 --><br \/>\n<ins class=\"adsbygoogle\" style=\"display:inline-block;width:728px;height:90px\" data-ad-client=\"ca-pub-9427576701762839\" data-ad-slot=\"1011393878\"><\/ins><br \/>\n<script>\n(adsbygoogle = window.adsbygoogle || []).push({});\n<\/script><\/p>\n\n\n\n<p><\/p>\n\n\n\n<p><\/p>\n\n\n\n<p>El\ndelantero galo en el duelo ante Le\u00f3n protagoniz\u00f3 una fuerte discusi\u00f3n con Armando\nRuiz, el doctor de la Liga MX, quien estaba ah\u00ed para cumplir los protocolos de\nconmociones cerebrales. &nbsp;<\/p>\n\n\n\n<p>Gignac se\nmolest\u00f3 porque no dejaban regresar a su compa\u00f1ero Juan S\u00e1nchez Purata.<\/p>\n\n\n\n<p>En fin, el\nnombre de Gignac estar\u00e1 presente todo el domingo.<\/p>\n\n\n\n<p>Ya que baje la calentura del juego, sus hinchas lo felicitar\u00e1n y reconocer\u00e1n el gran talento que tiene y que lo ha puesto a la disposici\u00f3n del equipo nicolaita.<\/p>\n\n\n\n<p><\/p>\n\n\n\n<figure class=\"wp-block-embed-twitter wp-block-embed is-type-rich is-provider-twitter\"><div class=\"wp-block-embed__wrapper\">\n<blockquote class=\"twitter-tweet\" data-width=\"550\" data-dnt=\"true\"><p lang=\"es\" dir=\"ltr\">Platiqu\u00e9 con el Dr Armando Ruiz, neurocirujano presente en el juego, tuvo que aguantar los insultos de Gignac debido a que estaba haciendo su trabajo al revisar a uno de sus compa\u00f1eros (S\u00e1nchez Purata) el franc\u00e9s le reclam\u00f3 fuertemente por no haberle permitido seguir \ud83d\ude35 <a href=\"https:\/\/t.co\/OSPRxW40uH\">pic.twitter.com\/OSPRxW40uH<\/a><\/p>&mdash; Juan Carlos Zamora (@JCZamora07) <a href=\"https:\/\/twitter.com\/JCZamora07\/status\/1467344195987849219?ref_src=twsrc%5Etfw\">December 5, 2021<\/a><\/blockquote><script async src=\"https:\/\/platform.twitter.com\/widgets.js\" charset=\"utf-8\"><\/script>\n<\/div><\/figure>\n\n\n\n<p><\/p>\n\n\n\n<p><\/p>\n\n\n\n<figure class=\"wp-block-embed-youtube wp-block-embed is-type-video is-provider-youtube wp-embed-aspect-16-9 wp-has-aspect-ratio\"><div class=\"wp-block-embed__wrapper\">\n<iframe loading=\"lazy\" title=\"Jes\u00fas Blanco Duran | SoloTigres #10 | Entrevista\" width=\"960\" height=\"540\" src=\"https:\/\/www.youtube.com\/embed\/0L9MIYcmp8o?feature=oembed\" frameborder=\"0\" allow=\"accelerometer; autoplay; clipboard-write; encrypted-media; gyroscope; picture-in-picture\" allowfullscreen><\/iframe>\n<\/div><\/figure>\n\n\n\n<p><\/p>\n\n\n\n<p><\/p>\n\n\n<p><script async=\"\" src=\"https:\/\/pagead2.googlesyndication.com\/pagead\/js\/adsbygoogle.js\"><\/script><br \/>\n<!-- PC 728x90 --><br \/>\n<ins class=\"adsbygoogle\" style=\"display:inline-block;width:728px;height:90px\" data-ad-client=\"ca-pub-9427576701762839\" data-ad-slot=\"1011393878\"><\/ins><br \/>\n<script>\n(adsbygoogle = window.adsbygoogle || []).push({});\n<\/script><\/p>\n\n\n\n<p><\/p>\n\n\n\n<p><\/p>\n\n\n\n<figure class=\"wp-block-embed-youtube wp-block-embed is-type-video is-provider-youtube wp-embed-aspect-16-9 wp-has-aspect-ratio\"><div class=\"wp-block-embed__wrapper\">\n<iframe loading=\"lazy\" title=\"BRONCA DE MIGUEL HERRERA EN EL LE\u00d3N VS TIGRES DE LAS SEMIFINALES\" width=\"960\" height=\"540\" src=\"https:\/\/www.youtube.com\/embed\/kDYX8aEFmbQ?feature=oembed\" frameborder=\"0\" allow=\"accelerometer; autoplay; clipboard-write; encrypted-media; gyroscope; picture-in-picture\" allowfullscreen><\/iframe>\n<\/div><\/figure>\n","protected":false},"excerpt":{"rendered":"<p>Por Venustiano Carranza Este domingo, Andr\u00e9-Pierre Gignac est\u00e1 cumpliendo 36 a\u00f1os Lamentablemente para el franc\u00e9s su aniversario lleg\u00f3 justo horas despu\u00e9s de la eliminaci\u00f3n de Tigres del Apertura 2021. Hoy amanecimos con el Bomboro como tendencia en Redes Sociales, pero no por su aniversario sino por haberse visto en vuelto en una acalorada discusi\u00f3n con&#8230; <\/p>\n<div class=\"clear\"><\/div>\n<p><a href=\"https:\/\/latribunera.com\/apuntes\/index.php\/2021\/12\/05\/gignac-es-tendencia-y-no-por-su-cumpleanos\/\" class=\"excerpt-read-more\">Read More<i class=\"fa fa-caret-right icon-caret-right\"><\/i><\/a><\/p>\n","protected":false},"author":7,"featured_media":25724,"comment_status":"open","ping_status":"open","sticky":false,"template":"","format":"standard","meta":{"_jetpack_memberships_contains_paid_content":false,"footnotes":""},"categories":[231,278],"tags":[299,102],"class_list":["post-25723","post","type-post","status-publish","format-standard","has-post-thumbnail","hentry","category-apuntes","category-solotigres","tag-gignac","tag-tigres"],"jetpack_featured_media_url":"https:\/\/latribunera.com\/apuntes\/wp-content\/uploads\/2021\/12\/Dise\u00f1o-sin-t\u00edtulo-19.jpg","jetpack-related-posts":[],"jetpack_sharing_enabled":true,"_links":{"self":[{"href":"https:\/\/latribunera.com\/apuntes\/index.php\/wp-json\/wp\/v2\/posts\/25723","targetHints":{"allow":["GET"]}}],"collection":[{"href":"https:\/\/latribunera.com\/apuntes\/index.php\/wp-json\/wp\/v2\/posts"}],"about":[{"href":"https:\/\/latribunera.com\/apuntes\/index.php\/wp-json\/wp\/v2\/types\/post"}],"author":[{"embeddable":true,"href":"https:\/\/latribunera.com\/apuntes\/index.php\/wp-json\/wp\/v2\/users\/7"}],"replies":[{"embeddable":true,"href":"https:\/\/latribunera.com\/apuntes\/index.php\/wp-json\/wp\/v2\/comments?post=25723"}],"version-history":[{"count":4,"href":"https:\/\/latribunera.com\/apuntes\/index.php\/wp-json\/wp\/v2\/posts\/25723\/revisions"}],"predecessor-version":[{"id":25735,"href":"https:\/\/latribunera.com\/apuntes\/index.php\/wp-json\/wp\/v2\/posts\/25723\/revisions\/25735"}],"wp:featuredmedia":[{"embeddable":true,"href":"https:\/\/latribunera.com\/apuntes\/index.php\/wp-json\/wp\/v2\/media\/25724"}],"wp:attachment":[{"href":"https:\/\/latribunera.com\/apuntes\/index.php\/wp-json\/wp\/v2\/media?parent=25723"}],"wp:term":[{"taxonomy":"category","embeddable":true,"href":"https:\/\/latribunera.com\/apuntes\/index.php\/wp-json\/wp\/v2\/categories?post=25723"},{"taxonomy":"post_tag","embeddable":true,"href":"https:\/\/latribunera.com\/apuntes\/index.php\/wp-json\/wp\/v2\/tags?post=25723"}],"curies":[{"name":"wp","href":"https:\/\/api.w.org\/{rel}","templated":true}]}}