{"id":26113,"date":"2021-12-18T19:38:54","date_gmt":"2021-12-18T19:38:54","guid":{"rendered":"http:\/\/latribunera.com\/apuntes\/?p=26113"},"modified":"2021-12-18T19:39:22","modified_gmt":"2021-12-18T19:39:22","slug":"sorpresas-en-la-uefa-womens-champions-league","status":"publish","type":"post","link":"https:\/\/latribunera.com\/apuntes\/index.php\/2021\/12\/18\/sorpresas-en-la-uefa-womens-champions-league\/","title":{"rendered":"\u00a1Sorpresas en la UEFA Women\u2019s Champions League!"},"content":{"rendered":"\n<p><\/p>\n\n\n\n<p><\/p>\n\n\n<p><script async=\"\" src=\"https:\/\/pagead2.googlesyndication.com\/pagead\/js\/adsbygoogle.js\"><\/script><br \/>\n<!-- PC 728x90 --><br \/>\n<ins class=\"adsbygoogle\" style=\"display:inline-block;width:728px;height:90px\" data-ad-client=\"ca-pub-9427576701762839\" data-ad-slot=\"1011393878\"><\/ins><br \/>\n<script>\n(adsbygoogle = window.adsbygoogle || []).push({});\n<\/script><\/p>\n\n\n\n<p><\/p>\n\n\n\n<p><\/p>\n\n\n\n<p>Se ha\ndisputado la \u00faltima jornada de la fase de grupos de la UWCL. Una fecha\nescandalosa, que deja fuera a las subcampeonas y genera duda en torno a las\ncontendientes al t\u00edtulo. En este sentido, quienes se esperaba fueran l\u00edderes\ndel grupo A, han sido eliminadas de manera inesperada en la \u00faltima fecha.<\/p>\n\n\n\n<p>Frente al\nWolfsburg, las dirigidas por Emma Heyes cayeron cuatro por cero en Alemania.\nLas W\u00f6lfinnen, quienes parec\u00edan disputar la segunda plaza del grupo contra la\nJuventus, terminaron por demostrar su categor\u00eda. Sobre el final del a\u00f1o,\nWolfsburg muestra un futbol m\u00e1s agresivo y pragm\u00e1tico, siendo lo m\u00e1s optimista\nla juventud de su plantilla. De esa manera, no solo aseguraron su pase a\nCuartos de Final, sino tambi\u00e9n el liderato del grupo. Como consecuencia, aunado\nla victoria de las italianas, las de Tur\u00edn firman su continuidad en la\ncompetici\u00f3n.<\/p>\n\n\n\n<p>Sin duda, un resultado inesperado, que suma pol\u00e9mica tras las declaraciones de Heyes, quien en conferencia de prensa asegur\u00f3 que dos jugadoras del Chelsea han participado en el encuentro con s\u00edntomas de COVID-19. La gravedad de su salud y la confirmaci\u00f3n del n\u00famero de contagios en el vestuario sigue sin trascender, pero, en el contexto en el que han sido dadas tales declaraciones, pareciera que la directora t\u00e9cnica de la Blues ha carecido de delicadeza para gestionar y tratar el tema.<\/p>\n\n\n\n<p><\/p>\n\n\n\n<p><\/p>\n\n\n<p><script async=\"\" src=\"https:\/\/pagead2.googlesyndication.com\/pagead\/js\/adsbygoogle.js\"><\/script><br \/>\n<!-- PC 728x90 --><br \/>\n<ins class=\"adsbygoogle\" style=\"display:inline-block;width:728px;height:90px\" data-ad-client=\"ca-pub-9427576701762839\" data-ad-slot=\"1011393878\"><\/ins><br \/>\n<script>\n(adsbygoogle = window.adsbygoogle || []).push({});\n<\/script><\/p>\n\n\n\n<p><\/p>\n\n\n\n<p><\/p>\n\n\n\n<p>En el grupo B,\ndesde un par de jornadas atr\u00e1s, tanto PSG como el Real Madrid, hab\u00edan asegurado\nsu pase a Cuartos de final. Dos clubes que, de manera anticipada, apuntaban a\nencabezar el grupo compartido con el Breidablik y el Kharkiv, a quienes han\nvencido respectivamente. Mientras las parisinas son un equipo de mayor\nexperiencia, con un perfil competitivo, las Merengues han debutado en esta\ntemporada superando las expectativas en su juego.<\/p>\n\n\n\n<p>No cabe duda\nque, el Real Madrid y las noches de Champions comparten una magia \u00fanica, que\nhace a las madrile\u00f1as so\u00f1ar con algo m\u00e1s. Sin embargo, es otro equipo espa\u00f1ol\nel absoluto dominador de este torneo, ya que, tanto en lo colectivo como en lo\nindividual, el Barcelona resuena como el favorito a repetir el t\u00edtulo. R\u00f6lfo parece cada\npartido m\u00e1s c\u00f3moda con el esquema, mientras Putellas no deja de tener\nactuaciones estelares. Caso similar al de la neerlandesa, Lieke Martens, quien\ndespu\u00e9s de ser galardonada como la Golden Player del a\u00f1o, ha pintado un gol\nmagistral ante el Koge. <\/p>\n\n\n\n<p>Sensaciones\nmuy distintas a las que deja el Arsenal, que ha perdido su encuentro ante\nHoffenheim, pero ha logrado avanzar gracias a la diferencia de goles, en buena\nmedida, anotados por el cuadro blaugrana. De esta manera, las Gunners siguen\nhilando derrotas para cerrar el a\u00f1o con m\u00e1s dudas que certezas sobre la segunda\nmitad del calendario futbol\u00edstico. Finalmente, el en grupo D, Lyon y Bayern han\ngoleado cuatro por cero a sus rivales, despidiendo al Benfica y al Hacken. Las\nmulticampeonas empiezan a recobrar sus mayores virtudes, con Ada Hegerberg\nliderando esa transici\u00f3n que, la temporada pasada, le cost\u00f3 al Lyon quedarse\nfuera de la lucha por el campeonato. En su lugar, las b\u00e1varas, cierran la fase\nde grupos sumando confianza y eficacia, apostando por superar lo hecho hace un\na\u00f1o. <\/p>\n\n\n\n<p>A\u00f1adir que, el pr\u00f3ximo 20 de diciembre se llevar\u00e1 a cabo el sorteo de cuartos, que se disputaran a finales de marzo, con las posibilidades de ver un Cl\u00e1sico Espa\u00f1ol entre Bar\u00e7a y Real, o uno alem\u00e1n, entre Bayern y Wolfsburg. <\/p>\n\n\n\n<p><\/p>\n\n\n\n<p><\/p>\n\n\n<p><script async=\"\" src=\"https:\/\/pagead2.googlesyndication.com\/pagead\/js\/adsbygoogle.js\"><\/script><br \/>\n<!-- PC 728x90 --><br \/>\n<ins class=\"adsbygoogle\" style=\"display:inline-block;width:728px;height:90px\" data-ad-client=\"ca-pub-9427576701762839\" data-ad-slot=\"1011393878\"><\/ins><br \/>\n<script>\n(adsbygoogle = window.adsbygoogle || []).push({});\n<\/script><\/p>\n","protected":false},"excerpt":{"rendered":"<p>Se ha disputado la \u00faltima jornada de la fase de grupos de la UWCL. Una fecha escandalosa, que deja fuera a las subcampeonas y genera duda en torno a las contendientes al t\u00edtulo. En este sentido, quienes se esperaba fueran l\u00edderes del grupo A, han sido eliminadas de manera inesperada en la \u00faltima fecha. Frente&#8230; <\/p>\n<div class=\"clear\"><\/div>\n<p><a href=\"https:\/\/latribunera.com\/apuntes\/index.php\/2021\/12\/18\/sorpresas-en-la-uefa-womens-champions-league\/\" class=\"excerpt-read-more\">Read More<i class=\"fa fa-caret-right icon-caret-right\"><\/i><\/a><\/p>\n","protected":false},"author":17,"featured_media":26114,"comment_status":"open","ping_status":"open","sticky":false,"template":"","format":"standard","meta":{"_jetpack_memberships_contains_paid_content":false,"footnotes":""},"categories":[231,281],"tags":[436],"class_list":["post-26113","post","type-post","status-publish","format-standard","has-post-thumbnail","hentry","category-apuntes","category-mujerfutbol","tag-futbol-internacional"],"jetpack_featured_media_url":"https:\/\/latribunera.com\/apuntes\/wp-content\/uploads\/2021\/12\/Dise\u00f1o-sin-t\u00edtulo-49.jpg","jetpack-related-posts":[{"id":45386,"url":"https:\/\/latribunera.com\/apuntes\/index.php\/2026\/03\/11\/santos-launa-impulsa-mejoras-en-la-infraestructura-de-tsm-y-estadio-corona\/","url_meta":{"origin":26113,"position":0},"title":"Santos Laguna impulsa mejoras en la infraestructura de TSM y Estadio Corona","author":"Jacob Alarcon","date":"11 marzo, 2026","format":false,"excerpt":"Club Santos Laguna lleva a cabo una serie de reformas y mejoras en la infraestructura de TerritorioSantos Modelo y del Estadio Corona, con el objetivo de impulsar la innovaci\u00f3n tecnol\u00f3gica, lasostenibilidad y la modernizaci\u00f3n de sus espacios.Con estas acciones, el club contin\u00faa fortaleciendo la experiencia de sus aficionados yactualizando sus\u2026","rel":"","context":"In &quot;Pasi\u00f3n Guerrera&quot;","block_context":{"text":"Pasi\u00f3n Guerrera","link":"https:\/\/latribunera.com\/apuntes\/index.php\/category\/tribus\/pasionguerrera\/"},"img":{"alt_text":"","src":"https:\/\/i0.wp.com\/latribunera.com\/apuntes\/wp-content\/uploads\/2026\/03\/Renovacion-TSM.jpg?resize=350%2C200&ssl=1","width":350,"height":200,"srcset":"https:\/\/i0.wp.com\/latribunera.com\/apuntes\/wp-content\/uploads\/2026\/03\/Renovacion-TSM.jpg?resize=350%2C200&ssl=1 1x, https:\/\/i0.wp.com\/latribunera.com\/apuntes\/wp-content\/uploads\/2026\/03\/Renovacion-TSM.jpg?resize=525%2C300&ssl=1 1.5x, https:\/\/i0.wp.com\/latribunera.com\/apuntes\/wp-content\/uploads\/2026\/03\/Renovacion-TSM.jpg?resize=700%2C400&ssl=1 2x, https:\/\/i0.wp.com\/latribunera.com\/apuntes\/wp-content\/uploads\/2026\/03\/Renovacion-TSM.jpg?resize=1050%2C600&ssl=1 3x, https:\/\/i0.wp.com\/latribunera.com\/apuntes\/wp-content\/uploads\/2026\/03\/Renovacion-TSM.jpg?resize=1400%2C800&ssl=1 4x"},"classes":[]},{"id":45392,"url":"https:\/\/latribunera.com\/apuntes\/index.php\/2026\/04\/09\/se-presento-la-13va-edicion-del-guerreton\/","url_meta":{"origin":26113,"position":1},"title":"Se presento la 13va edici\u00f3n del Guerret\u00f3n.","author":"Staff","date":"9 abril, 2026","format":false,"excerpt":"A lo largo de sus primeras 12 ediciones, Guerret\u00f3n ha logrado recolectar m\u00e1s de 121,500juguetes, peluches y balones, beneficiando a diversas asociaciones e instituciones de laregi\u00f3n lagunera, entre ellas CRIT Durango, los sistemas DIF de distintos municipios, as\u00edcomo organizaciones educativas y asistenciales. A la fecha, se han instalado cuatro ludotecas\u2026","rel":"","context":"In &quot;Ganar Sirviendo&quot;","block_context":{"text":"Ganar Sirviendo","link":"https:\/\/latribunera.com\/apuntes\/index.php\/category\/futbol\/futbol-mexicano\/ganar-sirviendo\/"},"img":{"alt_text":"","src":"https:\/\/i0.wp.com\/latribunera.com\/apuntes\/wp-content\/uploads\/2026\/04\/9Guerreton-2026-2.jpg.jpeg?resize=350%2C200&ssl=1","width":350,"height":200,"srcset":"https:\/\/i0.wp.com\/latribunera.com\/apuntes\/wp-content\/uploads\/2026\/04\/9Guerreton-2026-2.jpg.jpeg?resize=350%2C200&ssl=1 1x, https:\/\/i0.wp.com\/latribunera.com\/apuntes\/wp-content\/uploads\/2026\/04\/9Guerreton-2026-2.jpg.jpeg?resize=525%2C300&ssl=1 1.5x, https:\/\/i0.wp.com\/latribunera.com\/apuntes\/wp-content\/uploads\/2026\/04\/9Guerreton-2026-2.jpg.jpeg?resize=700%2C400&ssl=1 2x, https:\/\/i0.wp.com\/latribunera.com\/apuntes\/wp-content\/uploads\/2026\/04\/9Guerreton-2026-2.jpg.jpeg?resize=1050%2C600&ssl=1 3x, https:\/\/i0.wp.com\/latribunera.com\/apuntes\/wp-content\/uploads\/2026\/04\/9Guerreton-2026-2.jpg.jpeg?resize=1400%2C800&ssl=1 4x"},"classes":[]}],"jetpack_sharing_enabled":true,"_links":{"self":[{"href":"https:\/\/latribunera.com\/apuntes\/index.php\/wp-json\/wp\/v2\/posts\/26113","targetHints":{"allow":["GET"]}}],"collection":[{"href":"https:\/\/latribunera.com\/apuntes\/index.php\/wp-json\/wp\/v2\/posts"}],"about":[{"href":"https:\/\/latribunera.com\/apuntes\/index.php\/wp-json\/wp\/v2\/types\/post"}],"author":[{"embeddable":true,"href":"https:\/\/latribunera.com\/apuntes\/index.php\/wp-json\/wp\/v2\/users\/17"}],"replies":[{"embeddable":true,"href":"https:\/\/latribunera.com\/apuntes\/index.php\/wp-json\/wp\/v2\/comments?post=26113"}],"version-history":[{"count":3,"href":"https:\/\/latribunera.com\/apuntes\/index.php\/wp-json\/wp\/v2\/posts\/26113\/revisions"}],"predecessor-version":[{"id":26117,"href":"https:\/\/latribunera.com\/apuntes\/index.php\/wp-json\/wp\/v2\/posts\/26113\/revisions\/26117"}],"wp:featuredmedia":[{"embeddable":true,"href":"https:\/\/latribunera.com\/apuntes\/index.php\/wp-json\/wp\/v2\/media\/26114"}],"wp:attachment":[{"href":"https:\/\/latribunera.com\/apuntes\/index.php\/wp-json\/wp\/v2\/media?parent=26113"}],"wp:term":[{"taxonomy":"category","embeddable":true,"href":"https:\/\/latribunera.com\/apuntes\/index.php\/wp-json\/wp\/v2\/categories?post=26113"},{"taxonomy":"post_tag","embeddable":true,"href":"https:\/\/latribunera.com\/apuntes\/index.php\/wp-json\/wp\/v2\/tags?post=26113"}],"curies":[{"name":"wp","href":"https:\/\/api.w.org\/{rel}","templated":true}]}}