{"id":27082,"date":"2022-01-08T05:04:47","date_gmt":"2022-01-08T05:04:47","guid":{"rendered":"http:\/\/latribunera.com\/apuntes\/?p=27082"},"modified":"2022-01-08T05:04:50","modified_gmt":"2022-01-08T05:04:50","slug":"nicolas-freire-puma-hasta-2025","status":"publish","type":"post","link":"https:\/\/latribunera.com\/apuntes\/index.php\/2022\/01\/08\/nicolas-freire-puma-hasta-2025\/","title":{"rendered":"Nicol\u00e1s Freire, Puma hasta 2025"},"content":{"rendered":"\n<p><\/p>\n\n\n\n<p><\/p>\n\n\n<p><script async src=\"https:\/\/pagead2.googlesyndication.com\/pagead\/js\/adsbygoogle.js\"><\/script><br \/>\n<!-- PC 728x90 --><br \/>\n<ins class=\"adsbygoogle\"\nstyle=\"display:inline-block;width:728px;height:90px\"\ndata-ad-client=\"ca-pub-9427576701762839\"\ndata-ad-slot=\"1011393878\"><\/ins><br \/>\n<script>\n(adsbygoogle = window.adsbygoogle || []).push({});\n<\/script><\/p>\n\n\n\n<p><\/p>\n\n\n\n<p><\/p>\n\n\n\n<p>Por Mauricio Ponce<\/p>\n\n\n\n<p>Nicol\u00e1s\nFreire renov\u00f3 con los Pumas de la UNAM hasta 2025.<\/p>\n\n\n\n<p>Pese\na los rumores sobre una posible salida del argentino del cuadro universitario,\nel central sudamericano finalmente decidi\u00f3 renovar con los capitalinos por tres\na\u00f1os m\u00e1s. <\/p>\n\n\n\n<p>\u00a0Freire lleg\u00f3 en el torneo Apertura 2019 tras la salida del espa\u00f1ol Alejandro Arribas y ha logrado convertirse en un referente de la zaga de la UNAM, siendo titular indiscutible en el cuadro dirigido por Andr\u00e9s Lillini.<\/p>\n\n\n\n<p><\/p>\n\n\n\n<p><\/p>\n\n\n\n<figure class=\"wp-block-embed-twitter wp-block-embed is-type-rich is-provider-twitter\"><div class=\"wp-block-embed__wrapper\">\n<blockquote class=\"twitter-tweet\" data-width=\"550\" data-dnt=\"true\"><p lang=\"es\" dir=\"ltr\">\u270d\ufe0f Nicol\u00e1s Freire \u27a1\ufe0f 2\u20e30\u20e32\u20e35\u20e3<br><br>Nuestro defensa ha ampliado su vinculaci\u00f3n con nuestros Pumas. \ud83d\udc3e<br><br>\u00a1A seguir defendiendo nuestros colores! <a href=\"https:\/\/twitter.com\/hashtag\/ComoDebeSer?src=hash&amp;ref_src=twsrc%5Etfw\">#ComoDebeSer<\/a> <a href=\"https:\/\/twitter.com\/hashtag\/SoyDePumas?src=hash&amp;ref_src=twsrc%5Etfw\">#SoyDePumas<\/a> <a href=\"https:\/\/t.co\/Q6EF9pKlPq\">pic.twitter.com\/Q6EF9pKlPq<\/a><\/p>&mdash; PUMAS (@PumasMX) <a href=\"https:\/\/twitter.com\/PumasMX\/status\/1479535388209278976?ref_src=twsrc%5Etfw\">January 7, 2022<\/a><\/blockquote><script async src=\"https:\/\/platform.twitter.com\/widgets.js\" charset=\"utf-8\"><\/script>\n<\/div><\/figure>\n\n\n\n<p><\/p>\n\n\n\n<p><\/p>\n\n\n<p><script async src=\"https:\/\/pagead2.googlesyndication.com\/pagead\/js\/adsbygoogle.js\"><\/script><br \/>\n<!-- PC 728x90 --><br \/>\n<ins class=\"adsbygoogle\"\nstyle=\"display:inline-block;width:728px;height:90px\"\ndata-ad-client=\"ca-pub-9427576701762839\"\ndata-ad-slot=\"1011393878\"><\/ins><br \/>\n<script>\n(adsbygoogle = window.adsbygoogle || []).push({});\n<\/script><\/p>\n\n\n\n<p><\/p>\n\n\n\n<p><\/p>\n","protected":false},"excerpt":{"rendered":"<p>Por Mauricio Ponce Nicol\u00e1s Freire renov\u00f3 con los Pumas de la UNAM hasta 2025. Pese a los rumores sobre una posible salida del argentino del cuadro universitario, el central sudamericano finalmente decidi\u00f3 renovar con los capitalinos por tres a\u00f1os m\u00e1s. \u00a0Freire lleg\u00f3 en el torneo Apertura 2019 tras la salida del espa\u00f1ol Alejandro Arribas y&#8230; <\/p>\n<div class=\"clear\"><\/div>\n<p><a href=\"https:\/\/latribunera.com\/apuntes\/index.php\/2022\/01\/08\/nicolas-freire-puma-hasta-2025\/\" class=\"excerpt-read-more\">Read More<i class=\"fa fa-caret-right icon-caret-right\"><\/i><\/a><\/p>\n","protected":false},"author":4,"featured_media":27083,"comment_status":"open","ping_status":"open","sticky":false,"template":"","format":"standard","meta":{"_jetpack_memberships_contains_paid_content":false,"footnotes":""},"categories":[231,2],"tags":[74,123,202],"class_list":["post-27082","post","type-post","status-publish","format-standard","has-post-thumbnail","hentry","category-apuntes","category-futbol-mexicano","tag-liga-mx","tag-pumas","tag-unam"],"jetpack_featured_media_url":"https:\/\/latribunera.com\/apuntes\/wp-content\/uploads\/2022\/01\/Dise\u00f1o-sin-t\u00edtulo-1-24.jpg","jetpack-related-posts":[],"jetpack_sharing_enabled":true,"_links":{"self":[{"href":"https:\/\/latribunera.com\/apuntes\/index.php\/wp-json\/wp\/v2\/posts\/27082","targetHints":{"allow":["GET"]}}],"collection":[{"href":"https:\/\/latribunera.com\/apuntes\/index.php\/wp-json\/wp\/v2\/posts"}],"about":[{"href":"https:\/\/latribunera.com\/apuntes\/index.php\/wp-json\/wp\/v2\/types\/post"}],"author":[{"embeddable":true,"href":"https:\/\/latribunera.com\/apuntes\/index.php\/wp-json\/wp\/v2\/users\/4"}],"replies":[{"embeddable":true,"href":"https:\/\/latribunera.com\/apuntes\/index.php\/wp-json\/wp\/v2\/comments?post=27082"}],"version-history":[{"count":2,"href":"https:\/\/latribunera.com\/apuntes\/index.php\/wp-json\/wp\/v2\/posts\/27082\/revisions"}],"predecessor-version":[{"id":27085,"href":"https:\/\/latribunera.com\/apuntes\/index.php\/wp-json\/wp\/v2\/posts\/27082\/revisions\/27085"}],"wp:featuredmedia":[{"embeddable":true,"href":"https:\/\/latribunera.com\/apuntes\/index.php\/wp-json\/wp\/v2\/media\/27083"}],"wp:attachment":[{"href":"https:\/\/latribunera.com\/apuntes\/index.php\/wp-json\/wp\/v2\/media?parent=27082"}],"wp:term":[{"taxonomy":"category","embeddable":true,"href":"https:\/\/latribunera.com\/apuntes\/index.php\/wp-json\/wp\/v2\/categories?post=27082"},{"taxonomy":"post_tag","embeddable":true,"href":"https:\/\/latribunera.com\/apuntes\/index.php\/wp-json\/wp\/v2\/tags?post=27082"}],"curies":[{"name":"wp","href":"https:\/\/api.w.org\/{rel}","templated":true}]}}