{"id":28021,"date":"2022-01-19T10:31:00","date_gmt":"2022-01-19T10:31:00","guid":{"rendered":"http:\/\/latribunera.com\/apuntes\/?p=28021"},"modified":"2022-01-19T17:47:55","modified_gmt":"2022-01-19T17:47:55","slug":"vamos-a-darlo-todo-por-estar-en-la-final-del-mundial-de-clubes-esteban-andrada","status":"publish","type":"post","link":"https:\/\/latribunera.com\/apuntes\/index.php\/2022\/01\/19\/vamos-a-darlo-todo-por-estar-en-la-final-del-mundial-de-clubes-esteban-andrada\/","title":{"rendered":"La Final del Mundial de Clubes es el objetivo de Rayados"},"content":{"rendered":"\n<p><\/p>\n\n\n\n<p><\/p>\n\n\n<p><script async=\"\" src=\"https:\/\/pagead2.googlesyndication.com\/pagead\/js\/adsbygoogle.js\"><\/script><br \/>\n<!-- PC 728x90 --><br \/>\n<ins class=\"adsbygoogle\" style=\"display:inline-block;width:728px;height:90px\" data-ad-client=\"ca-pub-9427576701762839\" data-ad-slot=\"1011393878\"><\/ins><br \/>\n<script>\n(adsbygoogle = window.adsbygoogle || []).push({});\n<\/script><\/p>\n\n\n\n<p><\/p>\n\n\n\n<p><\/p>\n\n\n\n<p><strong>Por Jair L\u00f3pez | Twitter: @JairLpez01<\/strong><\/p>\n\n\n\n<p>Esta ma\u00f1ana, Esteban Andrada habl\u00f3 para los medios de comunicaci\u00f3n, exponiendo su an\u00e1lisis del inicio de certamen para Rayados, adem\u00e1s de comentar su situaci\u00f3n de jugar por primera vez un Mundial de Clubes, con eliminatorias en puerta.<\/p>\n\n\n\n<p>&#8220;Positivo el an\u00e1lisis en estas 2 fechas, hemos arrancado muy bien, defensivamente estamos muy solidos, con Quer\u00e9taro no pudimos convertir, caso contrario en la pasada fecha. Rescato mucho lo defensivo, es lo mas importante para un equipo, debes tener una solidez muy grande para que no te conviertan, tenemos jugadores de jerarqu\u00eda que en cualquier momento pueden abrir el marcador. Con Cruz Azul ser\u00e1 diferente, te van a proponer ataque y, sabemos que somos muy fuertes en el golpe por golpe&#8221;, dijo. <\/p>\n\n\n\n<p>Andrada se mostr\u00f3 muy contento de estar en Rayados y, dijo sentirse m\u00e1s que identificado con la afici\u00f3n.<\/p>\n\n\n\n<p>&#8220;Monterrey es un equipo muy grande en M\u00e9xico, con jugadores de jerarqu\u00eda, para pelear cosas importantes necesitamos estos jugadores. Tenemos una competencia muy importante con grandes jugadores, de otro nivel, tenemos que estar todos bien. La ayuda de (Luis) Romo y (Rodolfo) Pizarro que llegaron, van a sumar mucho al plantel, s\u00e9 que van a potenciar a todos. Uno siempre trata de estar bien, de darle seguridad al equipo, en estos 6 meses que llevo en Monterrey me siento muy identificado con la afici\u00f3n, con la gente, y sinceramente estoy muy contento&#8221;, afirm\u00f3.<\/p>\n\n\n\n<p><\/p>\n\n\n\n<p><\/p>\n\n\n<p><script async=\"\" src=\"https:\/\/pagead2.googlesyndication.com\/pagead\/js\/adsbygoogle.js\"><\/script><br \/>\n<!-- PC 728x90 --><br \/>\n<ins class=\"adsbygoogle\" style=\"display:inline-block;width:728px;height:90px\" data-ad-client=\"ca-pub-9427576701762839\" data-ad-slot=\"1011393878\"><\/ins><br \/>\n<script>\n(adsbygoogle = window.adsbygoogle || []).push({});\n<\/script><\/p>\n\n\n\n<p><\/p>\n\n\n\n<p><\/p>\n\n\n\n<p>El s\u00e1bado Monterrey recibir\u00e1 a Cruz Azul, cotejo donde se ver\u00e1n las caras frente a un antiguo compa\u00f1ero, ante esto Andrada dijo:<\/p>\n\n\n\n<p>&#8220;Con Charly (Rodr\u00edguez) he tenido una relaci\u00f3n muy amable, desde que llegu\u00e9 siempre predispuesto a su orden, es muy buena gente, creo que la afici\u00f3n lo recibir\u00e1 muy bien. Respecto al partido va a ser un rival duro, como siempre es con Cruz Azul, ya nos toc\u00f3 el semestre pasado en semifinales (Concacaf) y la verdad es que fueron partidos dur\u00edsimos, con un gran rival, trataremos de estar preparados de la misma manera que el semestre pasado, no te puedes relajar en ning\u00fan momento, tienen jugadores de mucha experiencia. Estos partidos son lindos porque los equipos grandes te proponen y es mucho m\u00e1s f\u00e1cil jugando que cuando no te proponen tanto&#8221;, asegur\u00f3. <\/p>\n\n\n\n<p>&#8216;La Sabandija&#8217; habl\u00f3 de las oportunidades que se le han presentado para disputar un Mundial de Clubes y, afirm\u00f3 estar en su mejor momento.<\/p>\n\n\n\n<p>&#8220;La tercera era la vencida, hab\u00eda perdido con Lan\u00fas y Boca, me toc\u00f3 con Monterrey, tuve la suerte de integrar en este plantel y que me toque jugar el Mundial de Clubes ser\u00e1 una experiencia muy linda. Busqu\u00e9 tanto tiempo para que se me pueda conceder en este momento,&nbsp;en una etapa muy madura y con mucha experiencia, solo queda aprovechar y&nbsp;disfrutar el momento, ojal\u00e1 nos vaya bien a todos&#8221;, extern\u00f3.<\/p>\n\n\n\n<p>La situaci\u00f3n de Rayados en la temporada regular durante el torneo pasado no fue la mejor, as\u00ed lo dej\u00f3 en claro Esteban.<\/p>\n\n\n\n<p>&#8220;En estos 3 partidos durante la pretemporada nos propusimos dejar buena imagen para cuando sea el Mundial de Clubes, poder regresar y estar en el pelot\u00f3n de arriba, nos cost\u00f3 el semestre pasado, a la larga la pagas, va a ver partidos que no hay que dejar puntos porque ser\u00e1n importantes para calificar de la mejor manera y, cerrar de local que somos muy fuertes&#8221;, coment\u00f3.<\/p>\n\n\n\n<p>Para cerrar con broche de oro, el Seleccionado Argentino expuso el objetivo que tiene el plantel de Javier Aguirre para este Mundial de Clubes.<\/p>\n\n\n\n<p>&#8220;Rayados tiene que estar siempre peleando torneos, cuando nos preparamos al primer entrenamiento tenemos bien en claro el objetivo. La seguidilla de partidos ser\u00e1 complicada, ir a competir al Mundial, nuestro objetivo es poder estar en una Final mas con Monterrey, no ser\u00e1 f\u00e1cil pero uno tiene esperanza, confiamos en nuestros jugadores y vamos a darlo todo por estar en otra final, tenemos jugadores muy buenos&#8221;, declar\u00f3.<\/p>\n\n\n\n<p>\u00bfHasta donde crees que llegue &#8216;La Pandilla&#8217; en este Mundial?<\/p>\n\n\n\n<p><\/p>\n\n\n\n<p><\/p>\n\n\n<p><script async=\"\" src=\"https:\/\/pagead2.googlesyndication.com\/pagead\/js\/adsbygoogle.js\"><\/script><br \/>\n<!-- PC 728x90 --><br \/>\n<ins class=\"adsbygoogle\" style=\"display:inline-block;width:728px;height:90px\" data-ad-client=\"ca-pub-9427576701762839\" data-ad-slot=\"1011393878\"><\/ins><br \/>\n<script>\n(adsbygoogle = window.adsbygoogle || []).push({});\n<\/script><\/p>\n","protected":false},"excerpt":{"rendered":"<p>Por Jair L\u00f3pez | Twitter: @JairLpez01 Esta ma\u00f1ana, Esteban Andrada habl\u00f3 para los medios de comunicaci\u00f3n, exponiendo su an\u00e1lisis del inicio de certamen para Rayados, adem\u00e1s de comentar su situaci\u00f3n de jugar por primera vez un Mundial de Clubes, con eliminatorias en puerta. &#8220;Positivo el an\u00e1lisis en estas 2 fechas, hemos arrancado muy bien, defensivamente&#8230; <\/p>\n<div class=\"clear\"><\/div>\n<p><a href=\"https:\/\/latribunera.com\/apuntes\/index.php\/2022\/01\/19\/vamos-a-darlo-todo-por-estar-en-la-final-del-mundial-de-clubes-esteban-andrada\/\" class=\"excerpt-read-more\">Read More<i class=\"fa fa-caret-right icon-caret-right\"><\/i><\/a><\/p>\n","protected":false},"author":41,"featured_media":28065,"comment_status":"open","ping_status":"open","sticky":false,"template":"","format":"standard","meta":{"_jetpack_memberships_contains_paid_content":false,"footnotes":""},"categories":[231,277],"tags":[548,255,6],"class_list":["post-28021","post","type-post","status-publish","format-standard","has-post-thumbnail","hentry","category-apuntes","category-zonarayada","tag-esteban-andrada","tag-mundial-de-clubes","tag-rayados"],"jetpack_featured_media_url":"https:\/\/latribunera.com\/apuntes\/wp-content\/uploads\/2022\/01\/Dise\u00f1o-sin-t\u00edtulo-12-3.jpg","jetpack-related-posts":[{"id":45392,"url":"https:\/\/latribunera.com\/apuntes\/index.php\/2026\/04\/09\/se-presento-la-13va-edicion-del-guerreton\/","url_meta":{"origin":28021,"position":0},"title":"Se presento la 13va edici\u00f3n del Guerret\u00f3n.","author":"Staff","date":"9 abril, 2026","format":false,"excerpt":"A lo largo de sus primeras 12 ediciones, Guerret\u00f3n ha logrado recolectar m\u00e1s de 121,500juguetes, peluches y balones, beneficiando a diversas asociaciones e instituciones de laregi\u00f3n lagunera, entre ellas CRIT Durango, los sistemas DIF de distintos municipios, as\u00edcomo organizaciones educativas y asistenciales. A la fecha, se han instalado cuatro ludotecas\u2026","rel":"","context":"In &quot;Ganar Sirviendo&quot;","block_context":{"text":"Ganar Sirviendo","link":"https:\/\/latribunera.com\/apuntes\/index.php\/category\/futbol\/futbol-mexicano\/ganar-sirviendo\/"},"img":{"alt_text":"","src":"https:\/\/i0.wp.com\/latribunera.com\/apuntes\/wp-content\/uploads\/2026\/04\/9Guerreton-2026-2.jpg.jpeg?resize=350%2C200&ssl=1","width":350,"height":200,"srcset":"https:\/\/i0.wp.com\/latribunera.com\/apuntes\/wp-content\/uploads\/2026\/04\/9Guerreton-2026-2.jpg.jpeg?resize=350%2C200&ssl=1 1x, https:\/\/i0.wp.com\/latribunera.com\/apuntes\/wp-content\/uploads\/2026\/04\/9Guerreton-2026-2.jpg.jpeg?resize=525%2C300&ssl=1 1.5x, https:\/\/i0.wp.com\/latribunera.com\/apuntes\/wp-content\/uploads\/2026\/04\/9Guerreton-2026-2.jpg.jpeg?resize=700%2C400&ssl=1 2x, https:\/\/i0.wp.com\/latribunera.com\/apuntes\/wp-content\/uploads\/2026\/04\/9Guerreton-2026-2.jpg.jpeg?resize=1050%2C600&ssl=1 3x, https:\/\/i0.wp.com\/latribunera.com\/apuntes\/wp-content\/uploads\/2026\/04\/9Guerreton-2026-2.jpg.jpeg?resize=1400%2C800&ssl=1 4x"},"classes":[]},{"id":45386,"url":"https:\/\/latribunera.com\/apuntes\/index.php\/2026\/03\/11\/santos-launa-impulsa-mejoras-en-la-infraestructura-de-tsm-y-estadio-corona\/","url_meta":{"origin":28021,"position":1},"title":"Santos Laguna impulsa mejoras en la infraestructura de TSM y Estadio Corona","author":"Jacob Alarcon","date":"11 marzo, 2026","format":false,"excerpt":"Club Santos Laguna lleva a cabo una serie de reformas y mejoras en la infraestructura de TerritorioSantos Modelo y del Estadio Corona, con el objetivo de impulsar la innovaci\u00f3n tecnol\u00f3gica, lasostenibilidad y la modernizaci\u00f3n de sus espacios.Con estas acciones, el club contin\u00faa fortaleciendo la experiencia de sus aficionados yactualizando sus\u2026","rel":"","context":"In &quot;Pasi\u00f3n Guerrera&quot;","block_context":{"text":"Pasi\u00f3n Guerrera","link":"https:\/\/latribunera.com\/apuntes\/index.php\/category\/tribus\/pasionguerrera\/"},"img":{"alt_text":"","src":"https:\/\/i0.wp.com\/latribunera.com\/apuntes\/wp-content\/uploads\/2026\/03\/Renovacion-TSM.jpg?resize=350%2C200&ssl=1","width":350,"height":200,"srcset":"https:\/\/i0.wp.com\/latribunera.com\/apuntes\/wp-content\/uploads\/2026\/03\/Renovacion-TSM.jpg?resize=350%2C200&ssl=1 1x, https:\/\/i0.wp.com\/latribunera.com\/apuntes\/wp-content\/uploads\/2026\/03\/Renovacion-TSM.jpg?resize=525%2C300&ssl=1 1.5x, https:\/\/i0.wp.com\/latribunera.com\/apuntes\/wp-content\/uploads\/2026\/03\/Renovacion-TSM.jpg?resize=700%2C400&ssl=1 2x, https:\/\/i0.wp.com\/latribunera.com\/apuntes\/wp-content\/uploads\/2026\/03\/Renovacion-TSM.jpg?resize=1050%2C600&ssl=1 3x, https:\/\/i0.wp.com\/latribunera.com\/apuntes\/wp-content\/uploads\/2026\/03\/Renovacion-TSM.jpg?resize=1400%2C800&ssl=1 4x"},"classes":[]},{"id":45421,"url":"https:\/\/latribunera.com\/apuntes\/index.php\/2026\/04\/16\/todo-listo-para-la-14va-edicion-de-la-copa-internacional-santos-penoles\/","url_meta":{"origin":28021,"position":2},"title":"Todo listo para la 14va edici\u00f3n de la Copa Internacional Santos Pe\u00f1oles","author":"Jacob Alarcon","date":"16 abril, 2026","format":false,"excerpt":"Este jueves, en el Auditorio Orlegi de Territorio Santos Modelo, se llev\u00f3 a cabo la presentaci\u00f3noficial de la edici\u00f3n 2026 de la Copa Internacional Santos Pe\u00f1oles, torneo que se ha consolidadocomo uno de los m\u00e1s importantes a nivel infantil y juvenil en M\u00e9xico. Adem\u00e1s de brindar una competencia deportiva de\u2026","rel":"","context":"In &quot;Sin categor\u00eda&quot;","block_context":{"text":"Sin categor\u00eda","link":"https:\/\/latribunera.com\/apuntes\/index.php\/category\/sin-categoria\/"},"img":{"alt_text":"","src":"https:\/\/i0.wp.com\/latribunera.com\/apuntes\/wp-content\/uploads\/2026\/04\/Presentacion-Copa-Santos-Penoles.jpg?resize=350%2C200&ssl=1","width":350,"height":200,"srcset":"https:\/\/i0.wp.com\/latribunera.com\/apuntes\/wp-content\/uploads\/2026\/04\/Presentacion-Copa-Santos-Penoles.jpg?resize=350%2C200&ssl=1 1x, https:\/\/i0.wp.com\/latribunera.com\/apuntes\/wp-content\/uploads\/2026\/04\/Presentacion-Copa-Santos-Penoles.jpg?resize=525%2C300&ssl=1 1.5x, https:\/\/i0.wp.com\/latribunera.com\/apuntes\/wp-content\/uploads\/2026\/04\/Presentacion-Copa-Santos-Penoles.jpg?resize=700%2C400&ssl=1 2x, https:\/\/i0.wp.com\/latribunera.com\/apuntes\/wp-content\/uploads\/2026\/04\/Presentacion-Copa-Santos-Penoles.jpg?resize=1050%2C600&ssl=1 3x, https:\/\/i0.wp.com\/latribunera.com\/apuntes\/wp-content\/uploads\/2026\/04\/Presentacion-Copa-Santos-Penoles.jpg?resize=1400%2C800&ssl=1 4x"},"classes":[]}],"jetpack_sharing_enabled":true,"_links":{"self":[{"href":"https:\/\/latribunera.com\/apuntes\/index.php\/wp-json\/wp\/v2\/posts\/28021","targetHints":{"allow":["GET"]}}],"collection":[{"href":"https:\/\/latribunera.com\/apuntes\/index.php\/wp-json\/wp\/v2\/posts"}],"about":[{"href":"https:\/\/latribunera.com\/apuntes\/index.php\/wp-json\/wp\/v2\/types\/post"}],"author":[{"embeddable":true,"href":"https:\/\/latribunera.com\/apuntes\/index.php\/wp-json\/wp\/v2\/users\/41"}],"replies":[{"embeddable":true,"href":"https:\/\/latribunera.com\/apuntes\/index.php\/wp-json\/wp\/v2\/comments?post=28021"}],"version-history":[{"count":5,"href":"https:\/\/latribunera.com\/apuntes\/index.php\/wp-json\/wp\/v2\/posts\/28021\/revisions"}],"predecessor-version":[{"id":28066,"href":"https:\/\/latribunera.com\/apuntes\/index.php\/wp-json\/wp\/v2\/posts\/28021\/revisions\/28066"}],"wp:featuredmedia":[{"embeddable":true,"href":"https:\/\/latribunera.com\/apuntes\/index.php\/wp-json\/wp\/v2\/media\/28065"}],"wp:attachment":[{"href":"https:\/\/latribunera.com\/apuntes\/index.php\/wp-json\/wp\/v2\/media?parent=28021"}],"wp:term":[{"taxonomy":"category","embeddable":true,"href":"https:\/\/latribunera.com\/apuntes\/index.php\/wp-json\/wp\/v2\/categories?post=28021"},{"taxonomy":"post_tag","embeddable":true,"href":"https:\/\/latribunera.com\/apuntes\/index.php\/wp-json\/wp\/v2\/tags?post=28021"}],"curies":[{"name":"wp","href":"https:\/\/api.w.org\/{rel}","templated":true}]}}