{"id":28277,"date":"2022-01-23T21:10:47","date_gmt":"2022-01-23T21:10:47","guid":{"rendered":"http:\/\/latribunera.com\/apuntes\/?p=28277"},"modified":"2022-01-23T21:10:48","modified_gmt":"2022-01-23T21:10:48","slug":"miguel-herrera-sale-en-defensa-de-sebastian-cordova","status":"publish","type":"post","link":"https:\/\/latribunera.com\/apuntes\/index.php\/2022\/01\/23\/miguel-herrera-sale-en-defensa-de-sebastian-cordova\/","title":{"rendered":"Miguel Herrera sale en defensa de Sebasti\u00e1n C\u00f3rdova"},"content":{"rendered":"\n<p><\/p>\n\n\n\n<p><\/p>\n\n\n<p><script async src=\"https:\/\/pagead2.googlesyndication.com\/pagead\/js\/adsbygoogle.js\"><\/script><br \/>\n<!-- PC 728x90 --><br \/>\n<ins class=\"adsbygoogle\"\nstyle=\"display:inline-block;width:728px;height:90px\"\ndata-ad-client=\"ca-pub-9427576701762839\"\ndata-ad-slot=\"1011393878\"><\/ins><br \/>\n<script>\n(adsbygoogle = window.adsbygoogle || []).push({});\n<\/script><\/p>\n\n\n\n<p><\/p>\n\n\n\n<p><\/p>\n\n\n\n<p>Durante el\ninicio de su etapa como felino, Sebasti\u00e1n C\u00f3rdova va dejando dudas en la\nafici\u00f3n auriazul, misma que lo abuche\u00f3 en su debut en el Universitario y que\nconstantemente pone en duda su presencia con Tigres.<\/p>\n\n\n\n<p>Ante esto,\nMiguel Herrera sali\u00f3 en defensa del mediocampista hablando de un tema de\nadaptaci\u00f3n, y que es muy pronto para juzgar a su jugador.<\/p>\n\n\n\n<p>\u201cTiene tres\npartidos con sus&nbsp;compa\u00f1eros, hizo buenas jugadas, meti\u00f3 pases buenos,\ntiene un remate que le tapa Talavera, pero est\u00e1 ah\u00ed, est\u00e1 llegando, no se\ndesesperen.<\/p>\n\n\n\n<p>\u201cYo no me\nvoy a desesperar con C\u00f3rdova porque tiene tres partidos, lleg\u00f3 en diciembre y\nno tuvo mucho tiempo para trabajar, est\u00e1 poniendo voluntad\u201d, se\u00f1al\u00f3 el timonel.<\/p>\n\n\n\n<p>Adem\u00e1s, el \u201cPiojo\u201d\nexplic\u00f3 la salida de Sebasti\u00e1n en la parte complementaria.<\/p>\n\n\n\n<p>\u201cHacemos\nmodificaciones porque el marcador y los revulsivos as\u00ed lo ped\u00edan, meter m\u00e1s\nrevoluci\u00f3n porque ven\u00edan abajo algunos jugadores, no es que C\u00f3rdova no haya\nhecho las cosas que le ped\u00ed, cada d\u00eda se va conociendo m\u00e1s y con el nivel que\ntodos le conocemos\u201d, apunt\u00f3.<\/p>\n\n\n\n<p><\/p>\n\n\n\n<p><\/p>\n\n\n<p><script async src=\"https:\/\/pagead2.googlesyndication.com\/pagead\/js\/adsbygoogle.js\"><\/script><br \/>\n<!-- PC 728x90 --><br \/>\n<ins class=\"adsbygoogle\"\nstyle=\"display:inline-block;width:728px;height:90px\"\ndata-ad-client=\"ca-pub-9427576701762839\"\ndata-ad-slot=\"1011393878\"><\/ins><br \/>\n<script>\n(adsbygoogle = window.adsbygoogle || []).push({});\n<\/script><\/p>\n\n\n\n<p><\/p>\n\n\n\n<p><\/p>\n\n\n\n<figure class=\"wp-block-embed-youtube wp-block-embed is-type-video is-provider-youtube wp-embed-aspect-16-9 wp-has-aspect-ratio\"><div class=\"wp-block-embed__wrapper\">\n<iframe loading=\"lazy\" title=\"Roberto Gasparini | Solo Tigres #14 | Entrevista\" width=\"960\" height=\"540\" src=\"https:\/\/www.youtube.com\/embed\/j5zt_0nsqes?feature=oembed\" frameborder=\"0\" allow=\"accelerometer; autoplay; clipboard-write; encrypted-media; gyroscope; picture-in-picture\" allowfullscreen><\/iframe>\n<\/div><\/figure>\n\n\n\n<p><\/p>\n\n\n\n<p><\/p>\n\n\n<p><script async src=\"https:\/\/pagead2.googlesyndication.com\/pagead\/js\/adsbygoogle.js\"><\/script><br \/>\n<!-- PC 728x90 --><br \/>\n<ins class=\"adsbygoogle\"\nstyle=\"display:inline-block;width:728px;height:90px\"\ndata-ad-client=\"ca-pub-9427576701762839\"\ndata-ad-slot=\"1011393878\"><\/ins><br \/>\n<script>\n(adsbygoogle = window.adsbygoogle || []).push({});\n<\/script><\/p>\n","protected":false},"excerpt":{"rendered":"<p>Durante el inicio de su etapa como felino, Sebasti\u00e1n C\u00f3rdova va dejando dudas en la afici\u00f3n auriazul, misma que lo abuche\u00f3 en su debut en el Universitario y que constantemente pone en duda su presencia con Tigres. Ante esto, Miguel Herrera sali\u00f3 en defensa del mediocampista hablando de un tema de adaptaci\u00f3n, y que es&#8230; <\/p>\n<div class=\"clear\"><\/div>\n<p><a href=\"https:\/\/latribunera.com\/apuntes\/index.php\/2022\/01\/23\/miguel-herrera-sale-en-defensa-de-sebastian-cordova\/\" class=\"excerpt-read-more\">Read More<i class=\"fa fa-caret-right icon-caret-right\"><\/i><\/a><\/p>\n","protected":false},"author":37,"featured_media":28278,"comment_status":"open","ping_status":"open","sticky":false,"template":"","format":"standard","meta":{"_jetpack_memberships_contains_paid_content":false,"footnotes":""},"categories":[231,278],"tags":[74,389,824],"class_list":["post-28277","post","type-post","status-publish","format-standard","has-post-thumbnail","hentry","category-apuntes","category-solotigres","tag-liga-mx","tag-miguel-herrera","tag-sebastian-cordova"],"jetpack_featured_media_url":"https:\/\/latribunera.com\/apuntes\/wp-content\/uploads\/2022\/01\/Dise\u00f1o-sin-t\u00edtulo-4-11.jpg","jetpack-related-posts":[],"jetpack_sharing_enabled":true,"_links":{"self":[{"href":"https:\/\/latribunera.com\/apuntes\/index.php\/wp-json\/wp\/v2\/posts\/28277","targetHints":{"allow":["GET"]}}],"collection":[{"href":"https:\/\/latribunera.com\/apuntes\/index.php\/wp-json\/wp\/v2\/posts"}],"about":[{"href":"https:\/\/latribunera.com\/apuntes\/index.php\/wp-json\/wp\/v2\/types\/post"}],"author":[{"embeddable":true,"href":"https:\/\/latribunera.com\/apuntes\/index.php\/wp-json\/wp\/v2\/users\/37"}],"replies":[{"embeddable":true,"href":"https:\/\/latribunera.com\/apuntes\/index.php\/wp-json\/wp\/v2\/comments?post=28277"}],"version-history":[{"count":2,"href":"https:\/\/latribunera.com\/apuntes\/index.php\/wp-json\/wp\/v2\/posts\/28277\/revisions"}],"predecessor-version":[{"id":28280,"href":"https:\/\/latribunera.com\/apuntes\/index.php\/wp-json\/wp\/v2\/posts\/28277\/revisions\/28280"}],"wp:featuredmedia":[{"embeddable":true,"href":"https:\/\/latribunera.com\/apuntes\/index.php\/wp-json\/wp\/v2\/media\/28278"}],"wp:attachment":[{"href":"https:\/\/latribunera.com\/apuntes\/index.php\/wp-json\/wp\/v2\/media?parent=28277"}],"wp:term":[{"taxonomy":"category","embeddable":true,"href":"https:\/\/latribunera.com\/apuntes\/index.php\/wp-json\/wp\/v2\/categories?post=28277"},{"taxonomy":"post_tag","embeddable":true,"href":"https:\/\/latribunera.com\/apuntes\/index.php\/wp-json\/wp\/v2\/tags?post=28277"}],"curies":[{"name":"wp","href":"https:\/\/api.w.org\/{rel}","templated":true}]}}