{"id":28357,"date":"2022-01-25T00:59:19","date_gmt":"2022-01-25T00:59:19","guid":{"rendered":"http:\/\/latribunera.com\/apuntes\/?p=28357"},"modified":"2022-01-25T00:59:22","modified_gmt":"2022-01-25T00:59:22","slug":"horario-y-donde-ver-los-juegos-del-tri-en-la-eliminatoria","status":"publish","type":"post","link":"https:\/\/latribunera.com\/apuntes\/index.php\/2022\/01\/25\/horario-y-donde-ver-los-juegos-del-tri-en-la-eliminatoria\/","title":{"rendered":"HORARIO Y D\u00d3NDE VER: LOS JUEGOS DEL TRI EN LA ELIMINATORIA"},"content":{"rendered":"\n<p><\/p>\n\n\n\n<p><\/p>\n\n\n<p><script async src=\"https:\/\/pagead2.googlesyndication.com\/pagead\/js\/adsbygoogle.js\"><\/script><br \/>\n<!-- PC 728x90 --><br \/>\n<ins class=\"adsbygoogle\"\nstyle=\"display:inline-block;width:728px;height:90px\"\ndata-ad-client=\"ca-pub-9427576701762839\"\ndata-ad-slot=\"1011393878\"><\/ins><br \/>\n<script>\n(adsbygoogle = window.adsbygoogle || []).push({});\n<\/script><\/p>\n\n\n\n<p><\/p>\n\n\n\n<p><\/p>\n\n\n\n<p>Por Venustiano\nCarranza<\/p>\n\n\n\n<p>En la\nsiguiente Fecha FIFA, la Selecci\u00f3n Mexicana tendr\u00e1 tres encuentros, todos ellos\nvitales para conseguir un pasaje al Mundial de Qatar.<\/p>\n\n\n\n<p>Este jueves\n27 de enero se visita Jamaica para posteriormente retornar a territorio azteca\ny recibir a la Selecci\u00f3n de Costa Rica y Panam\u00e1 en el Estadio Azteca.<\/p>\n\n\n\n<p>Actualmente,\nM\u00e9xico se ubica en la tercera posici\u00f3n a un punto de Estados Unidos y a dos de\nCanad\u00e1.<\/p>\n\n\n\n<p><strong>\u00a1Ag\u00e9ndalos!<\/strong><\/p>\n\n\n\n<p><strong>Jueves 27<\/strong><\/p>\n\n\n\n<p>Partido: Jamaica\nvs. M\u00e9xico<\/p>\n\n\n\n<p>Estadio: Nacional<\/p>\n\n\n\n<p>Transmisi\u00f3n:\nCanal 5 y TUDN<\/p>\n\n\n\n<p>Horario: 18\nhoras<\/p>\n\n\n\n<p><strong>Domingo 30<\/strong><\/p>\n\n\n\n<p>Partido: M\u00e9xico\nvs. Costa Rica<\/p>\n\n\n\n<p>Estadio: Azteca<\/p>\n\n\n\n<p>Transmisi\u00f3n:\nCanal 5 y TUDN | Tv Azteca <\/p>\n\n\n\n<p>Horario: 17\nhoras<\/p>\n\n\n\n<p><strong>Mi\u00e9rcoles 2<\/strong><\/p>\n\n\n\n<p>Partido: M\u00e9xico\nvs. Panam\u00e1<\/p>\n\n\n\n<p>Estadio: Azteca<\/p>\n\n\n\n<p>Transmisi\u00f3n:\nCanal 5 y TUDN | Tv Azteca<\/p>\n\n\n\n<p>Horario: 21 horas<\/p>\n\n\n\n<p><\/p>\n\n\n\n<p><\/p>\n\n\n<p><script async src=\"https:\/\/pagead2.googlesyndication.com\/pagead\/js\/adsbygoogle.js\"><\/script><br \/>\n<!-- PC 728x90 --><br \/>\n<ins class=\"adsbygoogle\"\nstyle=\"display:inline-block;width:728px;height:90px\"\ndata-ad-client=\"ca-pub-9427576701762839\"\ndata-ad-slot=\"1011393878\"><\/ins><br \/>\n<script>\n(adsbygoogle = window.adsbygoogle || []).push({});\n<\/script><\/p>\n","protected":false},"excerpt":{"rendered":"<p>Por Venustiano Carranza En la siguiente Fecha FIFA, la Selecci\u00f3n Mexicana tendr\u00e1 tres encuentros, todos ellos vitales para conseguir un pasaje al Mundial de Qatar. Este jueves 27 de enero se visita Jamaica para posteriormente retornar a territorio azteca y recibir a la Selecci\u00f3n de Costa Rica y Panam\u00e1 en el Estadio Azteca. Actualmente, M\u00e9xico&#8230; <\/p>\n<div class=\"clear\"><\/div>\n<p><a href=\"https:\/\/latribunera.com\/apuntes\/index.php\/2022\/01\/25\/horario-y-donde-ver-los-juegos-del-tri-en-la-eliminatoria\/\" class=\"excerpt-read-more\">Read More<i class=\"fa fa-caret-right icon-caret-right\"><\/i><\/a><\/p>\n","protected":false},"author":7,"featured_media":28358,"comment_status":"open","ping_status":"open","sticky":false,"template":"","format":"standard","meta":{"_jetpack_memberships_contains_paid_content":false,"footnotes":""},"categories":[231,558],"tags":[266],"class_list":["post-28357","post","type-post","status-publish","format-standard","has-post-thumbnail","hentry","category-apuntes","category-guerrerosaztecas","tag-seleccion-mexicana"],"jetpack_featured_media_url":"https:\/\/latribunera.com\/apuntes\/wp-content\/uploads\/2022\/01\/Dise\u00f1o-sin-t\u00edtulo-74.jpg","jetpack-related-posts":[{"id":45386,"url":"https:\/\/latribunera.com\/apuntes\/index.php\/2026\/03\/11\/santos-launa-impulsa-mejoras-en-la-infraestructura-de-tsm-y-estadio-corona\/","url_meta":{"origin":28357,"position":0},"title":"Santos Laguna impulsa mejoras en la infraestructura de TSM y Estadio Corona","author":"Jacob Alarcon","date":"11 marzo, 2026","format":false,"excerpt":"Club Santos Laguna lleva a cabo una serie de reformas y mejoras en la infraestructura de TerritorioSantos Modelo y del Estadio Corona, con el objetivo de impulsar la innovaci\u00f3n tecnol\u00f3gica, lasostenibilidad y la modernizaci\u00f3n de sus espacios.Con estas acciones, el club contin\u00faa fortaleciendo la experiencia de sus aficionados yactualizando sus\u2026","rel":"","context":"In &quot;Pasi\u00f3n Guerrera&quot;","block_context":{"text":"Pasi\u00f3n Guerrera","link":"https:\/\/latribunera.com\/apuntes\/index.php\/category\/tribus\/pasionguerrera\/"},"img":{"alt_text":"","src":"https:\/\/i0.wp.com\/latribunera.com\/apuntes\/wp-content\/uploads\/2026\/03\/Renovacion-TSM.jpg?resize=350%2C200&ssl=1","width":350,"height":200,"srcset":"https:\/\/i0.wp.com\/latribunera.com\/apuntes\/wp-content\/uploads\/2026\/03\/Renovacion-TSM.jpg?resize=350%2C200&ssl=1 1x, https:\/\/i0.wp.com\/latribunera.com\/apuntes\/wp-content\/uploads\/2026\/03\/Renovacion-TSM.jpg?resize=525%2C300&ssl=1 1.5x, https:\/\/i0.wp.com\/latribunera.com\/apuntes\/wp-content\/uploads\/2026\/03\/Renovacion-TSM.jpg?resize=700%2C400&ssl=1 2x, https:\/\/i0.wp.com\/latribunera.com\/apuntes\/wp-content\/uploads\/2026\/03\/Renovacion-TSM.jpg?resize=1050%2C600&ssl=1 3x, https:\/\/i0.wp.com\/latribunera.com\/apuntes\/wp-content\/uploads\/2026\/03\/Renovacion-TSM.jpg?resize=1400%2C800&ssl=1 4x"},"classes":[]}],"jetpack_sharing_enabled":true,"_links":{"self":[{"href":"https:\/\/latribunera.com\/apuntes\/index.php\/wp-json\/wp\/v2\/posts\/28357","targetHints":{"allow":["GET"]}}],"collection":[{"href":"https:\/\/latribunera.com\/apuntes\/index.php\/wp-json\/wp\/v2\/posts"}],"about":[{"href":"https:\/\/latribunera.com\/apuntes\/index.php\/wp-json\/wp\/v2\/types\/post"}],"author":[{"embeddable":true,"href":"https:\/\/latribunera.com\/apuntes\/index.php\/wp-json\/wp\/v2\/users\/7"}],"replies":[{"embeddable":true,"href":"https:\/\/latribunera.com\/apuntes\/index.php\/wp-json\/wp\/v2\/comments?post=28357"}],"version-history":[{"count":2,"href":"https:\/\/latribunera.com\/apuntes\/index.php\/wp-json\/wp\/v2\/posts\/28357\/revisions"}],"predecessor-version":[{"id":28360,"href":"https:\/\/latribunera.com\/apuntes\/index.php\/wp-json\/wp\/v2\/posts\/28357\/revisions\/28360"}],"wp:featuredmedia":[{"embeddable":true,"href":"https:\/\/latribunera.com\/apuntes\/index.php\/wp-json\/wp\/v2\/media\/28358"}],"wp:attachment":[{"href":"https:\/\/latribunera.com\/apuntes\/index.php\/wp-json\/wp\/v2\/media?parent=28357"}],"wp:term":[{"taxonomy":"category","embeddable":true,"href":"https:\/\/latribunera.com\/apuntes\/index.php\/wp-json\/wp\/v2\/categories?post=28357"},{"taxonomy":"post_tag","embeddable":true,"href":"https:\/\/latribunera.com\/apuntes\/index.php\/wp-json\/wp\/v2\/tags?post=28357"}],"curies":[{"name":"wp","href":"https:\/\/api.w.org\/{rel}","templated":true}]}}