{"id":28370,"date":"2022-01-25T15:58:49","date_gmt":"2022-01-25T15:58:49","guid":{"rendered":"http:\/\/latribunera.com\/apuntes\/?p=28370"},"modified":"2022-01-25T16:48:50","modified_gmt":"2022-01-25T16:48:50","slug":"qatar-2022-ultimo-torneo-de-hector-moreno-con-la-seleccion-mexicana","status":"publish","type":"post","link":"https:\/\/latribunera.com\/apuntes\/index.php\/2022\/01\/25\/qatar-2022-ultimo-torneo-de-hector-moreno-con-la-seleccion-mexicana\/","title":{"rendered":"Qatar 2022, \u00faltimo torneo de H\u00e9ctor Moreno con la Selecci\u00f3n Mexicana"},"content":{"rendered":"\n<p><\/p>\n\n\n\n<p><\/p>\n\n\n<p><script async src=\"https:\/\/pagead2.googlesyndication.com\/pagead\/js\/adsbygoogle.js\"><\/script><br \/>\n<!-- PC 728x90 --><br \/>\n<ins class=\"adsbygoogle\"\nstyle=\"display:inline-block;width:728px;height:90px\"\ndata-ad-client=\"ca-pub-9427576701762839\"\ndata-ad-slot=\"1011393878\"><\/ins><br \/>\n<script>\n(adsbygoogle = window.adsbygoogle || []).push({});\n<\/script><\/p>\n\n\n\n<p><\/p>\n\n\n\n<p><\/p>\n\n\n\n<p>\u00a0Por: Mauricio Ponce\u00a0<\/p>\n\n\n\n<p>H\u00e9ctor Moreno adelant\u00f3 que el Mundial de Qatar 2022 ser\u00e1 su \u00faltimo torneo con la Selecci\u00f3n Mexicana.<\/p>\n\n\n\n<p>El central mexicano dej\u00f3 en claro que su principal ilusi\u00f3n es llegar a la justa mundialista para posteriormente concluir su paso por el combinado nacional.<\/p>\n\n\n\n<p>En entrevista exclusiva para Marca Claro, Moreno dej\u00f3 en claro que en 2018 ve\u00eda poco factible llegar a la siguiente Copa del Mundo, pero hoy en d\u00eda a nueve meses de que se dispute, es de sus prioridades en su carrera deportiva.<\/p>\n\n\n\n<p><\/p>\n\n\n\n<p>&#8220;Si t\u00fa me preguntabas eso en el 2018 hubiera dicho que era mi \u00faltimo Mundial, con 34 a\u00f1os ve\u00eda lej\u00edsimos, pero ahora en nueve meses esa es mi ilusi\u00f3n. Seguramente ser\u00e1 mi \u00faltimo torneo con Selecci\u00f3n, no me veo pensando en el siguiente verano en una Copa Oro, perdiendo las vacaciones que puedo tener&#8221;, puntualiz\u00f3 el futbolista de Rayados.<br><\/p>\n\n\n\n<p>De igual forma, el defensor de los Rayados del Monterrey se\u00f1al\u00f3 la importancia de esta fecha FIFA, donde ganar ser\u00e1 fundamental para cerrar el pase al mundial.<br><\/p>\n\n\n\n<p>&#8220;Podr\u00edamos en estos tres partidos pr\u00e1cticamente cerrar el pase, es fundamentalmente poder hacer eso para que el cuerpo t\u00e9cnico pueda ver jugadores que no conoce en la pr\u00f3xima fecha FIFA, darles la oportunidad de debutar, jugar una Eliminatoria Mundialista que es algo complejo. Es fundamental tener buenos resultados en estos tres partidos&#8221;<br><\/p>\n","protected":false},"excerpt":{"rendered":"<p>\u00a0Por: Mauricio Ponce\u00a0 H\u00e9ctor Moreno adelant\u00f3 que el Mundial de Qatar 2022 ser\u00e1 su \u00faltimo torneo con la Selecci\u00f3n Mexicana. El central mexicano dej\u00f3 en claro que su principal ilusi\u00f3n es llegar a la justa mundialista para posteriormente concluir su paso por el combinado nacional. En entrevista exclusiva para Marca Claro, Moreno dej\u00f3 en claro&#8230; <\/p>\n<div class=\"clear\"><\/div>\n<p><a href=\"https:\/\/latribunera.com\/apuntes\/index.php\/2022\/01\/25\/qatar-2022-ultimo-torneo-de-hector-moreno-con-la-seleccion-mexicana\/\" class=\"excerpt-read-more\">Read More<i class=\"fa fa-caret-right icon-caret-right\"><\/i><\/a><\/p>\n","protected":false},"author":55,"featured_media":28380,"comment_status":"open","ping_status":"open","sticky":false,"template":"","format":"standard","meta":{"_jetpack_memberships_contains_paid_content":false,"footnotes":""},"categories":[231,140,3,558,229,277],"tags":[266],"class_list":["post-28370","post","type-post","status-publish","format-standard","has-post-thumbnail","hentry","category-apuntes","category-deportes","category-futbol","category-guerrerosaztecas","category-mexico","category-zonarayada","tag-seleccion-mexicana"],"jetpack_featured_media_url":"https:\/\/latribunera.com\/apuntes\/wp-content\/uploads\/2022\/01\/Dise\u00f1o-sin-t\u00edtulo-2-33.jpg","jetpack-related-posts":[{"id":45421,"url":"https:\/\/latribunera.com\/apuntes\/index.php\/2026\/04\/16\/todo-listo-para-la-14va-edicion-de-la-copa-internacional-santos-penoles\/","url_meta":{"origin":28370,"position":0},"title":"Todo listo para la 14va edici\u00f3n de la Copa Internacional Santos Pe\u00f1oles","author":"Jacob Alarcon","date":"16 abril, 2026","format":false,"excerpt":"Este jueves, en el Auditorio Orlegi de Territorio Santos Modelo, se llev\u00f3 a cabo la presentaci\u00f3noficial de la edici\u00f3n 2026 de la Copa Internacional Santos Pe\u00f1oles, torneo que se ha consolidadocomo uno de los m\u00e1s importantes a nivel infantil y juvenil en M\u00e9xico. Adem\u00e1s de brindar una competencia deportiva de\u2026","rel":"","context":"In &quot;Sin categor\u00eda&quot;","block_context":{"text":"Sin categor\u00eda","link":"https:\/\/latribunera.com\/apuntes\/index.php\/category\/sin-categoria\/"},"img":{"alt_text":"","src":"https:\/\/i0.wp.com\/latribunera.com\/apuntes\/wp-content\/uploads\/2026\/04\/Presentacion-Copa-Santos-Penoles.jpg?resize=350%2C200&ssl=1","width":350,"height":200,"srcset":"https:\/\/i0.wp.com\/latribunera.com\/apuntes\/wp-content\/uploads\/2026\/04\/Presentacion-Copa-Santos-Penoles.jpg?resize=350%2C200&ssl=1 1x, https:\/\/i0.wp.com\/latribunera.com\/apuntes\/wp-content\/uploads\/2026\/04\/Presentacion-Copa-Santos-Penoles.jpg?resize=525%2C300&ssl=1 1.5x, https:\/\/i0.wp.com\/latribunera.com\/apuntes\/wp-content\/uploads\/2026\/04\/Presentacion-Copa-Santos-Penoles.jpg?resize=700%2C400&ssl=1 2x, https:\/\/i0.wp.com\/latribunera.com\/apuntes\/wp-content\/uploads\/2026\/04\/Presentacion-Copa-Santos-Penoles.jpg?resize=1050%2C600&ssl=1 3x, https:\/\/i0.wp.com\/latribunera.com\/apuntes\/wp-content\/uploads\/2026\/04\/Presentacion-Copa-Santos-Penoles.jpg?resize=1400%2C800&ssl=1 4x"},"classes":[]},{"id":45386,"url":"https:\/\/latribunera.com\/apuntes\/index.php\/2026\/03\/11\/santos-launa-impulsa-mejoras-en-la-infraestructura-de-tsm-y-estadio-corona\/","url_meta":{"origin":28370,"position":1},"title":"Santos Laguna impulsa mejoras en la infraestructura de TSM y Estadio Corona","author":"Jacob Alarcon","date":"11 marzo, 2026","format":false,"excerpt":"Club Santos Laguna lleva a cabo una serie de reformas y mejoras en la infraestructura de TerritorioSantos Modelo y del Estadio Corona, con el objetivo de impulsar la innovaci\u00f3n tecnol\u00f3gica, lasostenibilidad y la modernizaci\u00f3n de sus espacios.Con estas acciones, el club contin\u00faa fortaleciendo la experiencia de sus aficionados yactualizando sus\u2026","rel":"","context":"In &quot;Pasi\u00f3n Guerrera&quot;","block_context":{"text":"Pasi\u00f3n Guerrera","link":"https:\/\/latribunera.com\/apuntes\/index.php\/category\/tribus\/pasionguerrera\/"},"img":{"alt_text":"","src":"https:\/\/i0.wp.com\/latribunera.com\/apuntes\/wp-content\/uploads\/2026\/03\/Renovacion-TSM.jpg?resize=350%2C200&ssl=1","width":350,"height":200,"srcset":"https:\/\/i0.wp.com\/latribunera.com\/apuntes\/wp-content\/uploads\/2026\/03\/Renovacion-TSM.jpg?resize=350%2C200&ssl=1 1x, https:\/\/i0.wp.com\/latribunera.com\/apuntes\/wp-content\/uploads\/2026\/03\/Renovacion-TSM.jpg?resize=525%2C300&ssl=1 1.5x, https:\/\/i0.wp.com\/latribunera.com\/apuntes\/wp-content\/uploads\/2026\/03\/Renovacion-TSM.jpg?resize=700%2C400&ssl=1 2x, https:\/\/i0.wp.com\/latribunera.com\/apuntes\/wp-content\/uploads\/2026\/03\/Renovacion-TSM.jpg?resize=1050%2C600&ssl=1 3x, https:\/\/i0.wp.com\/latribunera.com\/apuntes\/wp-content\/uploads\/2026\/03\/Renovacion-TSM.jpg?resize=1400%2C800&ssl=1 4x"},"classes":[]}],"jetpack_sharing_enabled":true,"_links":{"self":[{"href":"https:\/\/latribunera.com\/apuntes\/index.php\/wp-json\/wp\/v2\/posts\/28370","targetHints":{"allow":["GET"]}}],"collection":[{"href":"https:\/\/latribunera.com\/apuntes\/index.php\/wp-json\/wp\/v2\/posts"}],"about":[{"href":"https:\/\/latribunera.com\/apuntes\/index.php\/wp-json\/wp\/v2\/types\/post"}],"author":[{"embeddable":true,"href":"https:\/\/latribunera.com\/apuntes\/index.php\/wp-json\/wp\/v2\/users\/55"}],"replies":[{"embeddable":true,"href":"https:\/\/latribunera.com\/apuntes\/index.php\/wp-json\/wp\/v2\/comments?post=28370"}],"version-history":[{"count":3,"href":"https:\/\/latribunera.com\/apuntes\/index.php\/wp-json\/wp\/v2\/posts\/28370\/revisions"}],"predecessor-version":[{"id":28378,"href":"https:\/\/latribunera.com\/apuntes\/index.php\/wp-json\/wp\/v2\/posts\/28370\/revisions\/28378"}],"wp:featuredmedia":[{"embeddable":true,"href":"https:\/\/latribunera.com\/apuntes\/index.php\/wp-json\/wp\/v2\/media\/28380"}],"wp:attachment":[{"href":"https:\/\/latribunera.com\/apuntes\/index.php\/wp-json\/wp\/v2\/media?parent=28370"}],"wp:term":[{"taxonomy":"category","embeddable":true,"href":"https:\/\/latribunera.com\/apuntes\/index.php\/wp-json\/wp\/v2\/categories?post=28370"},{"taxonomy":"post_tag","embeddable":true,"href":"https:\/\/latribunera.com\/apuntes\/index.php\/wp-json\/wp\/v2\/tags?post=28370"}],"curies":[{"name":"wp","href":"https:\/\/api.w.org\/{rel}","templated":true}]}}