{"id":28669,"date":"2022-02-01T09:06:25","date_gmt":"2022-02-01T09:06:25","guid":{"rendered":"http:\/\/latribunera.com\/apuntes\/?p=28669"},"modified":"2022-02-02T03:23:20","modified_gmt":"2022-02-02T03:23:20","slug":"sin-rastro-alguno-del-equipo-que-fue-al-primer-mundial-de-clubes","status":"publish","type":"post","link":"https:\/\/latribunera.com\/apuntes\/index.php\/2022\/02\/01\/sin-rastro-alguno-del-equipo-que-fue-al-primer-mundial-de-clubes\/","title":{"rendered":"Sin rastro alguno del equipo que fue al primer Mundial de Clubes"},"content":{"rendered":"\n<p><\/p>\n\n\n<p><script async=\"\" src=\"https:\/\/pagead2.googlesyndication.com\/pagead\/js\/adsbygoogle.js\"><\/script><br \/>\n<!-- PC 728x90 --><br \/>\n<ins class=\"adsbygoogle\" style=\"display:inline-block;width:728px;height:90px\" data-ad-client=\"ca-pub-9427576701762839\" data-ad-slot=\"1011393878\"><\/ins><br \/>\n<script>\n(adsbygoogle = window.adsbygoogle || []).push({});\n<\/script><\/p>\n\n\n\n<p><\/p>\n\n\n\n<p>Por David\nFlores | Twitter @davidfloores<\/p>\n\n\n\n<p>Si le damos\nun vistazo al plantel de hoy, podr\u00edamos notar que hay mucha calidad. Mal\ntrabajada, tal vez, pero existe. Pero, echando un ojo al pasado y exceptuando\nal monstruo sudamericano, surge la pregunta de si en aquel primer Mundial de\nClubes, Jap\u00f3n 2011, \u00bfel resto del plantel era de calidad?<\/p>\n\n\n\n<p>&#8211; Un repaso\nal plantel &#8211;<\/p>\n\n\n\n<p>Jonathan\nOrozco, Ricardo Osorio, Jos\u00e9 Basanta, Hiram Mier, Darvin Ch\u00e1vez, Walter Ayov\u00ed,\nLuis P\u00e9rez, Neri Cardozo, Sergio P\u00e9rez, Jes\u00fas Zavala, Sergio Santana, C\u00e9sar\nDelgado, Aldo De Nigris y Humberto Suazo. Ese era el once inicial que se\npresentaba ante Kashiwa Reysol. En la banca, aguardaban nombres como: Juan de\nDios Ibarra, Alejandro Dautt, Severo Meza, H\u00e9ctor Morales, Jes\u00fas Corona, C\u00e9sar\nde la Pe\u00f1a, Abraham Carre\u00f1o, Luis Madrigal y Marcelo Cauzaubon.<\/p>\n\n\n\n<p>Ten\u00edamos un\nonce titular de mucha calidad, pero en el banco de suplentes, salvo Tecatito,\neran piezas muy d\u00e9biles para el reto que se estaba afrontando.<\/p>\n\n\n\n<p>Definitivamente\nal d\u00eda de hoy ha cambiado mucho. El \u00fanico activo en el Club es Aldo De Nigris,\npero como entrenador de los Raya2 Expansi\u00f3n.<\/p>\n\n\n\n<p><\/p>\n\n\n\n<p><\/p>\n\n\n<p><script async=\"\" src=\"https:\/\/pagead2.googlesyndication.com\/pagead\/js\/adsbygoogle.js\"><\/script><br \/>\n<!-- PC 728x90 --><br \/>\n<ins class=\"adsbygoogle\" style=\"display:inline-block;width:728px;height:90px\" data-ad-client=\"ca-pub-9427576701762839\" data-ad-slot=\"1011393878\"><\/ins><br \/>\n<script>\n(adsbygoogle = window.adsbygoogle || []).push({});\n<\/script><\/p>\n","protected":false},"excerpt":{"rendered":"<p>Por David Flores | Twitter @davidfloores Si le damos un vistazo al plantel de hoy, podr\u00edamos notar que hay mucha calidad. Mal trabajada, tal vez, pero existe. Pero, echando un ojo al pasado y exceptuando al monstruo sudamericano, surge la pregunta de si en aquel primer Mundial de Clubes, Jap\u00f3n 2011, \u00bfel resto del plantel&#8230; <\/p>\n<div class=\"clear\"><\/div>\n<p><a href=\"https:\/\/latribunera.com\/apuntes\/index.php\/2022\/02\/01\/sin-rastro-alguno-del-equipo-que-fue-al-primer-mundial-de-clubes\/\" class=\"excerpt-read-more\">Read More<i class=\"fa fa-caret-right icon-caret-right\"><\/i><\/a><\/p>\n","protected":false},"author":21,"featured_media":28670,"comment_status":"open","ping_status":"open","sticky":false,"template":"","format":"standard","meta":{"_jetpack_memberships_contains_paid_content":false,"footnotes":""},"categories":[231,277],"tags":[255,6],"class_list":["post-28669","post","type-post","status-publish","format-standard","has-post-thumbnail","hentry","category-apuntes","category-zonarayada","tag-mundial-de-clubes","tag-rayados"],"jetpack_featured_media_url":"https:\/\/latribunera.com\/apuntes\/wp-content\/uploads\/2022\/02\/Dise\u00f1o-sin-t\u00edtulo-13.jpg","jetpack-related-posts":[{"id":45392,"url":"https:\/\/latribunera.com\/apuntes\/index.php\/2026\/04\/09\/se-presento-la-13va-edicion-del-guerreton\/","url_meta":{"origin":28669,"position":0},"title":"Se presento la 13va edici\u00f3n del Guerret\u00f3n.","author":"Staff","date":"9 abril, 2026","format":false,"excerpt":"A lo largo de sus primeras 12 ediciones, Guerret\u00f3n ha logrado recolectar m\u00e1s de 121,500juguetes, peluches y balones, beneficiando a diversas asociaciones e instituciones de laregi\u00f3n lagunera, entre ellas CRIT Durango, los sistemas DIF de distintos municipios, as\u00edcomo organizaciones educativas y asistenciales. A la fecha, se han instalado cuatro ludotecas\u2026","rel":"","context":"In &quot;Ganar Sirviendo&quot;","block_context":{"text":"Ganar Sirviendo","link":"https:\/\/latribunera.com\/apuntes\/index.php\/category\/futbol\/futbol-mexicano\/ganar-sirviendo\/"},"img":{"alt_text":"","src":"https:\/\/i0.wp.com\/latribunera.com\/apuntes\/wp-content\/uploads\/2026\/04\/9Guerreton-2026-2.jpg.jpeg?resize=350%2C200&ssl=1","width":350,"height":200,"srcset":"https:\/\/i0.wp.com\/latribunera.com\/apuntes\/wp-content\/uploads\/2026\/04\/9Guerreton-2026-2.jpg.jpeg?resize=350%2C200&ssl=1 1x, https:\/\/i0.wp.com\/latribunera.com\/apuntes\/wp-content\/uploads\/2026\/04\/9Guerreton-2026-2.jpg.jpeg?resize=525%2C300&ssl=1 1.5x, https:\/\/i0.wp.com\/latribunera.com\/apuntes\/wp-content\/uploads\/2026\/04\/9Guerreton-2026-2.jpg.jpeg?resize=700%2C400&ssl=1 2x, https:\/\/i0.wp.com\/latribunera.com\/apuntes\/wp-content\/uploads\/2026\/04\/9Guerreton-2026-2.jpg.jpeg?resize=1050%2C600&ssl=1 3x, https:\/\/i0.wp.com\/latribunera.com\/apuntes\/wp-content\/uploads\/2026\/04\/9Guerreton-2026-2.jpg.jpeg?resize=1400%2C800&ssl=1 4x"},"classes":[]},{"id":45386,"url":"https:\/\/latribunera.com\/apuntes\/index.php\/2026\/03\/11\/santos-launa-impulsa-mejoras-en-la-infraestructura-de-tsm-y-estadio-corona\/","url_meta":{"origin":28669,"position":1},"title":"Santos Laguna impulsa mejoras en la infraestructura de TSM y Estadio Corona","author":"Jacob Alarcon","date":"11 marzo, 2026","format":false,"excerpt":"Club Santos Laguna lleva a cabo una serie de reformas y mejoras en la infraestructura de TerritorioSantos Modelo y del Estadio Corona, con el objetivo de impulsar la innovaci\u00f3n tecnol\u00f3gica, lasostenibilidad y la modernizaci\u00f3n de sus espacios.Con estas acciones, el club contin\u00faa fortaleciendo la experiencia de sus aficionados yactualizando sus\u2026","rel":"","context":"In &quot;Pasi\u00f3n Guerrera&quot;","block_context":{"text":"Pasi\u00f3n Guerrera","link":"https:\/\/latribunera.com\/apuntes\/index.php\/category\/tribus\/pasionguerrera\/"},"img":{"alt_text":"","src":"https:\/\/i0.wp.com\/latribunera.com\/apuntes\/wp-content\/uploads\/2026\/03\/Renovacion-TSM.jpg?resize=350%2C200&ssl=1","width":350,"height":200,"srcset":"https:\/\/i0.wp.com\/latribunera.com\/apuntes\/wp-content\/uploads\/2026\/03\/Renovacion-TSM.jpg?resize=350%2C200&ssl=1 1x, https:\/\/i0.wp.com\/latribunera.com\/apuntes\/wp-content\/uploads\/2026\/03\/Renovacion-TSM.jpg?resize=525%2C300&ssl=1 1.5x, https:\/\/i0.wp.com\/latribunera.com\/apuntes\/wp-content\/uploads\/2026\/03\/Renovacion-TSM.jpg?resize=700%2C400&ssl=1 2x, https:\/\/i0.wp.com\/latribunera.com\/apuntes\/wp-content\/uploads\/2026\/03\/Renovacion-TSM.jpg?resize=1050%2C600&ssl=1 3x, https:\/\/i0.wp.com\/latribunera.com\/apuntes\/wp-content\/uploads\/2026\/03\/Renovacion-TSM.jpg?resize=1400%2C800&ssl=1 4x"},"classes":[]},{"id":45421,"url":"https:\/\/latribunera.com\/apuntes\/index.php\/2026\/04\/16\/todo-listo-para-la-14va-edicion-de-la-copa-internacional-santos-penoles\/","url_meta":{"origin":28669,"position":2},"title":"Todo listo para la 14va edici\u00f3n de la Copa Internacional Santos Pe\u00f1oles","author":"Jacob Alarcon","date":"16 abril, 2026","format":false,"excerpt":"Este jueves, en el Auditorio Orlegi de Territorio Santos Modelo, se llev\u00f3 a cabo la presentaci\u00f3noficial de la edici\u00f3n 2026 de la Copa Internacional Santos Pe\u00f1oles, torneo que se ha consolidadocomo uno de los m\u00e1s importantes a nivel infantil y juvenil en M\u00e9xico. Adem\u00e1s de brindar una competencia deportiva de\u2026","rel":"","context":"In &quot;Sin categor\u00eda&quot;","block_context":{"text":"Sin categor\u00eda","link":"https:\/\/latribunera.com\/apuntes\/index.php\/category\/sin-categoria\/"},"img":{"alt_text":"","src":"https:\/\/i0.wp.com\/latribunera.com\/apuntes\/wp-content\/uploads\/2026\/04\/Presentacion-Copa-Santos-Penoles.jpg?resize=350%2C200&ssl=1","width":350,"height":200,"srcset":"https:\/\/i0.wp.com\/latribunera.com\/apuntes\/wp-content\/uploads\/2026\/04\/Presentacion-Copa-Santos-Penoles.jpg?resize=350%2C200&ssl=1 1x, https:\/\/i0.wp.com\/latribunera.com\/apuntes\/wp-content\/uploads\/2026\/04\/Presentacion-Copa-Santos-Penoles.jpg?resize=525%2C300&ssl=1 1.5x, https:\/\/i0.wp.com\/latribunera.com\/apuntes\/wp-content\/uploads\/2026\/04\/Presentacion-Copa-Santos-Penoles.jpg?resize=700%2C400&ssl=1 2x, https:\/\/i0.wp.com\/latribunera.com\/apuntes\/wp-content\/uploads\/2026\/04\/Presentacion-Copa-Santos-Penoles.jpg?resize=1050%2C600&ssl=1 3x, https:\/\/i0.wp.com\/latribunera.com\/apuntes\/wp-content\/uploads\/2026\/04\/Presentacion-Copa-Santos-Penoles.jpg?resize=1400%2C800&ssl=1 4x"},"classes":[]}],"jetpack_sharing_enabled":true,"_links":{"self":[{"href":"https:\/\/latribunera.com\/apuntes\/index.php\/wp-json\/wp\/v2\/posts\/28669","targetHints":{"allow":["GET"]}}],"collection":[{"href":"https:\/\/latribunera.com\/apuntes\/index.php\/wp-json\/wp\/v2\/posts"}],"about":[{"href":"https:\/\/latribunera.com\/apuntes\/index.php\/wp-json\/wp\/v2\/types\/post"}],"author":[{"embeddable":true,"href":"https:\/\/latribunera.com\/apuntes\/index.php\/wp-json\/wp\/v2\/users\/21"}],"replies":[{"embeddable":true,"href":"https:\/\/latribunera.com\/apuntes\/index.php\/wp-json\/wp\/v2\/comments?post=28669"}],"version-history":[{"count":3,"href":"https:\/\/latribunera.com\/apuntes\/index.php\/wp-json\/wp\/v2\/posts\/28669\/revisions"}],"predecessor-version":[{"id":28702,"href":"https:\/\/latribunera.com\/apuntes\/index.php\/wp-json\/wp\/v2\/posts\/28669\/revisions\/28702"}],"wp:featuredmedia":[{"embeddable":true,"href":"https:\/\/latribunera.com\/apuntes\/index.php\/wp-json\/wp\/v2\/media\/28670"}],"wp:attachment":[{"href":"https:\/\/latribunera.com\/apuntes\/index.php\/wp-json\/wp\/v2\/media?parent=28669"}],"wp:term":[{"taxonomy":"category","embeddable":true,"href":"https:\/\/latribunera.com\/apuntes\/index.php\/wp-json\/wp\/v2\/categories?post=28669"},{"taxonomy":"post_tag","embeddable":true,"href":"https:\/\/latribunera.com\/apuntes\/index.php\/wp-json\/wp\/v2\/tags?post=28669"}],"curies":[{"name":"wp","href":"https:\/\/api.w.org\/{rel}","templated":true}]}}