{"id":29334,"date":"2022-02-13T04:24:16","date_gmt":"2022-02-13T04:24:16","guid":{"rendered":"http:\/\/latribunera.com\/apuntes\/?p=29334"},"modified":"2022-02-13T04:24:19","modified_gmt":"2022-02-13T04:24:19","slug":"gignac-se-une-a-mofa-al-palmeiras","status":"publish","type":"post","link":"https:\/\/latribunera.com\/apuntes\/index.php\/2022\/02\/13\/gignac-se-une-a-mofa-al-palmeiras\/","title":{"rendered":"Gignac se une a mofa al Palmeiras"},"content":{"rendered":"\n<p><\/p>\n\n\n\n<p><\/p>\n\n\n<p><script async src=\"https:\/\/pagead2.googlesyndication.com\/pagead\/js\/adsbygoogle.js\"><\/script><br \/>\n<!-- PC 728x90 --><br \/>\n<ins class=\"adsbygoogle\"\nstyle=\"display:inline-block;width:728px;height:90px\"\ndata-ad-client=\"ca-pub-9427576701762839\"\ndata-ad-slot=\"1011393878\"><\/ins><br \/>\n<script>\n(adsbygoogle = window.adsbygoogle || []).push({});\n<\/script><\/p>\n\n\n\n<p><\/p>\n\n\n\n<p><\/p>\n\n\n\n<p>Por\nVenustiano Carranza<\/p>\n\n\n\n<p>Luego del\ntriunfo de Tigres ante Chivas, Andr\u00e9-Pierre Gignac apareci\u00f3 en sus Redes\nSociales colgando el video de su gran gol.<\/p>\n\n\n\n<p>Hasta ah\u00ed todo\nen orden, lo que llam\u00f3 la atenci\u00f3n fue el mensaje que escribi\u00f3\u2026<\/p>\n\n\n\n<p>\u201cVamos\nTigres #esfuerzo #dedicacion #palmeirasnaotemmundial\u201d<\/p>\n\n\n\n<p>Si&#8230;\nleyeron bien, el tercer # el que usan los brasile\u00f1os para mofarse de Palmeiras\npor haber ca\u00eddo en la ante Chelsea en la Final del Mundial de Clubes y\nremarcarles que no han logrado este torneo.<\/p>\n\n\n\n<p>En fin, la hipotenusa<\/p>\n\n\n\n<p><\/p>\n\n\n\n<p><\/p>\n\n\n<p><script async src=\"https:\/\/pagead2.googlesyndication.com\/pagead\/js\/adsbygoogle.js\"><\/script><br \/>\n<!-- PC 728x90 --><br \/>\n<ins class=\"adsbygoogle\"\nstyle=\"display:inline-block;width:728px;height:90px\"\ndata-ad-client=\"ca-pub-9427576701762839\"\ndata-ad-slot=\"1011393878\"><\/ins><br \/>\n<script>\n(adsbygoogle = window.adsbygoogle || []).push({});\n<\/script><\/p>\n\n\n\n<p><\/p>\n\n\n\n<p><\/p>\n\n\n\n<figure class=\"wp-block-image size-large\"><img loading=\"lazy\" decoding=\"async\" width=\"993\" height=\"480\" src=\"http:\/\/latribunera.com\/apuntes\/wp-content\/uploads\/2022\/02\/Captura-de-pantalla-2022-02-12-221947.jpg\" alt=\"\" class=\"wp-image-29335\"\/><\/figure>\n\n\n\n<p><\/p>\n\n\n\n<p><\/p>\n\n\n<p><script async src=\"https:\/\/pagead2.googlesyndication.com\/pagead\/js\/adsbygoogle.js\"><\/script><br \/>\n<!-- PC 728x90 --><br \/>\n<ins class=\"adsbygoogle\"\nstyle=\"display:inline-block;width:728px;height:90px\"\ndata-ad-client=\"ca-pub-9427576701762839\"\ndata-ad-slot=\"1011393878\"><\/ins><br \/>\n<script>\n(adsbygoogle = window.adsbygoogle || []).push({});\n<\/script><\/p>\n","protected":false},"excerpt":{"rendered":"<p>Por Venustiano Carranza Luego del triunfo de Tigres ante Chivas, Andr\u00e9-Pierre Gignac apareci\u00f3 en sus Redes Sociales colgando el video de su gran gol. Hasta ah\u00ed todo en orden, lo que llam\u00f3 la atenci\u00f3n fue el mensaje que escribi\u00f3\u2026 \u201cVamos Tigres #esfuerzo #dedicacion #palmeirasnaotemmundial\u201d Si&#8230; leyeron bien, el tercer # el que usan los brasile\u00f1os&#8230; <\/p>\n<div class=\"clear\"><\/div>\n<p><a href=\"https:\/\/latribunera.com\/apuntes\/index.php\/2022\/02\/13\/gignac-se-une-a-mofa-al-palmeiras\/\" class=\"excerpt-read-more\">Read More<i class=\"fa fa-caret-right icon-caret-right\"><\/i><\/a><\/p>\n","protected":false},"author":7,"featured_media":29336,"comment_status":"open","ping_status":"open","sticky":false,"template":"","format":"standard","meta":{"_jetpack_memberships_contains_paid_content":false,"footnotes":""},"categories":[231,278],"tags":[299,74,102],"class_list":["post-29334","post","type-post","status-publish","format-standard","has-post-thumbnail","hentry","category-apuntes","category-solotigres","tag-gignac","tag-liga-mx","tag-tigres"],"jetpack_featured_media_url":"https:\/\/latribunera.com\/apuntes\/wp-content\/uploads\/2022\/02\/Dise\u00f1o-sin-t\u00edtulo-2-8.jpg","jetpack-related-posts":[],"jetpack_sharing_enabled":true,"_links":{"self":[{"href":"https:\/\/latribunera.com\/apuntes\/index.php\/wp-json\/wp\/v2\/posts\/29334","targetHints":{"allow":["GET"]}}],"collection":[{"href":"https:\/\/latribunera.com\/apuntes\/index.php\/wp-json\/wp\/v2\/posts"}],"about":[{"href":"https:\/\/latribunera.com\/apuntes\/index.php\/wp-json\/wp\/v2\/types\/post"}],"author":[{"embeddable":true,"href":"https:\/\/latribunera.com\/apuntes\/index.php\/wp-json\/wp\/v2\/users\/7"}],"replies":[{"embeddable":true,"href":"https:\/\/latribunera.com\/apuntes\/index.php\/wp-json\/wp\/v2\/comments?post=29334"}],"version-history":[{"count":2,"href":"https:\/\/latribunera.com\/apuntes\/index.php\/wp-json\/wp\/v2\/posts\/29334\/revisions"}],"predecessor-version":[{"id":29338,"href":"https:\/\/latribunera.com\/apuntes\/index.php\/wp-json\/wp\/v2\/posts\/29334\/revisions\/29338"}],"wp:featuredmedia":[{"embeddable":true,"href":"https:\/\/latribunera.com\/apuntes\/index.php\/wp-json\/wp\/v2\/media\/29336"}],"wp:attachment":[{"href":"https:\/\/latribunera.com\/apuntes\/index.php\/wp-json\/wp\/v2\/media?parent=29334"}],"wp:term":[{"taxonomy":"category","embeddable":true,"href":"https:\/\/latribunera.com\/apuntes\/index.php\/wp-json\/wp\/v2\/categories?post=29334"},{"taxonomy":"post_tag","embeddable":true,"href":"https:\/\/latribunera.com\/apuntes\/index.php\/wp-json\/wp\/v2\/tags?post=29334"}],"curies":[{"name":"wp","href":"https:\/\/api.w.org\/{rel}","templated":true}]}}