{"id":29746,"date":"2022-02-22T06:22:24","date_gmt":"2022-02-22T06:22:24","guid":{"rendered":"http:\/\/latribunera.com\/apuntes\/?p=29746"},"modified":"2022-02-22T06:42:15","modified_gmt":"2022-02-22T06:42:15","slug":"queremos-el-bicampeonato-eva-espejo","status":"publish","type":"post","link":"https:\/\/latribunera.com\/apuntes\/index.php\/2022\/02\/22\/queremos-el-bicampeonato-eva-espejo\/","title":{"rendered":"Hay que tener actitud de Bicampeonas: Eva Espejo"},"content":{"rendered":"\n<p><\/p>\n\n\n\n<p><\/p>\n\n\n<p><script async src=\"https:\/\/pagead2.googlesyndication.com\/pagead\/js\/adsbygoogle.js\"><\/script><br \/>\n<!-- PC 728x90 --><br \/>\n<ins class=\"adsbygoogle\"\nstyle=\"display:inline-block;width:728px;height:90px\"\ndata-ad-client=\"ca-pub-9427576701762839\"\ndata-ad-slot=\"1011393878\"><\/ins><br \/>\n<script>\n(adsbygoogle = window.adsbygoogle || []).push({});\n<\/script><\/p>\n\n\n\n<p><\/p>\n\n\n\n<p><\/p>\n\n\n\n<p><strong>Por Jair L\u00f3pez | Twitter: @JairLpez01<\/strong><\/p>\n\n\n\n<p>Rayadas recibi\u00f3 este lunes a Quer\u00e9taro Femenil en la Jornada 1 del Grita M\u00e9xico C22, partido pendiente debido al brote de COVID que tuvieron las Campeonas al inicio del certamen. <\/p>\n\n\n\n<p>Con un categ\u00f3rico 3-0, el plantel Regio sum\u00f3 su s\u00e9ptima victoria consecutiva en el torneo, sumando 21 puntos de 21 posibles. <\/p>\n\n\n\n<p>Ante la noche redonda de su equipo, Eva Espejo se mostr\u00f3 feliz en la conferencia pospartido.<\/p>\n\n\n\n<p>&#8220;Muy contenta, los debuts Sub-17 son un esfuerzo generalizado entre el Club que cree en el proyecto y le da recursos, despu\u00e9s Susana que ha sido quien ha trabajado y ha hecho que estos talentos destaquen y, tambi\u00e9n el acompa\u00f1amiento de las jugadoras del primer equipo a estos nuevos talentos, para mi es importante siempre pensar en que hay categor\u00edas que empiezan a nutrir, que podamos crear nuestro propio talento me tiene muy contenta esta noche adem\u00e1s de todo lo que ha sucedido&#8221;, coment\u00f3 Eva acerca de los debuts de Sara Ortiz y Ximena Pe\u00f1a.<\/p>\n\n\n\n<p>Por primera vez en el torneo, Paola Monroy inici\u00f3 de titular debido a las 7 bajas por Selecci\u00f3n que tuvo Rayadas y Eva habl\u00f3 al respecto.<\/p>\n\n\n\n<p>&#8220;Es su primer de titular, es una jugadora en la que conf\u00edo absolutamente hay cosas que mejorar con ella pero, estoy contenta de que vuelva a las canchas porque es una gran jugadora&#8221;, manifest\u00f3.<\/p>\n\n\n\n<p>En la segunda parte del juego el ritmo del mismo disminuy\u00f3 pero, la timonel albiazul lo ve muy normal en los partidos.<\/p>\n\n\n\n<p>&#8220;El rival hace su trabajo, para mi no se baj\u00f3 el ritmo, se ensuci\u00f3 un poquito el partido en el af\u00e1n de mostrar un avance. Me quedo contenta, es bastante normal que sucedan estas cosas pero, me voy satisfecha y muy contenta por los debuts&#8221;, afirm\u00f3.<\/p>\n\n\n\n<p><\/p>\n\n\n\n<p><\/p>\n\n\n<p><script async src=\"https:\/\/pagead2.googlesyndication.com\/pagead\/js\/adsbygoogle.js\"><\/script><br \/>\n<!-- PC 728x90 --><br \/>\n<ins class=\"adsbygoogle\"\nstyle=\"display:inline-block;width:728px;height:90px\"\ndata-ad-client=\"ca-pub-9427576701762839\"\ndata-ad-slot=\"1011393878\"><\/ins><br \/>\n<script>\n(adsbygoogle = window.adsbygoogle || []).push({});\n<\/script><\/p>\n\n\n\n<p><\/p>\n\n\n\n<p><\/p>\n\n\n\n<p>La rotaci\u00f3n hoy fue muy clave en Rayados y, a la estratega le gust\u00f3 el compromiso de todas sus dirigidas.<\/p>\n\n\n\n<p>&#8220;Uno de los objetivos era hacer el equipo mas competitivo de forma interna, hoy el compromiso de quienes entraron a la cancha era dejar en claro que cualquiera que entre entiende el sistema, entiende lo que tiene que hacer, entiende su rol y sobre todo lo hace valer hoy fue un examen final bastante importante y creo que lo pasamos bien, adem\u00e1s, el hecho de tener 2 chiquitas debutantes te implica otro compromiso, hoy fue un triunfo redondo en ese sentido y puntualizar un momento para Rayadas en el que hay que ser muy responsables, muy cautelosas en lo que viene, no hacer confianza en las rachas, seguir trabajando y ambicionando con la siguiente estrella&#8221;, asegur\u00f3.<\/p>\n\n\n\n<p>Hace d\u00edas se dio a conocer que Diana Garc\u00eda extendi\u00f3 su contrato con Rayadas, esto declar\u00f3 Espejo sobre &#8216;La China&#8217;.<\/p>\n\n\n\n<p>&#8220;El tema de Diana es una alegr\u00eda inmensa, se el potencial de Diana, es una jugadora que por azares me ha tocado ver su proceso desde su llegada a Pachuca, cuando lleg\u00f3 supimos que era una jugadora diferente, inquieta y que adem\u00e1s piensa con o sin el bal\u00f3n, tiene cualidades que son valiosas para un equipo, no solo dentro sino tambi\u00e9n fuera, el que haya decidido permanecer con nosotros es una alegr\u00eda enorme porque creo esta convencida en que aqu\u00ed hay un proyecto y puede estar con nosotros el tiempo que quiera y siga desarrollando su talento, es una mujer que le gusta mejorar, me hace sentir tranquila y que este equipo tiene mucho futuro con ella&#8221;, extern\u00f3.<\/p>\n\n\n\n<p>Luego del campeonato obtenido ante Tigres, Rayadas no conoce otra cara que no sea la victoria y, la DT Rayada extern\u00f3 la responsabilidad que tienen con este gran momento.<\/p>\n\n\n\n<p>&#8220;Es mucha responsabilidad cuando un equipo alcanza estos niveles, es necesario sentir responsabilidad, nunca dejar de trabajar, nunca pensar que ya se logr\u00f3 algo, apenas vamos por la mitad del torneo, y nosotros tenemos muy claro que queremos otra estrella, queremos el bicampeonato y eso requiere actitudes de bicampeonas, si al inicio yo hablaba de actitudes de campeonas el torneo pasado, desde el inicio platicamos con todo el grupo, estas actitudes de bicampeonas nos comprometen m\u00e1s, y justamente lo que hoy logramos con este partido es darnos cuenta que todas, la que est\u00e9 dentro o fuera de la cancha cumple un rol y cuando se le ocupe lo tiene que desarrollar dentro de la cancha de la mejor manera, creo que vamos por buen camino, el chiste es no confiarnos&#8221;, finaliz\u00f3.<\/p>\n\n\n\n<p>\u00bfLograr\u00e1 Rayadas el Bicampeonato?<\/p>\n\n\n\n<p><\/p>\n\n\n\n<p><\/p>\n\n\n<p><script async src=\"https:\/\/pagead2.googlesyndication.com\/pagead\/js\/adsbygoogle.js\"><\/script><br \/>\n<!-- PC 728x90 --><br \/>\n<ins class=\"adsbygoogle\"\nstyle=\"display:inline-block;width:728px;height:90px\"\ndata-ad-client=\"ca-pub-9427576701762839\"\ndata-ad-slot=\"1011393878\"><\/ins><br \/>\n<script>\n(adsbygoogle = window.adsbygoogle || []).push({});\n<\/script><\/p>\n","protected":false},"excerpt":{"rendered":"<p>Por Jair L\u00f3pez | Twitter: @JairLpez01 Rayadas recibi\u00f3 este lunes a Quer\u00e9taro Femenil en la Jornada 1 del Grita M\u00e9xico C22, partido pendiente debido al brote de COVID que tuvieron las Campeonas al inicio del certamen. Con un categ\u00f3rico 3-0, el plantel Regio sum\u00f3 su s\u00e9ptima victoria consecutiva en el torneo, sumando 21 puntos de&#8230; <\/p>\n<div class=\"clear\"><\/div>\n<p><a href=\"https:\/\/latribunera.com\/apuntes\/index.php\/2022\/02\/22\/queremos-el-bicampeonato-eva-espejo\/\" class=\"excerpt-read-more\">Read More<i class=\"fa fa-caret-right icon-caret-right\"><\/i><\/a><\/p>\n","protected":false},"author":41,"featured_media":29755,"comment_status":"open","ping_status":"open","sticky":false,"template":"","format":"standard","meta":{"_jetpack_memberships_contains_paid_content":false,"footnotes":""},"categories":[231,277],"tags":[],"class_list":["post-29746","post","type-post","status-publish","format-standard","has-post-thumbnail","hentry","category-apuntes","category-zonarayada"],"jetpack_featured_media_url":"https:\/\/latribunera.com\/apuntes\/wp-content\/uploads\/2022\/02\/WhatsApp-Image-2022-02-22-at-12.21.54-AM.jpeg","jetpack-related-posts":[{"id":45392,"url":"https:\/\/latribunera.com\/apuntes\/index.php\/2026\/04\/09\/se-presento-la-13va-edicion-del-guerreton\/","url_meta":{"origin":29746,"position":0},"title":"Se presento la 13va edici\u00f3n del Guerret\u00f3n.","author":"Staff","date":"9 abril, 2026","format":false,"excerpt":"A lo largo de sus primeras 12 ediciones, Guerret\u00f3n ha logrado recolectar m\u00e1s de 121,500juguetes, peluches y balones, beneficiando a diversas asociaciones e instituciones de laregi\u00f3n lagunera, entre ellas CRIT Durango, los sistemas DIF de distintos municipios, as\u00edcomo organizaciones educativas y asistenciales. A la fecha, se han instalado cuatro ludotecas\u2026","rel":"","context":"In &quot;Ganar Sirviendo&quot;","block_context":{"text":"Ganar Sirviendo","link":"https:\/\/latribunera.com\/apuntes\/index.php\/category\/futbol\/futbol-mexicano\/ganar-sirviendo\/"},"img":{"alt_text":"","src":"https:\/\/i0.wp.com\/latribunera.com\/apuntes\/wp-content\/uploads\/2026\/04\/9Guerreton-2026-2.jpg.jpeg?resize=350%2C200&ssl=1","width":350,"height":200,"srcset":"https:\/\/i0.wp.com\/latribunera.com\/apuntes\/wp-content\/uploads\/2026\/04\/9Guerreton-2026-2.jpg.jpeg?resize=350%2C200&ssl=1 1x, https:\/\/i0.wp.com\/latribunera.com\/apuntes\/wp-content\/uploads\/2026\/04\/9Guerreton-2026-2.jpg.jpeg?resize=525%2C300&ssl=1 1.5x, https:\/\/i0.wp.com\/latribunera.com\/apuntes\/wp-content\/uploads\/2026\/04\/9Guerreton-2026-2.jpg.jpeg?resize=700%2C400&ssl=1 2x, https:\/\/i0.wp.com\/latribunera.com\/apuntes\/wp-content\/uploads\/2026\/04\/9Guerreton-2026-2.jpg.jpeg?resize=1050%2C600&ssl=1 3x, https:\/\/i0.wp.com\/latribunera.com\/apuntes\/wp-content\/uploads\/2026\/04\/9Guerreton-2026-2.jpg.jpeg?resize=1400%2C800&ssl=1 4x"},"classes":[]}],"jetpack_sharing_enabled":true,"_links":{"self":[{"href":"https:\/\/latribunera.com\/apuntes\/index.php\/wp-json\/wp\/v2\/posts\/29746","targetHints":{"allow":["GET"]}}],"collection":[{"href":"https:\/\/latribunera.com\/apuntes\/index.php\/wp-json\/wp\/v2\/posts"}],"about":[{"href":"https:\/\/latribunera.com\/apuntes\/index.php\/wp-json\/wp\/v2\/types\/post"}],"author":[{"embeddable":true,"href":"https:\/\/latribunera.com\/apuntes\/index.php\/wp-json\/wp\/v2\/users\/41"}],"replies":[{"embeddable":true,"href":"https:\/\/latribunera.com\/apuntes\/index.php\/wp-json\/wp\/v2\/comments?post=29746"}],"version-history":[{"count":5,"href":"https:\/\/latribunera.com\/apuntes\/index.php\/wp-json\/wp\/v2\/posts\/29746\/revisions"}],"predecessor-version":[{"id":29764,"href":"https:\/\/latribunera.com\/apuntes\/index.php\/wp-json\/wp\/v2\/posts\/29746\/revisions\/29764"}],"wp:featuredmedia":[{"embeddable":true,"href":"https:\/\/latribunera.com\/apuntes\/index.php\/wp-json\/wp\/v2\/media\/29755"}],"wp:attachment":[{"href":"https:\/\/latribunera.com\/apuntes\/index.php\/wp-json\/wp\/v2\/media?parent=29746"}],"wp:term":[{"taxonomy":"category","embeddable":true,"href":"https:\/\/latribunera.com\/apuntes\/index.php\/wp-json\/wp\/v2\/categories?post=29746"},{"taxonomy":"post_tag","embeddable":true,"href":"https:\/\/latribunera.com\/apuntes\/index.php\/wp-json\/wp\/v2\/tags?post=29746"}],"curies":[{"name":"wp","href":"https:\/\/api.w.org\/{rel}","templated":true}]}}