{"id":29747,"date":"2022-02-22T06:07:48","date_gmt":"2022-02-22T06:07:48","guid":{"rendered":"http:\/\/latribunera.com\/apuntes\/?p=29747"},"modified":"2022-02-22T06:07:49","modified_gmt":"2022-02-22T06:07:49","slug":"que-tan-viable-es-el-amistoso-tigres-vs-bayern","status":"publish","type":"post","link":"https:\/\/latribunera.com\/apuntes\/index.php\/2022\/02\/22\/que-tan-viable-es-el-amistoso-tigres-vs-bayern\/","title":{"rendered":"\u00bfQu\u00e9 tan viable es el amistoso Tigres vs. Bayern?"},"content":{"rendered":"\n<p><\/p>\n\n\n\n<p><\/p>\n\n\n<p><script async src=\"https:\/\/pagead2.googlesyndication.com\/pagead\/js\/adsbygoogle.js\"><\/script><br \/>\n<!-- PC 728x90 --><br \/>\n<ins class=\"adsbygoogle\"\nstyle=\"display:inline-block;width:728px;height:90px\"\ndata-ad-client=\"ca-pub-9427576701762839\"\ndata-ad-slot=\"1011393878\"><\/ins><br \/>\n<script>\n(adsbygoogle = window.adsbygoogle || []).push({});\n<\/script><\/p>\n\n\n\n<p><\/p>\n\n\n\n<p><\/p>\n\n\n\n<p>Por\nVenustiano Carranza<\/p>\n\n\n\n<p>La semana en el Mundo Tigre inici\u00f3 sabore\u00e1ndose una revancha contra el Bayern M\u00fanich, partido amistoso que se cocina y del cual  informaron varios medios de comunicaci\u00f3n.<\/p>\n\n\n\n<p>Y hab\u00eda que ir con los que saben: Mauricio Doehner y Miguel Herrera, directivo y t\u00e9cnico de los Felinos respectivamente, hablaron del juego que ser\u00eda en este verano.<\/p>\n\n\n\n<p>\u201cEs un\nsue\u00f1o que tenemos, se estudia la posibilidad, ser\u00eda algo muy padre despu\u00e9s de\nla final del Mundial de Clubes, nos merecemos una revancha. Est\u00e1 avanzada (el\narreglo), esperemos en Dios que se d\u00e9, nos merecemos una revancha&#8221;, expres\u00f3\nDoehner al final del evento\u201d, dijo Mauricio.<\/p>\n\n\n\n<p>Por su\nparte, el Piojo igual se dijo gustoso de enfrentar los alemanes, pero prefiere\nser mesurado hasta que exista todos los elementos para confirmar el partido\namistoso que se jugar\u00eda en el Estadio Universitario.<\/p>\n\n\n\n<p>\u201cNo s\u00e9 cu\u00e1ndo todav\u00eda, pero a bueno hay una posibilidad, para todos ser\u00eda un partido de ensue\u00f1o jugar un partido de esos. Ya se dio una vez en el Mundial de Clubes, ser\u00eda un bonito partido, pero hay que esperar a que se haga realidad primero\u201d, dijo Miguel.<\/p>\n\n\n\n<p><\/p>\n\n\n\n<p><\/p>\n\n\n<p><script async src=\"https:\/\/pagead2.googlesyndication.com\/pagead\/js\/adsbygoogle.js\"><\/script><br \/>\n<!-- PC 728x90 --><br \/>\n<ins class=\"adsbygoogle\"\nstyle=\"display:inline-block;width:728px;height:90px\"\ndata-ad-client=\"ca-pub-9427576701762839\"\ndata-ad-slot=\"1011393878\"><\/ins><br \/>\n<script>\n(adsbygoogle = window.adsbygoogle || []).push({});\n<\/script><\/p>\n\n\n\n<p><\/p>\n\n\n\n<p><\/p>\n\n\n\n<figure class=\"wp-block-embed-youtube wp-block-embed is-type-video is-provider-youtube wp-embed-aspect-16-9 wp-has-aspect-ratio\"><div class=\"wp-block-embed__wrapper\">\n<iframe loading=\"lazy\" title=\"Sayonara Miloc | Solo Tigres #17 | Entrevista\" width=\"960\" height=\"540\" src=\"https:\/\/www.youtube.com\/embed\/qPMR8Af91q4?feature=oembed\" frameborder=\"0\" allow=\"accelerometer; autoplay; clipboard-write; encrypted-media; gyroscope; picture-in-picture\" allowfullscreen><\/iframe>\n<\/div><\/figure>\n\n\n\n<p><\/p>\n\n\n\n<p><\/p>\n\n\n<p><script async src=\"https:\/\/pagead2.googlesyndication.com\/pagead\/js\/adsbygoogle.js\"><\/script><br \/>\n<!-- PC 728x90 --><br \/>\n<ins class=\"adsbygoogle\"\nstyle=\"display:inline-block;width:728px;height:90px\"\ndata-ad-client=\"ca-pub-9427576701762839\"\ndata-ad-slot=\"1011393878\"><\/ins><br \/>\n<script>\n(adsbygoogle = window.adsbygoogle || []).push({});\n<\/script><\/p>\n","protected":false},"excerpt":{"rendered":"<p>Por Venustiano Carranza La semana en el Mundo Tigre inici\u00f3 sabore\u00e1ndose una revancha contra el Bayern M\u00fanich, partido amistoso que se cocina y del cual informaron varios medios de comunicaci\u00f3n. Y hab\u00eda que ir con los que saben: Mauricio Doehner y Miguel Herrera, directivo y t\u00e9cnico de los Felinos respectivamente, hablaron del juego que ser\u00eda&#8230; <\/p>\n<div class=\"clear\"><\/div>\n<p><a href=\"https:\/\/latribunera.com\/apuntes\/index.php\/2022\/02\/22\/que-tan-viable-es-el-amistoso-tigres-vs-bayern\/\" class=\"excerpt-read-more\">Read More<i class=\"fa fa-caret-right icon-caret-right\"><\/i><\/a><\/p>\n","protected":false},"author":7,"featured_media":29748,"comment_status":"open","ping_status":"open","sticky":false,"template":"","format":"standard","meta":{"_jetpack_memberships_contains_paid_content":false,"footnotes":""},"categories":[231,278],"tags":[204,102],"class_list":["post-29747","post","type-post","status-publish","format-standard","has-post-thumbnail","hentry","category-apuntes","category-solotigres","tag-bayern-munich","tag-tigres"],"jetpack_featured_media_url":"https:\/\/latribunera.com\/apuntes\/wp-content\/uploads\/2022\/02\/Dise\u00f1o-sin-t\u00edtulo-1-23.jpg","jetpack-related-posts":[],"jetpack_sharing_enabled":true,"_links":{"self":[{"href":"https:\/\/latribunera.com\/apuntes\/index.php\/wp-json\/wp\/v2\/posts\/29747","targetHints":{"allow":["GET"]}}],"collection":[{"href":"https:\/\/latribunera.com\/apuntes\/index.php\/wp-json\/wp\/v2\/posts"}],"about":[{"href":"https:\/\/latribunera.com\/apuntes\/index.php\/wp-json\/wp\/v2\/types\/post"}],"author":[{"embeddable":true,"href":"https:\/\/latribunera.com\/apuntes\/index.php\/wp-json\/wp\/v2\/users\/7"}],"replies":[{"embeddable":true,"href":"https:\/\/latribunera.com\/apuntes\/index.php\/wp-json\/wp\/v2\/comments?post=29747"}],"version-history":[{"count":2,"href":"https:\/\/latribunera.com\/apuntes\/index.php\/wp-json\/wp\/v2\/posts\/29747\/revisions"}],"predecessor-version":[{"id":29750,"href":"https:\/\/latribunera.com\/apuntes\/index.php\/wp-json\/wp\/v2\/posts\/29747\/revisions\/29750"}],"wp:featuredmedia":[{"embeddable":true,"href":"https:\/\/latribunera.com\/apuntes\/index.php\/wp-json\/wp\/v2\/media\/29748"}],"wp:attachment":[{"href":"https:\/\/latribunera.com\/apuntes\/index.php\/wp-json\/wp\/v2\/media?parent=29747"}],"wp:term":[{"taxonomy":"category","embeddable":true,"href":"https:\/\/latribunera.com\/apuntes\/index.php\/wp-json\/wp\/v2\/categories?post=29747"},{"taxonomy":"post_tag","embeddable":true,"href":"https:\/\/latribunera.com\/apuntes\/index.php\/wp-json\/wp\/v2\/tags?post=29747"}],"curies":[{"name":"wp","href":"https:\/\/api.w.org\/{rel}","templated":true}]}}